{"id":9942,"date":"2022-02-12T21:32:05","date_gmt":"2022-02-12T20:32:05","guid":{"rendered":"https:\/\/www.huelvaysusfotografos.com\/?p=9942"},"modified":"2022-02-12T21:32:07","modified_gmt":"2022-02-12T20:32:07","slug":"un-paseo-por-nuestra-historia-en-la-isla-saltes","status":"publish","type":"post","link":"https:\/\/www.huelvaysusfotografos.com\/?p=9942","title":{"rendered":"Un paseo por nuestra historia en la Isla Salt\u00e9s."},"content":{"rendered":"\n<p>Nuestros pasos nos trasladaron en el tiempo, para adentrarnos en la historia de Salt\u00e9s y la ciudad isl\u00e1mica que all\u00ed se asent\u00f3, Shaltish.<\/p>\n\n\n\n<p>Un nutrido grupo de socios y compa\u00f1eros de otra asociaci\u00f3n (Afolus), recorr\u00edamos este paraje natural reserva de la Biosfera, de la mano de Jessica de la empresa Plataela, quien nos sumerg\u00eda en el pasado, donde nos mostraba la importancia y relevancia del lugar donde nos encontr\u00e1bamos,\u2026 guerras navales, piratas y prisi\u00f3n al aire libre, fueron algunos de los sustanciosos relatos con los que nos mantuvo atentos a cada explicaci\u00f3n.<\/p>\n\n\n\n<p>Situada en una isla que se localiza en la con\ufb02uencia de las desembocaduras de los r\u00edos Tinto y Odiel, entre La R\u00e1bida y Punta Umbr\u00eda, en pleno coraz\u00f3n del Paraje Natural Marismas del Odiel, Salt\u00e9s (Sales) fue una de las ciudades m\u00e1s importantes del territorio onubense durante el per\u00edodo andalus\u00ed, alcanzando su apogeo durante la etapa almohade (siglos XII-&nbsp;XIII), tal&nbsp;y como evidencian, sobre todo,&nbsp;los testimonios arqueol\u00f3gicos.<\/p>\n\n\n\n<p>Gracias, sobre todo, los diversos proyectos y campa\u00f1as de investigaci\u00f3n arqueol\u00f3gica, Salt\u00e9s constituye el asentamiento isl\u00e1mico m\u00e1s estudiado y mejor conocido del territorio de Huelva, junto a la ciudad de Niebla que, bajo la denominaci\u00f3n de Labla, fue capital de la de-marcaci\u00f3n administrativa de rango superior (cora) de dicho nombre, a la cual perteneci\u00f3 la Ciudad de Salt\u00e9s.&nbsp;El tr\u00edo de las principales ciudades isl\u00e1micas onubenses lo completa la propia Onba\/Wilba (Huelva), de tal modo que el poblamiento urbano permanezca reducido a una zona muy espec\u00ed\ufb01ca del territorio, siendo predominantemente predominantes los espacios rurales.<\/p>\n\n\n\n<p>Salt\u00e9s posee una peculiaridad que la singulariza en el marco del contexto hist\u00f3rico onubense.&nbsp;En efecto, se trata de la \u00fanica ciudad exclusivamente isl\u00e1mica, en el sentido de que su existencia como tal n\u00facleo urbano se circunscribe, por completo, al per\u00edodo andalus\u00ed.&nbsp;Por lo que se refiere a sus or\u00edgenes, a pesar de las evidencias que acreditan cierta actividad econ\u00f3mica durante la \u00e9poca romana, la presencia de un verdadero poblamiento urbano en la isla no puede datarse con anterioridad al per\u00edodo musulm\u00e1n.<\/p>\n\n\n\n<p>El asentamiento de la isla debe haber alcanzado una entidad su\ufb01ciente para que en el a\u00f1o 403 h\/1012-13, es el marco del comienzo dela crisis pol\u00edtica del califato de c\u00f3rdoba, &#8216;\u00a0abdal- &#8216;Az\u00eez\u00a0al-Bakr\u00ee fue proclamado se\u00f1or de Huelva y Salt\u00e9s, manteni\u00e9ndose en el poder durante cuarenta a\u00f1os (Ma\u00edllo Salgado 1991: 37-38).<\/p>\n\n\n\n<figure class=\"wp-block-image size-full\"><a href=\"https:\/\/www.huelvaysusfotografos.com\/wp-content\/uploads\/2022\/02\/Islas-Saltes-foto-grupo-web-1.jpg\"><img loading=\"lazy\" decoding=\"async\" width=\"900\" height=\"506\" src=\"https:\/\/www.huelvaysusfotografos.com\/wp-content\/uploads\/2022\/02\/Islas-Saltes-foto-grupo-web-1.jpg\" alt=\"\" class=\"wp-image-9944\" srcset=\"https:\/\/www.huelvaysusfotografos.com\/wp-content\/uploads\/2022\/02\/Islas-Saltes-foto-grupo-web-1.jpg 900w, https:\/\/www.huelvaysusfotografos.com\/wp-content\/uploads\/2022\/02\/Islas-Saltes-foto-grupo-web-1-300x169.jpg 300w, https:\/\/www.huelvaysusfotografos.com\/wp-content\/uploads\/2022\/02\/Islas-Saltes-foto-grupo-web-1-768x432.jpg 768w, https:\/\/www.huelvaysusfotografos.com\/wp-content\/uploads\/2022\/02\/Islas-Saltes-foto-grupo-web-1-620x350.jpg 620w\" sizes=\"auto, (max-width: 900px) 100vw, 900px\" \/><\/a><\/figure>\n","protected":false},"excerpt":{"rendered":"<p>Nuestros pasos nos trasladaron en el tiempo, para adentrarnos en la historia de Salt\u00e9s y la ciudad isl\u00e1mica que all\u00ed se asent\u00f3, Shaltish. Un nutrido grupo de socios y compa\u00f1eros de otra asociaci\u00f3n (Afolus), recorr\u00edamos este paraje natural reserva de la Biosfera, de la mano de Jessica de la empresa Plataela, quien nos sumerg\u00eda en el pasado, donde nos mostraba la importancia y relevancia del lugar donde nos encontr\u00e1bamos,\u2026 guerras<\/p>\n<div class=\"belowpost\"><a class=\"btnmore\" href=\"https:\/\/www.huelvaysusfotografos.com\/?p=9942\">Seguir leyendo<\/a><\/div>\n","protected":false},"author":8279,"featured_media":9943,"comment_status":"open","ping_status":"open","sticky":false,"template":"","format":"standard","meta":{"footnotes":"","_links_to":"","_links_to_target":""},"categories":[4,6],"tags":[],"class_list":["post-9942","post","type-post","status-publish","format-standard","has-post-thumbnail","hentry","category-actividades","category-quedadas"],"_links":{"self":[{"href":"https:\/\/www.huelvaysusfotografos.com\/index.php?rest_route=\/wp\/v2\/posts\/9942","targetHints":{"allow":["GET"]}}],"collection":[{"href":"https:\/\/www.huelvaysusfotografos.com\/index.php?rest_route=\/wp\/v2\/posts"}],"about":[{"href":"https:\/\/www.huelvaysusfotografos.com\/index.php?rest_route=\/wp\/v2\/types\/post"}],"author":[{"embeddable":true,"href":"https:\/\/www.huelvaysusfotografos.com\/index.php?rest_route=\/wp\/v2\/users\/8279"}],"replies":[{"embeddable":true,"href":"https:\/\/www.huelvaysusfotografos.com\/index.php?rest_route=%2Fwp%2Fv2%2Fcomments&post=9942"}],"version-history":[{"count":1,"href":"https:\/\/www.huelvaysusfotografos.com\/index.php?rest_route=\/wp\/v2\/posts\/9942\/revisions"}],"predecessor-version":[{"id":9945,"href":"https:\/\/www.huelvaysusfotografos.com\/index.php?rest_route=\/wp\/v2\/posts\/9942\/revisions\/9945"}],"wp:featuredmedia":[{"embeddable":true,"href":"https:\/\/www.huelvaysusfotografos.com\/index.php?rest_route=\/wp\/v2\/media\/9943"}],"wp:attachment":[{"href":"https:\/\/www.huelvaysusfotografos.com\/index.php?rest_route=%2Fwp%2Fv2%2Fmedia&parent=9942"}],"wp:term":[{"taxonomy":"category","embeddable":true,"href":"https:\/\/www.huelvaysusfotografos.com\/index.php?rest_route=%2Fwp%2Fv2%2Fcategories&post=9942"},{"taxonomy":"post_tag","embeddable":true,"href":"https:\/\/www.huelvaysusfotografos.com\/index.php?rest_route=%2Fwp%2Fv2%2Ftags&post=9942"}],"curies":[{"name":"wp","href":"https:\/\/api.w.org\/{rel}","templated":true}]}}