{"id":9906,"date":"2022-01-31T16:28:17","date_gmt":"2022-01-31T15:28:17","guid":{"rendered":"https:\/\/www.huelvaysusfotografos.com\/?p=9906"},"modified":"2022-02-02T21:54:32","modified_gmt":"2022-02-02T20:54:32","slug":"la-exposicion-el-agua-y-el-puerto-se-desplaza-a-la-provincia","status":"publish","type":"post","link":"https:\/\/www.huelvaysusfotografos.com\/?p=9906","title":{"rendered":"La exposici\u00f3n, ^El Agua y El Puerto^ se desplaza a la provincia."},"content":{"rendered":"\n<p>Nuestra exposici\u00f3n El Agua y El Puerto, inicia su ruta itinerante por la provincia de Huelva.<\/p>\n\n\n\n<p>La ciudad fronteriza de Ayamonte ser\u00e1 nuestra primera parada por la provincia de la exposici\u00f3n colectiva de la Asociaci\u00f3n Huelva y sus Fot\u00f3grafos.<\/p>\n\n\n\n<p>La inauguraci\u00f3n tendr\u00e1 lugar el pr\u00f3ximo 16 de febrero a las 19.30 horas, contando con la presencia de miembros de la corporaci\u00f3n municipal, autores de las fotos expuestas, invitados y &nbsp;medios de comunicaci\u00f3n.<\/p>\n\n\n\n<p>La exposici\u00f3n se mostrar\u00e1 en la <strong>\u00abSala de las Tinajas\u00bb del Centro Cultural Casa Grande de Ayamonte.<\/strong><\/p>\n\n\n\n<p>El horario de visitas ser\u00e1 de lunes a viernes de 09.00 a 14.00 y de 17.00 a 20.30 horas.<\/p>\n\n\n\n<p><strong><u>Acto<\/u><\/strong>.- Inauguraci\u00f3n Exposici\u00f3n Colectiva \u201cEl Agua y El Puerto\u201d.<\/p>\n\n\n\n<p><strong><u>Lugar.<\/u><\/strong>&#8211; \u00abSala de las Tinajas\u00bb del Centro Cultural Casa Grande de Ayamonte.<\/p>\n\n\n\n<p><strong><u>Fecha<\/u><\/strong>.- mi\u00e9rcoles 16 de febrero de 2022.<\/p>\n\n\n\n<p><strong><u>Hora<\/u><\/strong>.- 19.30 horas.<\/p>\n\n\n\n<div class=\"wp-block-image\"><figure class=\"aligncenter size-large\"><a href=\"https:\/\/www.huelvaysusfotografos.com\/wp-content\/uploads\/2022\/01\/CARTEL-AYAMONTE-DE-EXPO-EL-AGUA-Y-EL-PUERTO.jpg\"><img loading=\"lazy\" decoding=\"async\" width=\"685\" height=\"1024\" src=\"https:\/\/www.huelvaysusfotografos.com\/wp-content\/uploads\/2022\/01\/CARTEL-AYAMONTE-DE-EXPO-EL-AGUA-Y-EL-PUERTO-685x1024.jpg\" alt=\"\" class=\"wp-image-9932\" srcset=\"https:\/\/www.huelvaysusfotografos.com\/wp-content\/uploads\/2022\/01\/CARTEL-AYAMONTE-DE-EXPO-EL-AGUA-Y-EL-PUERTO-685x1024.jpg 685w, https:\/\/www.huelvaysusfotografos.com\/wp-content\/uploads\/2022\/01\/CARTEL-AYAMONTE-DE-EXPO-EL-AGUA-Y-EL-PUERTO-201x300.jpg 201w, https:\/\/www.huelvaysusfotografos.com\/wp-content\/uploads\/2022\/01\/CARTEL-AYAMONTE-DE-EXPO-EL-AGUA-Y-EL-PUERTO-768x1148.jpg 768w, https:\/\/www.huelvaysusfotografos.com\/wp-content\/uploads\/2022\/01\/CARTEL-AYAMONTE-DE-EXPO-EL-AGUA-Y-EL-PUERTO-1027x1536.jpg 1027w, https:\/\/www.huelvaysusfotografos.com\/wp-content\/uploads\/2022\/01\/CARTEL-AYAMONTE-DE-EXPO-EL-AGUA-Y-EL-PUERTO.jpg 1070w\" sizes=\"auto, (max-width: 685px) 100vw, 685px\" \/><\/a><\/figure><\/div>\n","protected":false},"excerpt":{"rendered":"<p>Nuestra exposici\u00f3n El Agua y El Puerto, inicia su ruta itinerante por la provincia de Huelva. La ciudad fronteriza de Ayamonte ser\u00e1 nuestra primera parada por la provincia de la exposici\u00f3n colectiva de la Asociaci\u00f3n Huelva y sus Fot\u00f3grafos. La inauguraci\u00f3n tendr\u00e1 lugar el pr\u00f3ximo 16 de febrero a las 19.30 horas, contando con la presencia de miembros de la corporaci\u00f3n municipal, autores de las fotos expuestas, invitados y &nbsp;medios<\/p>\n<div class=\"belowpost\"><a class=\"btnmore\" href=\"https:\/\/www.huelvaysusfotografos.com\/?p=9906\">Seguir leyendo<\/a><\/div>\n","protected":false},"author":8279,"featured_media":9932,"comment_status":"open","ping_status":"open","sticky":false,"template":"","format":"standard","meta":{"footnotes":"","_links_to":"","_links_to_target":""},"categories":[23],"tags":[],"class_list":["post-9906","post","type-post","status-publish","format-standard","has-post-thumbnail","hentry","category-exposiciones"],"_links":{"self":[{"href":"https:\/\/www.huelvaysusfotografos.com\/index.php?rest_route=\/wp\/v2\/posts\/9906","targetHints":{"allow":["GET"]}}],"collection":[{"href":"https:\/\/www.huelvaysusfotografos.com\/index.php?rest_route=\/wp\/v2\/posts"}],"about":[{"href":"https:\/\/www.huelvaysusfotografos.com\/index.php?rest_route=\/wp\/v2\/types\/post"}],"author":[{"embeddable":true,"href":"https:\/\/www.huelvaysusfotografos.com\/index.php?rest_route=\/wp\/v2\/users\/8279"}],"replies":[{"embeddable":true,"href":"https:\/\/www.huelvaysusfotografos.com\/index.php?rest_route=%2Fwp%2Fv2%2Fcomments&post=9906"}],"version-history":[{"count":4,"href":"https:\/\/www.huelvaysusfotografos.com\/index.php?rest_route=\/wp\/v2\/posts\/9906\/revisions"}],"predecessor-version":[{"id":9933,"href":"https:\/\/www.huelvaysusfotografos.com\/index.php?rest_route=\/wp\/v2\/posts\/9906\/revisions\/9933"}],"wp:featuredmedia":[{"embeddable":true,"href":"https:\/\/www.huelvaysusfotografos.com\/index.php?rest_route=\/wp\/v2\/media\/9932"}],"wp:attachment":[{"href":"https:\/\/www.huelvaysusfotografos.com\/index.php?rest_route=%2Fwp%2Fv2%2Fmedia&parent=9906"}],"wp:term":[{"taxonomy":"category","embeddable":true,"href":"https:\/\/www.huelvaysusfotografos.com\/index.php?rest_route=%2Fwp%2Fv2%2Fcategories&post=9906"},{"taxonomy":"post_tag","embeddable":true,"href":"https:\/\/www.huelvaysusfotografos.com\/index.php?rest_route=%2Fwp%2Fv2%2Ftags&post=9906"}],"curies":[{"name":"wp","href":"https:\/\/api.w.org\/{rel}","templated":true}]}}