{"id":9895,"date":"2022-01-21T16:07:47","date_gmt":"2022-01-21T15:07:47","guid":{"rendered":"https:\/\/www.huelvaysusfotografos.com\/?p=9895"},"modified":"2022-01-21T22:18:58","modified_gmt":"2022-01-21T21:18:58","slug":"visita-guiada-a-isla-de-saltes-y-la-ciudad-islamica-de-shaltish","status":"publish","type":"post","link":"https:\/\/www.huelvaysusfotografos.com\/?p=9895","title":{"rendered":"Visita guiada a Isla de Salt\u00e9s y la ciudad isl\u00e1mica de Shaltish."},"content":{"rendered":"\n<p>Nuestra primera salida para este 2022 pasa por una visita guiada por Platalea, en el paraje natural de Marismas del Odiel, donde visitaremos la Isla de Salt\u00e9s y al yacimiento arqueol\u00f3gico de la ciudad isl\u00e1mica de Shaltish.<\/p>\n\n\n\n<p>Al tratarse de un lugar restringido necesitamos autorizaci\u00f3n para poder acceder a \u00e9l, por eso nos acompa\u00f1a Platalea y nos har\u00e1 un recorrido guiado por esos parajes donde nos ilustrar\u00e1 de lo que all\u00ed se encuentra.<\/p>\n\n\n\n<p>En este recorrido por el Paraje Natural Marismas del Odiel conviven el patrimonio natural de un espacio Reserva de la Biosfera y el patrimonio hist\u00f3rico con la visita a un yacimiento arqueol\u00f3gico fechado entre los siglos X &#8211; XI d.C.<\/p>\n\n\n\n<p>Recomendamos llevar agua, calzado para senderismo y ropa de abrigo.<\/p>\n\n\n\n<p><strong>D\u00eda.<\/strong>&#8211; s\u00e1bado 12 de Febrero de 2022<\/p>\n\n\n\n<p><strong>Hora<\/strong>.- de 10.00 a 13.00 horas aprox.<\/p>\n\n\n\n<p><strong>Lugar encuentro<\/strong>.- Centro de Visitantes Anastasio Senra, El centro de visitantes Anastasio Senra se encuentra en una zona del Paraje Natural Marismas del Odiel conocida como Calatilla.<\/p>\n\n\n\n<p><strong>Plazas disponibles<\/strong>.- 30 personas<\/p>\n\n\n\n<p><strong>Precio por persona<\/strong>.- 10 euros, que deber\u00e1n ingresar en la cuanta de la asociaci\u00f3n <strong>ES65 3187 0001 72 3122766417<\/strong> una vez apuntados. Deben indicarlo por mail a la Asociaci\u00f3n para llevar un control de los asistentes, al ser plazas limitadas.<\/p>\n\n\n\n<figure class=\"wp-block-image size-full\"><a href=\"https:\/\/www.huelvaysusfotografos.com\/wp-content\/uploads\/2022\/01\/CARTEL-CIUDAD-ISLAMICA-DE-SHALTISH-2.jpg\"><img loading=\"lazy\" decoding=\"async\" width=\"1000\" height=\"747\" src=\"https:\/\/www.huelvaysusfotografos.com\/wp-content\/uploads\/2022\/01\/CARTEL-CIUDAD-ISLAMICA-DE-SHALTISH-2.jpg\" alt=\"\" class=\"wp-image-9899\" srcset=\"https:\/\/www.huelvaysusfotografos.com\/wp-content\/uploads\/2022\/01\/CARTEL-CIUDAD-ISLAMICA-DE-SHALTISH-2.jpg 1000w, https:\/\/www.huelvaysusfotografos.com\/wp-content\/uploads\/2022\/01\/CARTEL-CIUDAD-ISLAMICA-DE-SHALTISH-2-300x224.jpg 300w, https:\/\/www.huelvaysusfotografos.com\/wp-content\/uploads\/2022\/01\/CARTEL-CIUDAD-ISLAMICA-DE-SHALTISH-2-768x574.jpg 768w, https:\/\/www.huelvaysusfotografos.com\/wp-content\/uploads\/2022\/01\/CARTEL-CIUDAD-ISLAMICA-DE-SHALTISH-2-160x120.jpg 160w\" sizes=\"auto, (max-width: 1000px) 100vw, 1000px\" \/><\/a><\/figure>\n","protected":false},"excerpt":{"rendered":"<p>Nuestra primera salida para este 2022 pasa por una visita guiada por Platalea, en el paraje natural de Marismas del Odiel, donde visitaremos la Isla de Salt\u00e9s y al yacimiento arqueol\u00f3gico de la ciudad isl\u00e1mica de Shaltish. Al tratarse de un lugar restringido necesitamos autorizaci\u00f3n para poder acceder a \u00e9l, por eso nos acompa\u00f1a Platalea y nos har\u00e1 un recorrido guiado por esos parajes donde nos ilustrar\u00e1 de lo que<\/p>\n<div class=\"belowpost\"><a class=\"btnmore\" href=\"https:\/\/www.huelvaysusfotografos.com\/?p=9895\">Seguir leyendo<\/a><\/div>\n","protected":false},"author":8279,"featured_media":9901,"comment_status":"open","ping_status":"open","sticky":false,"template":"","format":"standard","meta":{"footnotes":"","_links_to":"","_links_to_target":""},"categories":[4,6],"tags":[],"class_list":["post-9895","post","type-post","status-publish","format-standard","has-post-thumbnail","hentry","category-actividades","category-quedadas"],"_links":{"self":[{"href":"https:\/\/www.huelvaysusfotografos.com\/index.php?rest_route=\/wp\/v2\/posts\/9895","targetHints":{"allow":["GET"]}}],"collection":[{"href":"https:\/\/www.huelvaysusfotografos.com\/index.php?rest_route=\/wp\/v2\/posts"}],"about":[{"href":"https:\/\/www.huelvaysusfotografos.com\/index.php?rest_route=\/wp\/v2\/types\/post"}],"author":[{"embeddable":true,"href":"https:\/\/www.huelvaysusfotografos.com\/index.php?rest_route=\/wp\/v2\/users\/8279"}],"replies":[{"embeddable":true,"href":"https:\/\/www.huelvaysusfotografos.com\/index.php?rest_route=%2Fwp%2Fv2%2Fcomments&post=9895"}],"version-history":[{"count":2,"href":"https:\/\/www.huelvaysusfotografos.com\/index.php?rest_route=\/wp\/v2\/posts\/9895\/revisions"}],"predecessor-version":[{"id":9902,"href":"https:\/\/www.huelvaysusfotografos.com\/index.php?rest_route=\/wp\/v2\/posts\/9895\/revisions\/9902"}],"wp:featuredmedia":[{"embeddable":true,"href":"https:\/\/www.huelvaysusfotografos.com\/index.php?rest_route=\/wp\/v2\/media\/9901"}],"wp:attachment":[{"href":"https:\/\/www.huelvaysusfotografos.com\/index.php?rest_route=%2Fwp%2Fv2%2Fmedia&parent=9895"}],"wp:term":[{"taxonomy":"category","embeddable":true,"href":"https:\/\/www.huelvaysusfotografos.com\/index.php?rest_route=%2Fwp%2Fv2%2Fcategories&post=9895"},{"taxonomy":"post_tag","embeddable":true,"href":"https:\/\/www.huelvaysusfotografos.com\/index.php?rest_route=%2Fwp%2Fv2%2Ftags&post=9895"}],"curies":[{"name":"wp","href":"https:\/\/api.w.org\/{rel}","templated":true}]}}