{"id":9771,"date":"2022-01-11T23:14:39","date_gmt":"2022-01-11T22:14:39","guid":{"rendered":"https:\/\/www.huelvaysusfotografos.com\/?p=9771"},"modified":"2022-01-12T13:32:18","modified_gmt":"2022-01-12T12:32:18","slug":"los-medios-se-hacen-eco-de-la-exposicion-el-agua-y-el-puerto","status":"publish","type":"post","link":"https:\/\/www.huelvaysusfotografos.com\/?p=9771","title":{"rendered":"Los medios se hacen eco de la exposici\u00f3n \u00abEl Agua y El Puerto\u00bb."},"content":{"rendered":"\n<p>Un nutrido grupo de medios de comunicaci\u00f3n acud\u00edan en la ma\u00f1ana de hoy martes 11 de enero convocados para la inauguraci\u00f3n de la exposici\u00f3n colectiva de la Asociaci\u00f3n Huelva y sus Fot\u00f3grafos.<\/p>\n\n\n\n<p>Prensa escrita y televisi\u00f3n acud\u00edan al centro de recepci\u00f3n y documentaci\u00f3n del Puerto de Huelva para conocer de primera mano esta exposici\u00f3n que se podr\u00e1 visitar desde el 11 de enero al 11 de febrero en horario de ma\u00f1ana de 10.00 a 14.00 horas y de tarde de 17.00 a 20.00 horas.<\/p>\n\n\n\n<p>Estos son algunos de los enlaces donde hemos salido.<\/p>\n\n\n\n<p><a href=\"https:\/\/www.europapress.es\/andalucia\/puertos-del-estado-01056\/noticia-muestra-agua-puerto-exhibe-40-imagenes-relacionadas-ria-entorno-portuario-huelva-20220111152852.html\">https:\/\/www.europapress.es\/andalucia\/puertos-del-estado-01056\/noticia-muestra-agua-puerto-exhibe-40-imagenes-relacionadas-ria-entorno-portuario-huelva-20220111152852.html<\/a><\/p>\n\n\n\n<p><a href=\"https:\/\/www.msn.com\/es-es\/noticias\/espana\/puertos-la-muestra-el-agua-y-el-puerto-exhibe-40-im%C3%A1genes-relacionadas-con-la-r%C3%ADa-y-el-entorno-portuario\/ar-AASF9gU\">https:\/\/www.msn.com\/es-es\/noticias\/espana\/puertos-la-muestra-el-agua-y-el-puerto-exhibe-40-im%C3%A1genes-relacionadas-con-la-r%C3%ADa-y-el-entorno-portuario\/ar-AASF9gU<\/a><\/p>\n\n\n\n<figure class=\"wp-block-embed is-type-wp-embed is-provider-diario-de-huelva wp-block-embed-diario-de-huelva\"><div class=\"wp-block-embed__wrapper\">\nhttps:\/\/www.diariodehuelva.es\/2022\/01\/11\/puerto-asociacion-huelva\/\n<\/div><\/figure>\n\n\n\n<figure class=\"wp-block-embed is-type-wp-embed is-provider-canalcosta-television wp-block-embed-canalcosta-television\"><div class=\"wp-block-embed__wrapper\">\nhttps:\/\/www.canalcostatv.es\/el-centro-de-recepcion-del-puerto-de-huelva-acoge-la-muestra-el-agua-y-el-puerto\/\n<\/div><\/figure>\n\n\n\n<figure class=\"wp-block-embed is-type-wp-embed is-provider-suncruise-andalucia wp-block-embed-suncruise-andalucia\"><div class=\"wp-block-embed__wrapper\">\n<blockquote class=\"wp-embedded-content\" data-secret=\"CX8NqHIm3K\"><a href=\"https:\/\/suncruiseandalucia.eu\/el-puerto-de-huelva-acoge-la-muestra-fotografica-el-agua-y-el-puerto-de-la-asociacion-huelva-y-sus-fotografos\/\">El Puerto de Huelva acoge la muestra fotogr\u00e1fica El agua y el Puerto de la Asociaci\u00f3n Huelva y sus Fot\u00f3grafos<\/a><\/blockquote><iframe loading=\"lazy\" class=\"wp-embedded-content\" sandbox=\"allow-scripts\" security=\"restricted\" style=\"position: absolute; visibility: hidden;\" title=\"\u00abEl Puerto de Huelva acoge la muestra fotogr\u00e1fica El agua y el Puerto de la Asociaci\u00f3n Huelva y sus Fot\u00f3grafos\u00bb \u2014 Suncruise Andaluc\u00eda\" src=\"https:\/\/suncruiseandalucia.eu\/el-puerto-de-huelva-acoge-la-muestra-fotografica-el-agua-y-el-puerto-de-la-asociacion-huelva-y-sus-fotografos\/embed\/#?secret=1VfvvogEpu#?secret=CX8NqHIm3K\" data-secret=\"CX8NqHIm3K\" width=\"600\" height=\"338\" frameborder=\"0\" marginwidth=\"0\" marginheight=\"0\" scrolling=\"no\"><\/iframe>\n<\/div><\/figure>\n\n\n\n<p><a href=\"https:\/\/www.huelvainformacion.es\/huelva\/Inauguracion-exposicion-Agua-Puerto-imagenes_3_1646565332.html\">https:\/\/www.huelvainformacion.es\/huelva\/Inauguracion-exposicion-Agua-Puerto-imagenes_3_1646565332.html<\/a><\/p>\n\n\n\n<figure class=\"wp-block-embed is-type-wp-embed is-provider-teleonuba wp-block-embed-teleonuba\"><div class=\"wp-block-embed__wrapper\">\nhttps:\/\/teleonuba.es\/el-centro-de-recepcion-acoge-la-muestra-el-agua-y-el-puerto\/\n<\/div><\/figure>\n\n\n\n<figure class=\"wp-block-embed is-type-wp-embed is-provider-huelva-ya-noticias-periodico-digital-de-la-provincia-de-huelva wp-block-embed-huelva-ya-noticias-periodico-digital-de-la-provincia-de-huelva\"><div class=\"wp-block-embed__wrapper\">\n<blockquote class=\"wp-embedded-content\" data-secret=\"DksWZbzSN1\"><a href=\"https:\/\/huelvaya.es\/2022\/01\/11\/el-puerto-acoge-una-exposicion-de-la-asociacion-huelva-y-sus-fotografos\/\">El Puerto acoge una exposici\u00f3n de la Asociaci\u00f3n Huelva y sus Fot\u00f3grafos<\/a><\/blockquote><iframe loading=\"lazy\" class=\"wp-embedded-content\" sandbox=\"allow-scripts\" security=\"restricted\" style=\"position: absolute; visibility: hidden;\" title=\"\u00abEl Puerto acoge una exposici\u00f3n de la Asociaci\u00f3n Huelva y sus Fot\u00f3grafos\u00bb \u2014 HuelvaYA\" src=\"https:\/\/huelvaya.es\/2022\/01\/11\/el-puerto-acoge-una-exposicion-de-la-asociacion-huelva-y-sus-fotografos\/embed\/#?secret=hTT3DDzPdr#?secret=DksWZbzSN1\" data-secret=\"DksWZbzSN1\" width=\"600\" height=\"338\" frameborder=\"0\" marginwidth=\"0\" marginheight=\"0\" scrolling=\"no\"><\/iframe>\n<\/div><\/figure>\n\n\n\n<figure class=\"wp-block-embed is-type-wp-embed is-provider-tinto-noticias wp-block-embed-tinto-noticias\"><div class=\"wp-block-embed__wrapper\">\n<blockquote class=\"wp-embedded-content\" data-secret=\"PclwRLUX1M\"><a href=\"https:\/\/tintonoticias.com\/la-ria-y-el-puerto-de-huelva-se-hacen-arte\/\">La r\u00eda y el Puerto de Huelva se hacen arte<\/a><\/blockquote><iframe loading=\"lazy\" class=\"wp-embedded-content\" sandbox=\"allow-scripts\" security=\"restricted\" style=\"position: absolute; visibility: hidden;\" title=\"\u00abLa r\u00eda y el Puerto de Huelva se hacen arte\u00bb \u2014 TINTO NOTICIAS\" src=\"https:\/\/tintonoticias.com\/la-ria-y-el-puerto-de-huelva-se-hacen-arte\/embed\/#?secret=bCmpTGsOuH#?secret=PclwRLUX1M\" data-secret=\"PclwRLUX1M\" width=\"600\" height=\"338\" frameborder=\"0\" marginwidth=\"0\" marginheight=\"0\" scrolling=\"no\"><\/iframe>\n<\/div><\/figure>\n\n\n\n<p><a href=\"https:\/\/www.elestrechodigital.com\/tag\/huelva-y-sus-fotografos\/\">https:\/\/www.elestrechodigital.com\/tag\/huelva-y-sus-fotografos\/<\/a><\/p>\n\n\n\n<figure class=\"wp-block-embed is-type-wp-embed is-provider-huelva-red wp-block-embed-huelva-red\"><div class=\"wp-block-embed__wrapper\">\nhttps:\/\/huelvared.com\/2022\/01\/11\/la-muestra-el-agua-y-el-puerto-exhibe-40-imagenes-relacionadas-con-la-ria-y-el-entorno-portuario\/\n<\/div><\/figure>\n\n\n\n<p><a rel=\"noreferrer noopener\" href=\"http:\/\/www.gentedigital.es\/huelva\/noticia\/3297868\/puertos--la-muestra-el-agua-y-el-puerto-exhibe-40-imagenes-relacionadas-con-la-ria-y-el-entorno-portuario\/\" data-type=\"URL\" data-id=\"http:\/\/www.gentedigital.es\/huelva\/noticia\/3297868\/puertos--la-muestra-el-agua-y-el-puerto-exhibe-40-imagenes-relacionadas-con-la-ria-y-el-entorno-portuario\/\" target=\"_blank\">http:\/\/www.gentedigital.es\/huelva\/noticia\/3297868\/puertos&#8211;la-muestra-el-agua-y-el-puerto-exhibe-40-imagenes-relacionadas-con-la-ria-y-el-entorno-portuario\/<\/a><\/p>\n\n\n\n<p><a href=\"https:\/\/www.teleprensa.com\/articulo\/huelva\/muestra-agua-puerto-exhibe-40-imagenes-relacionadas-ria-entorno-portuario\/202201111532421114264.html\">https:\/\/www.teleprensa.com\/articulo\/huelva\/muestra-agua-puerto-exhibe-40-imagenes-relacionadas-ria-entorno-portuario\/202201111532421114264.html<\/a><\/p>\n\n\n\n<p><a href=\"https:\/\/ecodiario.eleconomista.es\/espana\/noticias\/11560483\/01\/22\/Puertos-La-muestra-El-agua-y-el-Puerto-exhibe-40-imagenes-relacionadas-con-la-ria-y-el-entorno-portuario.html\">https:\/\/ecodiario.eleconomista.es\/espana\/noticias\/11560483\/01\/22\/Puertos-La-muestra-El-agua-y-el-Puerto-exhibe-40-imagenes-relacionadas-con-la-ria-y-el-entorno-portuario.html<\/a><\/p>\n\n\n\n<p><a href=\"https:\/\/vivagranada.es\/huelva\/1021123\/la-vinculacion-de-huelva-con-el-agua-y-el-puerto-a-traves-de-40-fotografias\/\">https:\/\/vivagranada.es\/huelva\/1021123\/la-vinculacion-de-huelva-con-el-agua-y-el-puerto-a-traves-de-40-fotografias\/<\/a><\/p>\n\n\n\n<figure class=\"wp-block-embed is-type-wp-embed is-provider-puerto-de-huelva wp-block-embed-puerto-de-huelva\"><div class=\"wp-block-embed__wrapper\">\nhttps:\/\/www.puertohuelva.com\/el-puerto-de-huelva-acoge-la-muestra-fotografica-el-agua-y-el-puerto-de-la-asociacion-huelva-y-sus-fotografos\/\n<\/div><\/figure>\n\n\n\n<p><a href=\"https:\/\/www.teleprensa.com\/articulo\/huelva\/muestra-agua-puerto-exhibe-40-imagenes-relacionadas-ria-entorno-portuario\/202201111532421114264.html\">https:\/\/www.teleprensa.com\/articulo\/huelva\/muestra-agua-puerto-exhibe-40-imagenes-relacionadas-ria-entorno-portuario\/202201111532421114264.html<\/a><\/p>\n\n\n\n<figure class=\"wp-block-embed is-type-wp-embed is-provider-naucher wp-block-embed-naucher\"><div class=\"wp-block-embed__wrapper\">\n<blockquote class=\"wp-embedded-content\" data-secret=\"B5ffReICTi\"><a href=\"https:\/\/www.naucher.com\/huelva-acoge-la-muestra-fotografica-el-agua-y-el-puerto-de-la-asociacion-huelva-y-sus-fotografos\/\">Huelva acoge la muestra fotogr\u00e1fica \u201cEl agua y el puerto\u201d de la Asociaci\u00f3n Huelva y sus Fot\u00f3grafos<\/a><\/blockquote><iframe loading=\"lazy\" class=\"wp-embedded-content\" sandbox=\"allow-scripts\" security=\"restricted\" style=\"position: absolute; visibility: hidden;\" title=\"\u00abHuelva acoge la muestra fotogr\u00e1fica \u201cEl agua y el puerto\u201d de la Asociaci\u00f3n Huelva y sus Fot\u00f3grafos\u00bb \u2014 Naucher\" src=\"https:\/\/www.naucher.com\/huelva-acoge-la-muestra-fotografica-el-agua-y-el-puerto-de-la-asociacion-huelva-y-sus-fotografos\/embed\/#?secret=iYZHusN4AU#?secret=B5ffReICTi\" data-secret=\"B5ffReICTi\" width=\"600\" height=\"338\" frameborder=\"0\" marginwidth=\"0\" marginheight=\"0\" scrolling=\"no\"><\/iframe>\n<\/div><\/figure>\n\n\n\n<figure class=\"wp-block-embed is-type-wp-embed is-provider-infonuba wp-block-embed-infonuba\"><div class=\"wp-block-embed__wrapper\">\n<blockquote class=\"wp-embedded-content\" data-secret=\"Mw0tzSrAPJ\"><a href=\"https:\/\/infonuba.com\/el-puerto-de-huelva-acoge-la-muestra-fotografica-el-agua-y-el-puerto-de-la-asociacion-huelva-y-sus-fotografos\/\">El Puerto de Huelva acoge la muestra fotogr\u00e1fica \u00abEl agua y el Puerto\u00bb de la Asociaci\u00f3n Huelva y sus Fot\u00f3grafos<\/a><\/blockquote><iframe loading=\"lazy\" class=\"wp-embedded-content\" sandbox=\"allow-scripts\" security=\"restricted\" style=\"position: absolute; visibility: hidden;\" title=\"\u00abEl Puerto de Huelva acoge la muestra fotogr\u00e1fica \u00abEl agua y el Puerto\u00bb de la Asociaci\u00f3n Huelva y sus Fot\u00f3grafos\u00bb \u2014 Infonuba\" src=\"https:\/\/infonuba.com\/el-puerto-de-huelva-acoge-la-muestra-fotografica-el-agua-y-el-puerto-de-la-asociacion-huelva-y-sus-fotografos\/embed\/#?secret=O56ACckfx8#?secret=Mw0tzSrAPJ\" data-secret=\"Mw0tzSrAPJ\" width=\"600\" height=\"338\" frameborder=\"0\" marginwidth=\"0\" marginheight=\"0\" scrolling=\"no\"><\/iframe>\n<\/div><\/figure>\n\n\n\n<p><a href=\"https:\/\/heconomia.es\/volatil.asp?o=-1208702009\">https:\/\/heconomia.es\/volatil.asp?o=-1208702009<\/a><\/p>\n","protected":false},"excerpt":{"rendered":"<p>Un nutrido grupo de medios de comunicaci\u00f3n acud\u00edan en la ma\u00f1ana de hoy martes 11 de enero convocados para la inauguraci\u00f3n de la exposici\u00f3n colectiva de la Asociaci\u00f3n Huelva y sus Fot\u00f3grafos. Prensa escrita y televisi\u00f3n acud\u00edan al centro de recepci\u00f3n y documentaci\u00f3n del Puerto de Huelva para conocer de primera mano esta exposici\u00f3n que se podr\u00e1 visitar desde el 11 de enero al 11 de febrero en horario de<\/p>\n<div class=\"belowpost\"><a class=\"btnmore\" href=\"https:\/\/www.huelvaysusfotografos.com\/?p=9771\">Seguir leyendo<\/a><\/div>\n","protected":false},"author":8279,"featured_media":9738,"comment_status":"open","ping_status":"open","sticky":false,"template":"","format":"standard","meta":{"footnotes":"","_links_to":"","_links_to_target":""},"categories":[23],"tags":[],"class_list":["post-9771","post","type-post","status-publish","format-standard","has-post-thumbnail","hentry","category-exposiciones"],"_links":{"self":[{"href":"https:\/\/www.huelvaysusfotografos.com\/index.php?rest_route=\/wp\/v2\/posts\/9771","targetHints":{"allow":["GET"]}}],"collection":[{"href":"https:\/\/www.huelvaysusfotografos.com\/index.php?rest_route=\/wp\/v2\/posts"}],"about":[{"href":"https:\/\/www.huelvaysusfotografos.com\/index.php?rest_route=\/wp\/v2\/types\/post"}],"author":[{"embeddable":true,"href":"https:\/\/www.huelvaysusfotografos.com\/index.php?rest_route=\/wp\/v2\/users\/8279"}],"replies":[{"embeddable":true,"href":"https:\/\/www.huelvaysusfotografos.com\/index.php?rest_route=%2Fwp%2Fv2%2Fcomments&post=9771"}],"version-history":[{"count":3,"href":"https:\/\/www.huelvaysusfotografos.com\/index.php?rest_route=\/wp\/v2\/posts\/9771\/revisions"}],"predecessor-version":[{"id":9891,"href":"https:\/\/www.huelvaysusfotografos.com\/index.php?rest_route=\/wp\/v2\/posts\/9771\/revisions\/9891"}],"wp:featuredmedia":[{"embeddable":true,"href":"https:\/\/www.huelvaysusfotografos.com\/index.php?rest_route=\/wp\/v2\/media\/9738"}],"wp:attachment":[{"href":"https:\/\/www.huelvaysusfotografos.com\/index.php?rest_route=%2Fwp%2Fv2%2Fmedia&parent=9771"}],"wp:term":[{"taxonomy":"category","embeddable":true,"href":"https:\/\/www.huelvaysusfotografos.com\/index.php?rest_route=%2Fwp%2Fv2%2Fcategories&post=9771"},{"taxonomy":"post_tag","embeddable":true,"href":"https:\/\/www.huelvaysusfotografos.com\/index.php?rest_route=%2Fwp%2Fv2%2Ftags&post=9771"}],"curies":[{"name":"wp","href":"https:\/\/api.w.org\/{rel}","templated":true}]}}