{"id":9731,"date":"2022-01-11T18:21:12","date_gmt":"2022-01-11T17:21:12","guid":{"rendered":"https:\/\/www.huelvaysusfotografos.com\/?p=9731"},"modified":"2022-01-11T19:13:03","modified_gmt":"2022-01-11T18:13:03","slug":"el-puerto-de-huelva-acoge-la-muestra-fotografica-el-agua-y-el-puerto-de-la-asociacion-huelva-y-sus-fotografos","status":"publish","type":"post","link":"https:\/\/www.huelvaysusfotografos.com\/?p=9731","title":{"rendered":"El Puerto de Huelva acoge la muestra fotogr\u00e1fica \u00abEl agua y el Puerto\u00bb de la Asociaci\u00f3n Huelva y sus Fot\u00f3grafos."},"content":{"rendered":"\n<p><em>Exhibe 40 im\u00e1genes relacionadas con la r\u00eda y el entorno del puerto, que permanecer\u00e1n expuestas hasta el d\u00eda 11 de febrero en el Centro de Recepci\u00f3n y Documentaci\u00f3n<\/em><\/p>\n\n\n\n<p>El Centro de Recepci\u00f3n y Documentaci\u00f3n del Puerto de Huelva acoge desde hoy y hasta el d\u00eda 11 de febrero la exposici\u00f3n El agua y el Puerto, organizada por la Asociaci\u00f3n Huelva y sus Fot\u00f3grafos.<br>La muestra exhibe 40 im\u00e1genes que tienen como protagonista a la r\u00eda y al entorno del Puerto de Huelva con el objetivo de dar a conocer distintos espacios y elementos portuarios, que forman parte de la historia de la ciudad.<\/p>\n\n\n\n<p>Durante la inauguraci\u00f3n hoy de la exposici\u00f3n, la presidenta del Puerto de Huelva, Pilar Miranda, ha agradecido a la Asociaci\u00f3n Huelva y sus Fot\u00f3grafos la organizaci\u00f3n de esta muestra, \u201cya que pone en valor el Puerto de Huelva, como motor econ\u00f3mico de Huelva y Andaluc\u00eda, y destacar el papel que desempe\u00f1a el agua, a trav\u00e9s de la r\u00eda, en el acercamiento puerto-ciudad\u201d. Pilar Miranda ha destacado la calidad de las im\u00e1genes y ha animado a los ciudadanos a descubrir el Puerto de Huelva a trav\u00e9s de la mirada de los fot\u00f3grafos, que participan en esta muestra.<\/p>\n\n\n\n<p>Por su parte, la delegada del Gobierno de la Junta de Andaluc\u00eda en Huelva, Bella Verano, ha asegurado que \u201cestas 40 instant\u00e1neas son fiel reflejo de la importancia que tiene el Puerto para Huelva y de lo necesario que es para su crecimiento. Adem\u00e1s, la Junta, como el Puerto, no ha dejado de apostar por la cultura. Una apuesta ligada al impulso del empleo en el sector. Creemos en la cultura y el patrimonio como generador de riqueza y econom\u00eda para Andaluc\u00eda. Un sector que constituye el tercer pilar de la econom\u00eda de la comunidad\u201d.<\/p>\n\n\n\n<p>El presidente de la Asociaci\u00f3n Huelva y sus Fot\u00f3grafos, Jos\u00e9 Luis Arizmendi, ha manifestado que \u201cpara nuestra Asociaci\u00f3n es un verdadero honor poder disfrutar de este espacio del Puerto, donde poder exponer nuestras obras fotogr\u00e1ficas, que reflejan la importancia del Agua y El Puerto, no s\u00f3lo para la ciudad de Huelva, sino para el desarrollo de nuestra econom\u00eda y nuestro Puerto como nexo de uni\u00f3n entre la ciudad y el resto del mundo. El Agua siempre ha sido una parte fundamental de la vida de todos nosotros, las grandes ciudades crecieron a las orillas de los grandes r\u00edos y la costa. Huelva es un enclave privilegiado que debemos mantener y proteger. Todo eso queremos mostrarlo es esta exposici\u00f3n colectiva\u201d.<\/p>\n\n\n\n<p>El teniente de alcalde de Cultura del Ayuntamiento de Huelva, Daniel Mantero, ha felicitado a la Asociaci\u00f3n &#8216;Huelva y sus fot\u00f3grafos&#8217; porque \u201csus exposiciones son siempre un homenaje a Huelva y al mismo tiempo una reivindicaci\u00f3n, una demanda para construir una ciudad mejor, convirti\u00e9ndose en una oferta cultural, una propuesta de ocio que genera movimiento y ambiente\u201d. De esta forma, ha reconocido la labor de una asociaci\u00f3n \u00abactiva e implicada con la ciudad, que ha conseguido canalizar la afici\u00f3n por la fotograf\u00eda de los onubenses hacia un servicio a la ciudad\u201d.<\/p>\n\n\n\n<p>La muestra podr\u00e1 ser visitada en el Centro de Recepci\u00f3n y Documentaci\u00f3n del Puerto de Huelva en horario de lunes a viernes de 10.00 a 14.00 horas, y de 17.00 a 20.00 horas.<\/p>\n\n\n\n<figure class=\"wp-block-gallery columns-2 wp-block-gallery-1 is-layout-flex wp-block-gallery-is-layout-flex\"><ul class=\"blocks-gallery-grid\"><li class=\"blocks-gallery-item\"><figure><a href=\"https:\/\/www.huelvaysusfotografos.com\/wp-content\/uploads\/2022\/01\/2022.01.11-Inauguracion-Exposicion-Huelva-y-sus-Fotografos1-1.jpg\"><img loading=\"lazy\" decoding=\"async\" width=\"900\" height=\"549\" src=\"https:\/\/www.huelvaysusfotografos.com\/wp-content\/uploads\/2022\/01\/2022.01.11-Inauguracion-Exposicion-Huelva-y-sus-Fotografos1-1.jpg\" alt=\"\" data-id=\"9735\" data-full-url=\"https:\/\/www.huelvaysusfotografos.com\/wp-content\/uploads\/2022\/01\/2022.01.11-Inauguracion-Exposicion-Huelva-y-sus-Fotografos1-1.jpg\" data-link=\"https:\/\/www.huelvaysusfotografos.com\/?attachment_id=9735\" class=\"wp-image-9735\" srcset=\"https:\/\/www.huelvaysusfotografos.com\/wp-content\/uploads\/2022\/01\/2022.01.11-Inauguracion-Exposicion-Huelva-y-sus-Fotografos1-1.jpg 900w, https:\/\/www.huelvaysusfotografos.com\/wp-content\/uploads\/2022\/01\/2022.01.11-Inauguracion-Exposicion-Huelva-y-sus-Fotografos1-1-300x183.jpg 300w, https:\/\/www.huelvaysusfotografos.com\/wp-content\/uploads\/2022\/01\/2022.01.11-Inauguracion-Exposicion-Huelva-y-sus-Fotografos1-1-768x468.jpg 768w\" sizes=\"auto, (max-width: 900px) 100vw, 900px\" \/><\/a><\/figure><\/li><li class=\"blocks-gallery-item\"><figure><a href=\"https:\/\/www.huelvaysusfotografos.com\/wp-content\/uploads\/2022\/01\/2022.01.11-Inauguracion-Exposicion-Huelva-y-sus-Fotografos2.jpg\"><img loading=\"lazy\" decoding=\"async\" width=\"1000\" height=\"655\" src=\"https:\/\/www.huelvaysusfotografos.com\/wp-content\/uploads\/2022\/01\/2022.01.11-Inauguracion-Exposicion-Huelva-y-sus-Fotografos2.jpg\" alt=\"\" data-id=\"9736\" data-full-url=\"https:\/\/www.huelvaysusfotografos.com\/wp-content\/uploads\/2022\/01\/2022.01.11-Inauguracion-Exposicion-Huelva-y-sus-Fotografos2.jpg\" data-link=\"https:\/\/www.huelvaysusfotografos.com\/?attachment_id=9736\" class=\"wp-image-9736\" srcset=\"https:\/\/www.huelvaysusfotografos.com\/wp-content\/uploads\/2022\/01\/2022.01.11-Inauguracion-Exposicion-Huelva-y-sus-Fotografos2.jpg 1000w, https:\/\/www.huelvaysusfotografos.com\/wp-content\/uploads\/2022\/01\/2022.01.11-Inauguracion-Exposicion-Huelva-y-sus-Fotografos2-300x197.jpg 300w, https:\/\/www.huelvaysusfotografos.com\/wp-content\/uploads\/2022\/01\/2022.01.11-Inauguracion-Exposicion-Huelva-y-sus-Fotografos2-768x503.jpg 768w, https:\/\/www.huelvaysusfotografos.com\/wp-content\/uploads\/2022\/01\/2022.01.11-Inauguracion-Exposicion-Huelva-y-sus-Fotografos2-120x80.jpg 120w\" sizes=\"auto, (max-width: 1000px) 100vw, 1000px\" \/><\/a><\/figure><\/li><li class=\"blocks-gallery-item\"><figure><a href=\"https:\/\/www.huelvaysusfotografos.com\/wp-content\/uploads\/2022\/01\/2022.01.11-Inauguracion-Exposicion-Huelva-y-sus-Fotografos3.jpg\"><img loading=\"lazy\" decoding=\"async\" width=\"900\" height=\"600\" src=\"https:\/\/www.huelvaysusfotografos.com\/wp-content\/uploads\/2022\/01\/2022.01.11-Inauguracion-Exposicion-Huelva-y-sus-Fotografos3.jpg\" alt=\"\" data-id=\"9737\" data-full-url=\"https:\/\/www.huelvaysusfotografos.com\/wp-content\/uploads\/2022\/01\/2022.01.11-Inauguracion-Exposicion-Huelva-y-sus-Fotografos3.jpg\" data-link=\"https:\/\/www.huelvaysusfotografos.com\/?attachment_id=9737\" class=\"wp-image-9737\" srcset=\"https:\/\/www.huelvaysusfotografos.com\/wp-content\/uploads\/2022\/01\/2022.01.11-Inauguracion-Exposicion-Huelva-y-sus-Fotografos3.jpg 900w, https:\/\/www.huelvaysusfotografos.com\/wp-content\/uploads\/2022\/01\/2022.01.11-Inauguracion-Exposicion-Huelva-y-sus-Fotografos3-300x200.jpg 300w, https:\/\/www.huelvaysusfotografos.com\/wp-content\/uploads\/2022\/01\/2022.01.11-Inauguracion-Exposicion-Huelva-y-sus-Fotografos3-768x512.jpg 768w, https:\/\/www.huelvaysusfotografos.com\/wp-content\/uploads\/2022\/01\/2022.01.11-Inauguracion-Exposicion-Huelva-y-sus-Fotografos3-120x80.jpg 120w\" sizes=\"auto, (max-width: 900px) 100vw, 900px\" \/><\/a><\/figure><\/li><li class=\"blocks-gallery-item\"><figure><a href=\"https:\/\/www.huelvaysusfotografos.com\/wp-content\/uploads\/2022\/01\/2022.01.11-Inauguracion-Exposicion-Huelva-y-sus-Fotografos4.jpg\"><img loading=\"lazy\" decoding=\"async\" width=\"900\" height=\"600\" src=\"https:\/\/www.huelvaysusfotografos.com\/wp-content\/uploads\/2022\/01\/2022.01.11-Inauguracion-Exposicion-Huelva-y-sus-Fotografos4.jpg\" alt=\"\" data-id=\"9738\" data-full-url=\"https:\/\/www.huelvaysusfotografos.com\/wp-content\/uploads\/2022\/01\/2022.01.11-Inauguracion-Exposicion-Huelva-y-sus-Fotografos4.jpg\" data-link=\"https:\/\/www.huelvaysusfotografos.com\/?attachment_id=9738\" class=\"wp-image-9738\" srcset=\"https:\/\/www.huelvaysusfotografos.com\/wp-content\/uploads\/2022\/01\/2022.01.11-Inauguracion-Exposicion-Huelva-y-sus-Fotografos4.jpg 900w, https:\/\/www.huelvaysusfotografos.com\/wp-content\/uploads\/2022\/01\/2022.01.11-Inauguracion-Exposicion-Huelva-y-sus-Fotografos4-300x200.jpg 300w, https:\/\/www.huelvaysusfotografos.com\/wp-content\/uploads\/2022\/01\/2022.01.11-Inauguracion-Exposicion-Huelva-y-sus-Fotografos4-768x512.jpg 768w, https:\/\/www.huelvaysusfotografos.com\/wp-content\/uploads\/2022\/01\/2022.01.11-Inauguracion-Exposicion-Huelva-y-sus-Fotografos4-120x80.jpg 120w\" sizes=\"auto, (max-width: 900px) 100vw, 900px\" \/><\/a><\/figure><\/li><li class=\"blocks-gallery-item\"><figure><a href=\"https:\/\/www.huelvaysusfotografos.com\/wp-content\/uploads\/2022\/01\/2022.01.11-Inauguracion-Exposicion-Huelva-y-sus-Fotografos5.jpg\"><img loading=\"lazy\" decoding=\"async\" width=\"900\" height=\"600\" src=\"https:\/\/www.huelvaysusfotografos.com\/wp-content\/uploads\/2022\/01\/2022.01.11-Inauguracion-Exposicion-Huelva-y-sus-Fotografos5.jpg\" alt=\"\" data-id=\"9739\" data-full-url=\"https:\/\/www.huelvaysusfotografos.com\/wp-content\/uploads\/2022\/01\/2022.01.11-Inauguracion-Exposicion-Huelva-y-sus-Fotografos5.jpg\" data-link=\"https:\/\/www.huelvaysusfotografos.com\/?attachment_id=9739\" class=\"wp-image-9739\" srcset=\"https:\/\/www.huelvaysusfotografos.com\/wp-content\/uploads\/2022\/01\/2022.01.11-Inauguracion-Exposicion-Huelva-y-sus-Fotografos5.jpg 900w, https:\/\/www.huelvaysusfotografos.com\/wp-content\/uploads\/2022\/01\/2022.01.11-Inauguracion-Exposicion-Huelva-y-sus-Fotografos5-300x200.jpg 300w, https:\/\/www.huelvaysusfotografos.com\/wp-content\/uploads\/2022\/01\/2022.01.11-Inauguracion-Exposicion-Huelva-y-sus-Fotografos5-768x512.jpg 768w, https:\/\/www.huelvaysusfotografos.com\/wp-content\/uploads\/2022\/01\/2022.01.11-Inauguracion-Exposicion-Huelva-y-sus-Fotografos5-120x80.jpg 120w\" sizes=\"auto, (max-width: 900px) 100vw, 900px\" \/><\/a><\/figure><\/li><li class=\"blocks-gallery-item\"><figure><a href=\"https:\/\/www.huelvaysusfotografos.com\/wp-content\/uploads\/2022\/01\/2022.01.11-Inauguracion-Exposicion-Huelva-y-sus-Fotografos6.jpg\"><img loading=\"lazy\" decoding=\"async\" width=\"900\" height=\"565\" src=\"https:\/\/www.huelvaysusfotografos.com\/wp-content\/uploads\/2022\/01\/2022.01.11-Inauguracion-Exposicion-Huelva-y-sus-Fotografos6.jpg\" alt=\"\" data-id=\"9740\" data-full-url=\"https:\/\/www.huelvaysusfotografos.com\/wp-content\/uploads\/2022\/01\/2022.01.11-Inauguracion-Exposicion-Huelva-y-sus-Fotografos6.jpg\" data-link=\"https:\/\/www.huelvaysusfotografos.com\/?attachment_id=9740\" class=\"wp-image-9740\" srcset=\"https:\/\/www.huelvaysusfotografos.com\/wp-content\/uploads\/2022\/01\/2022.01.11-Inauguracion-Exposicion-Huelva-y-sus-Fotografos6.jpg 900w, https:\/\/www.huelvaysusfotografos.com\/wp-content\/uploads\/2022\/01\/2022.01.11-Inauguracion-Exposicion-Huelva-y-sus-Fotografos6-300x188.jpg 300w, https:\/\/www.huelvaysusfotografos.com\/wp-content\/uploads\/2022\/01\/2022.01.11-Inauguracion-Exposicion-Huelva-y-sus-Fotografos6-768x482.jpg 768w\" sizes=\"auto, (max-width: 900px) 100vw, 900px\" \/><\/a><\/figure><\/li><li class=\"blocks-gallery-item\"><figure><a href=\"https:\/\/www.huelvaysusfotografos.com\/wp-content\/uploads\/2022\/01\/2022.01.11-Inauguracion-Exposicion-Huelva-y-sus-Fotografos7.jpg\"><img loading=\"lazy\" decoding=\"async\" width=\"1000\" height=\"667\" src=\"https:\/\/www.huelvaysusfotografos.com\/wp-content\/uploads\/2022\/01\/2022.01.11-Inauguracion-Exposicion-Huelva-y-sus-Fotografos7.jpg\" alt=\"\" data-id=\"9741\" data-full-url=\"https:\/\/www.huelvaysusfotografos.com\/wp-content\/uploads\/2022\/01\/2022.01.11-Inauguracion-Exposicion-Huelva-y-sus-Fotografos7.jpg\" data-link=\"https:\/\/www.huelvaysusfotografos.com\/?attachment_id=9741\" class=\"wp-image-9741\" srcset=\"https:\/\/www.huelvaysusfotografos.com\/wp-content\/uploads\/2022\/01\/2022.01.11-Inauguracion-Exposicion-Huelva-y-sus-Fotografos7.jpg 1000w, https:\/\/www.huelvaysusfotografos.com\/wp-content\/uploads\/2022\/01\/2022.01.11-Inauguracion-Exposicion-Huelva-y-sus-Fotografos7-300x200.jpg 300w, https:\/\/www.huelvaysusfotografos.com\/wp-content\/uploads\/2022\/01\/2022.01.11-Inauguracion-Exposicion-Huelva-y-sus-Fotografos7-768x512.jpg 768w, https:\/\/www.huelvaysusfotografos.com\/wp-content\/uploads\/2022\/01\/2022.01.11-Inauguracion-Exposicion-Huelva-y-sus-Fotografos7-120x80.jpg 120w\" sizes=\"auto, (max-width: 1000px) 100vw, 1000px\" \/><\/a><\/figure><\/li><li class=\"blocks-gallery-item\"><figure><a href=\"https:\/\/www.huelvaysusfotografos.com\/wp-content\/uploads\/2022\/01\/2022.01.11-Inauguracion-Exposicion-Huelva-y-sus-Fotografos8.jpg\"><img loading=\"lazy\" decoding=\"async\" width=\"900\" height=\"600\" src=\"https:\/\/www.huelvaysusfotografos.com\/wp-content\/uploads\/2022\/01\/2022.01.11-Inauguracion-Exposicion-Huelva-y-sus-Fotografos8.jpg\" alt=\"\" data-id=\"9742\" data-full-url=\"https:\/\/www.huelvaysusfotografos.com\/wp-content\/uploads\/2022\/01\/2022.01.11-Inauguracion-Exposicion-Huelva-y-sus-Fotografos8.jpg\" data-link=\"https:\/\/www.huelvaysusfotografos.com\/?attachment_id=9742\" class=\"wp-image-9742\" srcset=\"https:\/\/www.huelvaysusfotografos.com\/wp-content\/uploads\/2022\/01\/2022.01.11-Inauguracion-Exposicion-Huelva-y-sus-Fotografos8.jpg 900w, https:\/\/www.huelvaysusfotografos.com\/wp-content\/uploads\/2022\/01\/2022.01.11-Inauguracion-Exposicion-Huelva-y-sus-Fotografos8-300x200.jpg 300w, https:\/\/www.huelvaysusfotografos.com\/wp-content\/uploads\/2022\/01\/2022.01.11-Inauguracion-Exposicion-Huelva-y-sus-Fotografos8-768x512.jpg 768w, https:\/\/www.huelvaysusfotografos.com\/wp-content\/uploads\/2022\/01\/2022.01.11-Inauguracion-Exposicion-Huelva-y-sus-Fotografos8-120x80.jpg 120w\" sizes=\"auto, (max-width: 900px) 100vw, 900px\" \/><\/a><\/figure><\/li><li class=\"blocks-gallery-item\"><figure><a href=\"https:\/\/www.huelvaysusfotografos.com\/wp-content\/uploads\/2022\/01\/2022.01.11-Inauguracion-Exposicion-Huelva-y-sus-Fotografos9.jpg\"><img loading=\"lazy\" decoding=\"async\" width=\"1000\" height=\"643\" src=\"https:\/\/www.huelvaysusfotografos.com\/wp-content\/uploads\/2022\/01\/2022.01.11-Inauguracion-Exposicion-Huelva-y-sus-Fotografos9.jpg\" alt=\"\" data-id=\"9744\" data-full-url=\"https:\/\/www.huelvaysusfotografos.com\/wp-content\/uploads\/2022\/01\/2022.01.11-Inauguracion-Exposicion-Huelva-y-sus-Fotografos9.jpg\" data-link=\"https:\/\/www.huelvaysusfotografos.com\/?attachment_id=9744\" class=\"wp-image-9744\" srcset=\"https:\/\/www.huelvaysusfotografos.com\/wp-content\/uploads\/2022\/01\/2022.01.11-Inauguracion-Exposicion-Huelva-y-sus-Fotografos9.jpg 1000w, https:\/\/www.huelvaysusfotografos.com\/wp-content\/uploads\/2022\/01\/2022.01.11-Inauguracion-Exposicion-Huelva-y-sus-Fotografos9-300x193.jpg 300w, https:\/\/www.huelvaysusfotografos.com\/wp-content\/uploads\/2022\/01\/2022.01.11-Inauguracion-Exposicion-Huelva-y-sus-Fotografos9-768x494.jpg 768w\" sizes=\"auto, (max-width: 1000px) 100vw, 1000px\" \/><\/a><\/figure><\/li><li class=\"blocks-gallery-item\"><figure><a href=\"https:\/\/www.huelvaysusfotografos.com\/wp-content\/uploads\/2022\/01\/2022.01.11-Inauguracion-Exposicion-Huelva-y-sus-Fotografos10.jpg\"><img loading=\"lazy\" decoding=\"async\" width=\"1000\" height=\"667\" src=\"https:\/\/www.huelvaysusfotografos.com\/wp-content\/uploads\/2022\/01\/2022.01.11-Inauguracion-Exposicion-Huelva-y-sus-Fotografos10.jpg\" alt=\"\" data-id=\"9745\" data-full-url=\"https:\/\/www.huelvaysusfotografos.com\/wp-content\/uploads\/2022\/01\/2022.01.11-Inauguracion-Exposicion-Huelva-y-sus-Fotografos10.jpg\" data-link=\"https:\/\/www.huelvaysusfotografos.com\/?attachment_id=9745\" class=\"wp-image-9745\" srcset=\"https:\/\/www.huelvaysusfotografos.com\/wp-content\/uploads\/2022\/01\/2022.01.11-Inauguracion-Exposicion-Huelva-y-sus-Fotografos10.jpg 1000w, https:\/\/www.huelvaysusfotografos.com\/wp-content\/uploads\/2022\/01\/2022.01.11-Inauguracion-Exposicion-Huelva-y-sus-Fotografos10-300x200.jpg 300w, https:\/\/www.huelvaysusfotografos.com\/wp-content\/uploads\/2022\/01\/2022.01.11-Inauguracion-Exposicion-Huelva-y-sus-Fotografos10-768x512.jpg 768w, https:\/\/www.huelvaysusfotografos.com\/wp-content\/uploads\/2022\/01\/2022.01.11-Inauguracion-Exposicion-Huelva-y-sus-Fotografos10-120x80.jpg 120w\" sizes=\"auto, (max-width: 1000px) 100vw, 1000px\" \/><\/a><\/figure><\/li><li class=\"blocks-gallery-item\"><figure><a href=\"https:\/\/www.huelvaysusfotografos.com\/wp-content\/uploads\/2022\/01\/2022.01.11-Inauguracion-Exposicion-Huelva-y-sus-Fotografos11.jpg\"><img loading=\"lazy\" decoding=\"async\" width=\"900\" height=\"600\" src=\"https:\/\/www.huelvaysusfotografos.com\/wp-content\/uploads\/2022\/01\/2022.01.11-Inauguracion-Exposicion-Huelva-y-sus-Fotografos11.jpg\" alt=\"\" data-id=\"9746\" data-full-url=\"https:\/\/www.huelvaysusfotografos.com\/wp-content\/uploads\/2022\/01\/2022.01.11-Inauguracion-Exposicion-Huelva-y-sus-Fotografos11.jpg\" data-link=\"https:\/\/www.huelvaysusfotografos.com\/?attachment_id=9746\" class=\"wp-image-9746\" srcset=\"https:\/\/www.huelvaysusfotografos.com\/wp-content\/uploads\/2022\/01\/2022.01.11-Inauguracion-Exposicion-Huelva-y-sus-Fotografos11.jpg 900w, https:\/\/www.huelvaysusfotografos.com\/wp-content\/uploads\/2022\/01\/2022.01.11-Inauguracion-Exposicion-Huelva-y-sus-Fotografos11-300x200.jpg 300w, https:\/\/www.huelvaysusfotografos.com\/wp-content\/uploads\/2022\/01\/2022.01.11-Inauguracion-Exposicion-Huelva-y-sus-Fotografos11-768x512.jpg 768w, https:\/\/www.huelvaysusfotografos.com\/wp-content\/uploads\/2022\/01\/2022.01.11-Inauguracion-Exposicion-Huelva-y-sus-Fotografos11-120x80.jpg 120w\" sizes=\"auto, (max-width: 900px) 100vw, 900px\" \/><\/a><\/figure><\/li><li class=\"blocks-gallery-item\"><figure><a href=\"https:\/\/www.huelvaysusfotografos.com\/wp-content\/uploads\/2022\/01\/2022.01.11-Inauguracion-Exposicion-Huelva-y-sus-Fotografos12.jpg\"><img loading=\"lazy\" decoding=\"async\" width=\"900\" height=\"600\" src=\"https:\/\/www.huelvaysusfotografos.com\/wp-content\/uploads\/2022\/01\/2022.01.11-Inauguracion-Exposicion-Huelva-y-sus-Fotografos12.jpg\" alt=\"\" data-id=\"9747\" data-full-url=\"https:\/\/www.huelvaysusfotografos.com\/wp-content\/uploads\/2022\/01\/2022.01.11-Inauguracion-Exposicion-Huelva-y-sus-Fotografos12.jpg\" data-link=\"https:\/\/www.huelvaysusfotografos.com\/?attachment_id=9747\" class=\"wp-image-9747\" srcset=\"https:\/\/www.huelvaysusfotografos.com\/wp-content\/uploads\/2022\/01\/2022.01.11-Inauguracion-Exposicion-Huelva-y-sus-Fotografos12.jpg 900w, https:\/\/www.huelvaysusfotografos.com\/wp-content\/uploads\/2022\/01\/2022.01.11-Inauguracion-Exposicion-Huelva-y-sus-Fotografos12-300x200.jpg 300w, https:\/\/www.huelvaysusfotografos.com\/wp-content\/uploads\/2022\/01\/2022.01.11-Inauguracion-Exposicion-Huelva-y-sus-Fotografos12-768x512.jpg 768w, https:\/\/www.huelvaysusfotografos.com\/wp-content\/uploads\/2022\/01\/2022.01.11-Inauguracion-Exposicion-Huelva-y-sus-Fotografos12-120x80.jpg 120w\" sizes=\"auto, (max-width: 900px) 100vw, 900px\" \/><\/a><\/figure><\/li><li class=\"blocks-gallery-item\"><figure><a href=\"https:\/\/www.huelvaysusfotografos.com\/wp-content\/uploads\/2022\/01\/2022.01.11-Inauguracion-Exposicion-Huelva-y-sus-Fotografos13.jpg\"><img loading=\"lazy\" decoding=\"async\" width=\"1000\" height=\"634\" src=\"https:\/\/www.huelvaysusfotografos.com\/wp-content\/uploads\/2022\/01\/2022.01.11-Inauguracion-Exposicion-Huelva-y-sus-Fotografos13.jpg\" alt=\"\" data-id=\"9748\" data-full-url=\"https:\/\/www.huelvaysusfotografos.com\/wp-content\/uploads\/2022\/01\/2022.01.11-Inauguracion-Exposicion-Huelva-y-sus-Fotografos13.jpg\" data-link=\"https:\/\/www.huelvaysusfotografos.com\/?attachment_id=9748\" class=\"wp-image-9748\" srcset=\"https:\/\/www.huelvaysusfotografos.com\/wp-content\/uploads\/2022\/01\/2022.01.11-Inauguracion-Exposicion-Huelva-y-sus-Fotografos13.jpg 1000w, https:\/\/www.huelvaysusfotografos.com\/wp-content\/uploads\/2022\/01\/2022.01.11-Inauguracion-Exposicion-Huelva-y-sus-Fotografos13-300x190.jpg 300w, https:\/\/www.huelvaysusfotografos.com\/wp-content\/uploads\/2022\/01\/2022.01.11-Inauguracion-Exposicion-Huelva-y-sus-Fotografos13-768x487.jpg 768w\" sizes=\"auto, (max-width: 1000px) 100vw, 1000px\" \/><\/a><\/figure><\/li><li class=\"blocks-gallery-item\"><figure><a href=\"https:\/\/www.huelvaysusfotografos.com\/wp-content\/uploads\/2022\/01\/2022.01.11-Inauguracion-Exposicion-Huelva-y-sus-Fotografos14.jpg\"><img loading=\"lazy\" decoding=\"async\" width=\"1000\" height=\"673\" src=\"https:\/\/www.huelvaysusfotografos.com\/wp-content\/uploads\/2022\/01\/2022.01.11-Inauguracion-Exposicion-Huelva-y-sus-Fotografos14.jpg\" alt=\"\" data-id=\"9749\" data-full-url=\"https:\/\/www.huelvaysusfotografos.com\/wp-content\/uploads\/2022\/01\/2022.01.11-Inauguracion-Exposicion-Huelva-y-sus-Fotografos14.jpg\" data-link=\"https:\/\/www.huelvaysusfotografos.com\/?attachment_id=9749\" class=\"wp-image-9749\" srcset=\"https:\/\/www.huelvaysusfotografos.com\/wp-content\/uploads\/2022\/01\/2022.01.11-Inauguracion-Exposicion-Huelva-y-sus-Fotografos14.jpg 1000w, https:\/\/www.huelvaysusfotografos.com\/wp-content\/uploads\/2022\/01\/2022.01.11-Inauguracion-Exposicion-Huelva-y-sus-Fotografos14-300x202.jpg 300w, https:\/\/www.huelvaysusfotografos.com\/wp-content\/uploads\/2022\/01\/2022.01.11-Inauguracion-Exposicion-Huelva-y-sus-Fotografos14-768x517.jpg 768w, https:\/\/www.huelvaysusfotografos.com\/wp-content\/uploads\/2022\/01\/2022.01.11-Inauguracion-Exposicion-Huelva-y-sus-Fotografos14-120x80.jpg 120w\" sizes=\"auto, (max-width: 1000px) 100vw, 1000px\" \/><\/a><\/figure><\/li><li class=\"blocks-gallery-item\"><figure><a href=\"https:\/\/www.huelvaysusfotografos.com\/wp-content\/uploads\/2022\/01\/2022.01.11-Inauguracion-Exposicion-Huelva-y-sus-Fotografos15.jpg\"><img loading=\"lazy\" decoding=\"async\" width=\"1000\" height=\"667\" src=\"https:\/\/www.huelvaysusfotografos.com\/wp-content\/uploads\/2022\/01\/2022.01.11-Inauguracion-Exposicion-Huelva-y-sus-Fotografos15.jpg\" alt=\"\" data-id=\"9750\" data-full-url=\"https:\/\/www.huelvaysusfotografos.com\/wp-content\/uploads\/2022\/01\/2022.01.11-Inauguracion-Exposicion-Huelva-y-sus-Fotografos15.jpg\" data-link=\"https:\/\/www.huelvaysusfotografos.com\/?attachment_id=9750\" class=\"wp-image-9750\" srcset=\"https:\/\/www.huelvaysusfotografos.com\/wp-content\/uploads\/2022\/01\/2022.01.11-Inauguracion-Exposicion-Huelva-y-sus-Fotografos15.jpg 1000w, https:\/\/www.huelvaysusfotografos.com\/wp-content\/uploads\/2022\/01\/2022.01.11-Inauguracion-Exposicion-Huelva-y-sus-Fotografos15-300x200.jpg 300w, https:\/\/www.huelvaysusfotografos.com\/wp-content\/uploads\/2022\/01\/2022.01.11-Inauguracion-Exposicion-Huelva-y-sus-Fotografos15-768x512.jpg 768w, https:\/\/www.huelvaysusfotografos.com\/wp-content\/uploads\/2022\/01\/2022.01.11-Inauguracion-Exposicion-Huelva-y-sus-Fotografos15-120x80.jpg 120w\" sizes=\"auto, (max-width: 1000px) 100vw, 1000px\" \/><\/a><\/figure><\/li><li class=\"blocks-gallery-item\"><figure><a href=\"https:\/\/www.huelvaysusfotografos.com\/wp-content\/uploads\/2022\/01\/2022.01.11-Inauguracion-Exposicion-Huelva-y-sus-Fotografos16.jpg\"><img loading=\"lazy\" decoding=\"async\" width=\"1000\" height=\"653\" src=\"https:\/\/www.huelvaysusfotografos.com\/wp-content\/uploads\/2022\/01\/2022.01.11-Inauguracion-Exposicion-Huelva-y-sus-Fotografos16.jpg\" alt=\"\" data-id=\"9751\" data-full-url=\"https:\/\/www.huelvaysusfotografos.com\/wp-content\/uploads\/2022\/01\/2022.01.11-Inauguracion-Exposicion-Huelva-y-sus-Fotografos16.jpg\" data-link=\"https:\/\/www.huelvaysusfotografos.com\/?attachment_id=9751\" class=\"wp-image-9751\" srcset=\"https:\/\/www.huelvaysusfotografos.com\/wp-content\/uploads\/2022\/01\/2022.01.11-Inauguracion-Exposicion-Huelva-y-sus-Fotografos16.jpg 1000w, https:\/\/www.huelvaysusfotografos.com\/wp-content\/uploads\/2022\/01\/2022.01.11-Inauguracion-Exposicion-Huelva-y-sus-Fotografos16-300x196.jpg 300w, https:\/\/www.huelvaysusfotografos.com\/wp-content\/uploads\/2022\/01\/2022.01.11-Inauguracion-Exposicion-Huelva-y-sus-Fotografos16-768x502.jpg 768w\" sizes=\"auto, (max-width: 1000px) 100vw, 1000px\" \/><\/a><\/figure><\/li><li class=\"blocks-gallery-item\"><figure><a href=\"https:\/\/www.huelvaysusfotografos.com\/wp-content\/uploads\/2022\/01\/2022.01.11-Inauguracion-Exposicion-Huelva-y-sus-Fotografos17.jpg\"><img loading=\"lazy\" decoding=\"async\" width=\"1000\" height=\"709\" src=\"https:\/\/www.huelvaysusfotografos.com\/wp-content\/uploads\/2022\/01\/2022.01.11-Inauguracion-Exposicion-Huelva-y-sus-Fotografos17.jpg\" alt=\"\" data-id=\"9752\" data-full-url=\"https:\/\/www.huelvaysusfotografos.com\/wp-content\/uploads\/2022\/01\/2022.01.11-Inauguracion-Exposicion-Huelva-y-sus-Fotografos17.jpg\" data-link=\"https:\/\/www.huelvaysusfotografos.com\/?attachment_id=9752\" class=\"wp-image-9752\" srcset=\"https:\/\/www.huelvaysusfotografos.com\/wp-content\/uploads\/2022\/01\/2022.01.11-Inauguracion-Exposicion-Huelva-y-sus-Fotografos17.jpg 1000w, https:\/\/www.huelvaysusfotografos.com\/wp-content\/uploads\/2022\/01\/2022.01.11-Inauguracion-Exposicion-Huelva-y-sus-Fotografos17-300x213.jpg 300w, https:\/\/www.huelvaysusfotografos.com\/wp-content\/uploads\/2022\/01\/2022.01.11-Inauguracion-Exposicion-Huelva-y-sus-Fotografos17-768x545.jpg 768w\" sizes=\"auto, (max-width: 1000px) 100vw, 1000px\" \/><\/a><\/figure><\/li><li class=\"blocks-gallery-item\"><figure><a href=\"https:\/\/www.huelvaysusfotografos.com\/wp-content\/uploads\/2022\/01\/2022.01.11-Inauguracion-Exposicion-Huelva-y-sus-Fotografos18.jpg\"><img loading=\"lazy\" decoding=\"async\" width=\"1000\" height=\"667\" src=\"https:\/\/www.huelvaysusfotografos.com\/wp-content\/uploads\/2022\/01\/2022.01.11-Inauguracion-Exposicion-Huelva-y-sus-Fotografos18.jpg\" alt=\"\" data-id=\"9753\" data-full-url=\"https:\/\/www.huelvaysusfotografos.com\/wp-content\/uploads\/2022\/01\/2022.01.11-Inauguracion-Exposicion-Huelva-y-sus-Fotografos18.jpg\" data-link=\"https:\/\/www.huelvaysusfotografos.com\/?attachment_id=9753\" class=\"wp-image-9753\" srcset=\"https:\/\/www.huelvaysusfotografos.com\/wp-content\/uploads\/2022\/01\/2022.01.11-Inauguracion-Exposicion-Huelva-y-sus-Fotografos18.jpg 1000w, https:\/\/www.huelvaysusfotografos.com\/wp-content\/uploads\/2022\/01\/2022.01.11-Inauguracion-Exposicion-Huelva-y-sus-Fotografos18-300x200.jpg 300w, https:\/\/www.huelvaysusfotografos.com\/wp-content\/uploads\/2022\/01\/2022.01.11-Inauguracion-Exposicion-Huelva-y-sus-Fotografos18-768x512.jpg 768w, https:\/\/www.huelvaysusfotografos.com\/wp-content\/uploads\/2022\/01\/2022.01.11-Inauguracion-Exposicion-Huelva-y-sus-Fotografos18-120x80.jpg 120w\" sizes=\"auto, (max-width: 1000px) 100vw, 1000px\" \/><\/a><\/figure><\/li><li class=\"blocks-gallery-item\"><figure><a href=\"https:\/\/www.huelvaysusfotografos.com\/wp-content\/uploads\/2022\/01\/2022.01.11-Inauguracion-Exposicion-Huelva-y-sus-Fotografos19.jpg\"><img loading=\"lazy\" decoding=\"async\" width=\"1000\" height=\"667\" src=\"https:\/\/www.huelvaysusfotografos.com\/wp-content\/uploads\/2022\/01\/2022.01.11-Inauguracion-Exposicion-Huelva-y-sus-Fotografos19.jpg\" alt=\"\" data-id=\"9754\" data-full-url=\"https:\/\/www.huelvaysusfotografos.com\/wp-content\/uploads\/2022\/01\/2022.01.11-Inauguracion-Exposicion-Huelva-y-sus-Fotografos19.jpg\" data-link=\"https:\/\/www.huelvaysusfotografos.com\/?attachment_id=9754\" class=\"wp-image-9754\" srcset=\"https:\/\/www.huelvaysusfotografos.com\/wp-content\/uploads\/2022\/01\/2022.01.11-Inauguracion-Exposicion-Huelva-y-sus-Fotografos19.jpg 1000w, https:\/\/www.huelvaysusfotografos.com\/wp-content\/uploads\/2022\/01\/2022.01.11-Inauguracion-Exposicion-Huelva-y-sus-Fotografos19-300x200.jpg 300w, https:\/\/www.huelvaysusfotografos.com\/wp-content\/uploads\/2022\/01\/2022.01.11-Inauguracion-Exposicion-Huelva-y-sus-Fotografos19-768x512.jpg 768w, https:\/\/www.huelvaysusfotografos.com\/wp-content\/uploads\/2022\/01\/2022.01.11-Inauguracion-Exposicion-Huelva-y-sus-Fotografos19-120x80.jpg 120w\" sizes=\"auto, (max-width: 1000px) 100vw, 1000px\" \/><\/a><\/figure><\/li><li class=\"blocks-gallery-item\"><figure><a href=\"https:\/\/www.huelvaysusfotografos.com\/wp-content\/uploads\/2022\/01\/2022.01.11-Inauguracion-Exposicion-Huelva-y-sus-Fotografos20.jpg\"><img loading=\"lazy\" decoding=\"async\" width=\"1000\" height=\"591\" src=\"https:\/\/www.huelvaysusfotografos.com\/wp-content\/uploads\/2022\/01\/2022.01.11-Inauguracion-Exposicion-Huelva-y-sus-Fotografos20.jpg\" alt=\"\" data-id=\"9755\" data-full-url=\"https:\/\/www.huelvaysusfotografos.com\/wp-content\/uploads\/2022\/01\/2022.01.11-Inauguracion-Exposicion-Huelva-y-sus-Fotografos20.jpg\" data-link=\"https:\/\/www.huelvaysusfotografos.com\/?attachment_id=9755\" class=\"wp-image-9755\" srcset=\"https:\/\/www.huelvaysusfotografos.com\/wp-content\/uploads\/2022\/01\/2022.01.11-Inauguracion-Exposicion-Huelva-y-sus-Fotografos20.jpg 1000w, https:\/\/www.huelvaysusfotografos.com\/wp-content\/uploads\/2022\/01\/2022.01.11-Inauguracion-Exposicion-Huelva-y-sus-Fotografos20-300x177.jpg 300w, https:\/\/www.huelvaysusfotografos.com\/wp-content\/uploads\/2022\/01\/2022.01.11-Inauguracion-Exposicion-Huelva-y-sus-Fotografos20-768x454.jpg 768w\" sizes=\"auto, (max-width: 1000px) 100vw, 1000px\" \/><\/a><\/figure><\/li><li class=\"blocks-gallery-item\"><figure><a href=\"https:\/\/www.huelvaysusfotografos.com\/wp-content\/uploads\/2022\/01\/2022.01.11-Inauguracion-Exposicion-Huelva-y-sus-Fotografos21.jpg\"><img loading=\"lazy\" decoding=\"async\" width=\"1000\" height=\"667\" src=\"https:\/\/www.huelvaysusfotografos.com\/wp-content\/uploads\/2022\/01\/2022.01.11-Inauguracion-Exposicion-Huelva-y-sus-Fotografos21.jpg\" alt=\"\" data-id=\"9756\" data-full-url=\"https:\/\/www.huelvaysusfotografos.com\/wp-content\/uploads\/2022\/01\/2022.01.11-Inauguracion-Exposicion-Huelva-y-sus-Fotografos21.jpg\" data-link=\"https:\/\/www.huelvaysusfotografos.com\/?attachment_id=9756\" class=\"wp-image-9756\" srcset=\"https:\/\/www.huelvaysusfotografos.com\/wp-content\/uploads\/2022\/01\/2022.01.11-Inauguracion-Exposicion-Huelva-y-sus-Fotografos21.jpg 1000w, https:\/\/www.huelvaysusfotografos.com\/wp-content\/uploads\/2022\/01\/2022.01.11-Inauguracion-Exposicion-Huelva-y-sus-Fotografos21-300x200.jpg 300w, https:\/\/www.huelvaysusfotografos.com\/wp-content\/uploads\/2022\/01\/2022.01.11-Inauguracion-Exposicion-Huelva-y-sus-Fotografos21-768x512.jpg 768w, https:\/\/www.huelvaysusfotografos.com\/wp-content\/uploads\/2022\/01\/2022.01.11-Inauguracion-Exposicion-Huelva-y-sus-Fotografos21-120x80.jpg 120w\" sizes=\"auto, (max-width: 1000px) 100vw, 1000px\" \/><\/a><\/figure><\/li><li class=\"blocks-gallery-item\"><figure><a href=\"https:\/\/www.huelvaysusfotografos.com\/wp-content\/uploads\/2022\/01\/2022.01.11-Inauguracion-Exposicion-Huelva-y-sus-Fotografos22.jpg\"><img loading=\"lazy\" decoding=\"async\" width=\"900\" height=\"567\" src=\"https:\/\/www.huelvaysusfotografos.com\/wp-content\/uploads\/2022\/01\/2022.01.11-Inauguracion-Exposicion-Huelva-y-sus-Fotografos22.jpg\" alt=\"\" data-id=\"9757\" data-full-url=\"https:\/\/www.huelvaysusfotografos.com\/wp-content\/uploads\/2022\/01\/2022.01.11-Inauguracion-Exposicion-Huelva-y-sus-Fotografos22.jpg\" data-link=\"https:\/\/www.huelvaysusfotografos.com\/?attachment_id=9757\" class=\"wp-image-9757\" srcset=\"https:\/\/www.huelvaysusfotografos.com\/wp-content\/uploads\/2022\/01\/2022.01.11-Inauguracion-Exposicion-Huelva-y-sus-Fotografos22.jpg 900w, https:\/\/www.huelvaysusfotografos.com\/wp-content\/uploads\/2022\/01\/2022.01.11-Inauguracion-Exposicion-Huelva-y-sus-Fotografos22-300x189.jpg 300w, https:\/\/www.huelvaysusfotografos.com\/wp-content\/uploads\/2022\/01\/2022.01.11-Inauguracion-Exposicion-Huelva-y-sus-Fotografos22-768x484.jpg 768w\" sizes=\"auto, (max-width: 900px) 100vw, 900px\" \/><\/a><\/figure><\/li><li class=\"blocks-gallery-item\"><figure><a href=\"https:\/\/www.huelvaysusfotografos.com\/wp-content\/uploads\/2022\/01\/2022.01.11-Inauguracion-Exposicion-Huelva-y-sus-Fotografos23.jpg\"><img loading=\"lazy\" decoding=\"async\" width=\"1000\" height=\"667\" src=\"https:\/\/www.huelvaysusfotografos.com\/wp-content\/uploads\/2022\/01\/2022.01.11-Inauguracion-Exposicion-Huelva-y-sus-Fotografos23.jpg\" alt=\"\" data-id=\"9758\" data-full-url=\"https:\/\/www.huelvaysusfotografos.com\/wp-content\/uploads\/2022\/01\/2022.01.11-Inauguracion-Exposicion-Huelva-y-sus-Fotografos23.jpg\" data-link=\"https:\/\/www.huelvaysusfotografos.com\/?attachment_id=9758\" class=\"wp-image-9758\" srcset=\"https:\/\/www.huelvaysusfotografos.com\/wp-content\/uploads\/2022\/01\/2022.01.11-Inauguracion-Exposicion-Huelva-y-sus-Fotografos23.jpg 1000w, https:\/\/www.huelvaysusfotografos.com\/wp-content\/uploads\/2022\/01\/2022.01.11-Inauguracion-Exposicion-Huelva-y-sus-Fotografos23-300x200.jpg 300w, https:\/\/www.huelvaysusfotografos.com\/wp-content\/uploads\/2022\/01\/2022.01.11-Inauguracion-Exposicion-Huelva-y-sus-Fotografos23-768x512.jpg 768w, https:\/\/www.huelvaysusfotografos.com\/wp-content\/uploads\/2022\/01\/2022.01.11-Inauguracion-Exposicion-Huelva-y-sus-Fotografos23-120x80.jpg 120w\" sizes=\"auto, (max-width: 1000px) 100vw, 1000px\" \/><\/a><\/figure><\/li><li class=\"blocks-gallery-item\"><figure><a href=\"https:\/\/www.huelvaysusfotografos.com\/wp-content\/uploads\/2022\/01\/2022.01.11-Inauguracion-Exposicion-Huelva-y-sus-Fotografos24.jpg\"><img loading=\"lazy\" decoding=\"async\" width=\"900\" height=\"600\" src=\"https:\/\/www.huelvaysusfotografos.com\/wp-content\/uploads\/2022\/01\/2022.01.11-Inauguracion-Exposicion-Huelva-y-sus-Fotografos24.jpg\" alt=\"\" data-id=\"9759\" data-full-url=\"https:\/\/www.huelvaysusfotografos.com\/wp-content\/uploads\/2022\/01\/2022.01.11-Inauguracion-Exposicion-Huelva-y-sus-Fotografos24.jpg\" data-link=\"https:\/\/www.huelvaysusfotografos.com\/?attachment_id=9759\" class=\"wp-image-9759\" srcset=\"https:\/\/www.huelvaysusfotografos.com\/wp-content\/uploads\/2022\/01\/2022.01.11-Inauguracion-Exposicion-Huelva-y-sus-Fotografos24.jpg 900w, https:\/\/www.huelvaysusfotografos.com\/wp-content\/uploads\/2022\/01\/2022.01.11-Inauguracion-Exposicion-Huelva-y-sus-Fotografos24-300x200.jpg 300w, https:\/\/www.huelvaysusfotografos.com\/wp-content\/uploads\/2022\/01\/2022.01.11-Inauguracion-Exposicion-Huelva-y-sus-Fotografos24-768x512.jpg 768w, https:\/\/www.huelvaysusfotografos.com\/wp-content\/uploads\/2022\/01\/2022.01.11-Inauguracion-Exposicion-Huelva-y-sus-Fotografos24-120x80.jpg 120w\" sizes=\"auto, (max-width: 900px) 100vw, 900px\" \/><\/a><\/figure><\/li><li class=\"blocks-gallery-item\"><figure><a href=\"https:\/\/www.huelvaysusfotografos.com\/wp-content\/uploads\/2022\/01\/2022.01.11-Inauguracion-Exposicion-Huelva-y-sus-Fotografos25.jpg\"><img loading=\"lazy\" decoding=\"async\" width=\"1000\" height=\"667\" src=\"https:\/\/www.huelvaysusfotografos.com\/wp-content\/uploads\/2022\/01\/2022.01.11-Inauguracion-Exposicion-Huelva-y-sus-Fotografos25.jpg\" alt=\"\" data-id=\"9760\" data-full-url=\"https:\/\/www.huelvaysusfotografos.com\/wp-content\/uploads\/2022\/01\/2022.01.11-Inauguracion-Exposicion-Huelva-y-sus-Fotografos25.jpg\" data-link=\"https:\/\/www.huelvaysusfotografos.com\/?attachment_id=9760\" class=\"wp-image-9760\" srcset=\"https:\/\/www.huelvaysusfotografos.com\/wp-content\/uploads\/2022\/01\/2022.01.11-Inauguracion-Exposicion-Huelva-y-sus-Fotografos25.jpg 1000w, https:\/\/www.huelvaysusfotografos.com\/wp-content\/uploads\/2022\/01\/2022.01.11-Inauguracion-Exposicion-Huelva-y-sus-Fotografos25-300x200.jpg 300w, https:\/\/www.huelvaysusfotografos.com\/wp-content\/uploads\/2022\/01\/2022.01.11-Inauguracion-Exposicion-Huelva-y-sus-Fotografos25-768x512.jpg 768w, https:\/\/www.huelvaysusfotografos.com\/wp-content\/uploads\/2022\/01\/2022.01.11-Inauguracion-Exposicion-Huelva-y-sus-Fotografos25-120x80.jpg 120w\" sizes=\"auto, (max-width: 1000px) 100vw, 1000px\" \/><\/a><\/figure><\/li><li class=\"blocks-gallery-item\"><figure><a href=\"https:\/\/www.huelvaysusfotografos.com\/wp-content\/uploads\/2022\/01\/2022.01.11-Inauguracion-Exposicion-Huelva-y-sus-Fotografos26.jpg\"><img loading=\"lazy\" decoding=\"async\" width=\"1000\" height=\"667\" src=\"https:\/\/www.huelvaysusfotografos.com\/wp-content\/uploads\/2022\/01\/2022.01.11-Inauguracion-Exposicion-Huelva-y-sus-Fotografos26.jpg\" alt=\"\" data-id=\"9761\" data-full-url=\"https:\/\/www.huelvaysusfotografos.com\/wp-content\/uploads\/2022\/01\/2022.01.11-Inauguracion-Exposicion-Huelva-y-sus-Fotografos26.jpg\" data-link=\"https:\/\/www.huelvaysusfotografos.com\/?attachment_id=9761\" class=\"wp-image-9761\" srcset=\"https:\/\/www.huelvaysusfotografos.com\/wp-content\/uploads\/2022\/01\/2022.01.11-Inauguracion-Exposicion-Huelva-y-sus-Fotografos26.jpg 1000w, https:\/\/www.huelvaysusfotografos.com\/wp-content\/uploads\/2022\/01\/2022.01.11-Inauguracion-Exposicion-Huelva-y-sus-Fotografos26-300x200.jpg 300w, https:\/\/www.huelvaysusfotografos.com\/wp-content\/uploads\/2022\/01\/2022.01.11-Inauguracion-Exposicion-Huelva-y-sus-Fotografos26-768x512.jpg 768w, https:\/\/www.huelvaysusfotografos.com\/wp-content\/uploads\/2022\/01\/2022.01.11-Inauguracion-Exposicion-Huelva-y-sus-Fotografos26-120x80.jpg 120w\" sizes=\"auto, (max-width: 1000px) 100vw, 1000px\" \/><\/a><\/figure><\/li><li class=\"blocks-gallery-item\"><figure><a href=\"https:\/\/www.huelvaysusfotografos.com\/wp-content\/uploads\/2022\/01\/2022.01.11-Inauguracion-Exposicion-Huelva-y-sus-Fotografos27.jpg\"><img loading=\"lazy\" decoding=\"async\" width=\"1000\" height=\"667\" src=\"https:\/\/www.huelvaysusfotografos.com\/wp-content\/uploads\/2022\/01\/2022.01.11-Inauguracion-Exposicion-Huelva-y-sus-Fotografos27.jpg\" alt=\"\" data-id=\"9762\" data-full-url=\"https:\/\/www.huelvaysusfotografos.com\/wp-content\/uploads\/2022\/01\/2022.01.11-Inauguracion-Exposicion-Huelva-y-sus-Fotografos27.jpg\" data-link=\"https:\/\/www.huelvaysusfotografos.com\/?attachment_id=9762\" class=\"wp-image-9762\" srcset=\"https:\/\/www.huelvaysusfotografos.com\/wp-content\/uploads\/2022\/01\/2022.01.11-Inauguracion-Exposicion-Huelva-y-sus-Fotografos27.jpg 1000w, https:\/\/www.huelvaysusfotografos.com\/wp-content\/uploads\/2022\/01\/2022.01.11-Inauguracion-Exposicion-Huelva-y-sus-Fotografos27-300x200.jpg 300w, https:\/\/www.huelvaysusfotografos.com\/wp-content\/uploads\/2022\/01\/2022.01.11-Inauguracion-Exposicion-Huelva-y-sus-Fotografos27-768x512.jpg 768w, https:\/\/www.huelvaysusfotografos.com\/wp-content\/uploads\/2022\/01\/2022.01.11-Inauguracion-Exposicion-Huelva-y-sus-Fotografos27-120x80.jpg 120w\" sizes=\"auto, (max-width: 1000px) 100vw, 1000px\" \/><\/a><\/figure><\/li><li class=\"blocks-gallery-item\"><figure><a href=\"https:\/\/www.huelvaysusfotografos.com\/wp-content\/uploads\/2022\/01\/2022.01.11-Inauguracion-Exposicion-Huelva-y-sus-Fotografos28.jpg\"><img loading=\"lazy\" decoding=\"async\" width=\"1000\" height=\"660\" src=\"https:\/\/www.huelvaysusfotografos.com\/wp-content\/uploads\/2022\/01\/2022.01.11-Inauguracion-Exposicion-Huelva-y-sus-Fotografos28.jpg\" alt=\"\" data-id=\"9763\" data-full-url=\"https:\/\/www.huelvaysusfotografos.com\/wp-content\/uploads\/2022\/01\/2022.01.11-Inauguracion-Exposicion-Huelva-y-sus-Fotografos28.jpg\" data-link=\"https:\/\/www.huelvaysusfotografos.com\/?attachment_id=9763\" class=\"wp-image-9763\" srcset=\"https:\/\/www.huelvaysusfotografos.com\/wp-content\/uploads\/2022\/01\/2022.01.11-Inauguracion-Exposicion-Huelva-y-sus-Fotografos28.jpg 1000w, https:\/\/www.huelvaysusfotografos.com\/wp-content\/uploads\/2022\/01\/2022.01.11-Inauguracion-Exposicion-Huelva-y-sus-Fotografos28-300x198.jpg 300w, https:\/\/www.huelvaysusfotografos.com\/wp-content\/uploads\/2022\/01\/2022.01.11-Inauguracion-Exposicion-Huelva-y-sus-Fotografos28-768x507.jpg 768w, https:\/\/www.huelvaysusfotografos.com\/wp-content\/uploads\/2022\/01\/2022.01.11-Inauguracion-Exposicion-Huelva-y-sus-Fotografos28-120x80.jpg 120w\" sizes=\"auto, (max-width: 1000px) 100vw, 1000px\" \/><\/a><\/figure><\/li><li class=\"blocks-gallery-item\"><figure><a href=\"https:\/\/www.huelvaysusfotografos.com\/wp-content\/uploads\/2022\/01\/2022.01.11-Inauguracion-Exposicion-Huelva-y-sus-Fotografos29.jpg\"><img loading=\"lazy\" decoding=\"async\" width=\"1000\" height=\"667\" src=\"https:\/\/www.huelvaysusfotografos.com\/wp-content\/uploads\/2022\/01\/2022.01.11-Inauguracion-Exposicion-Huelva-y-sus-Fotografos29.jpg\" alt=\"\" data-id=\"9764\" data-full-url=\"https:\/\/www.huelvaysusfotografos.com\/wp-content\/uploads\/2022\/01\/2022.01.11-Inauguracion-Exposicion-Huelva-y-sus-Fotografos29.jpg\" data-link=\"https:\/\/www.huelvaysusfotografos.com\/?attachment_id=9764\" class=\"wp-image-9764\" srcset=\"https:\/\/www.huelvaysusfotografos.com\/wp-content\/uploads\/2022\/01\/2022.01.11-Inauguracion-Exposicion-Huelva-y-sus-Fotografos29.jpg 1000w, https:\/\/www.huelvaysusfotografos.com\/wp-content\/uploads\/2022\/01\/2022.01.11-Inauguracion-Exposicion-Huelva-y-sus-Fotografos29-300x200.jpg 300w, https:\/\/www.huelvaysusfotografos.com\/wp-content\/uploads\/2022\/01\/2022.01.11-Inauguracion-Exposicion-Huelva-y-sus-Fotografos29-768x512.jpg 768w, https:\/\/www.huelvaysusfotografos.com\/wp-content\/uploads\/2022\/01\/2022.01.11-Inauguracion-Exposicion-Huelva-y-sus-Fotografos29-120x80.jpg 120w\" sizes=\"auto, (max-width: 1000px) 100vw, 1000px\" \/><\/a><\/figure><\/li><li class=\"blocks-gallery-item\"><figure><a href=\"https:\/\/www.huelvaysusfotografos.com\/wp-content\/uploads\/2022\/01\/2022.01.11-Inauguracion-Exposicion-Huelva-y-sus-Fotografos30.jpg\"><img loading=\"lazy\" decoding=\"async\" width=\"1000\" height=\"633\" src=\"https:\/\/www.huelvaysusfotografos.com\/wp-content\/uploads\/2022\/01\/2022.01.11-Inauguracion-Exposicion-Huelva-y-sus-Fotografos30.jpg\" alt=\"\" data-id=\"9765\" data-full-url=\"https:\/\/www.huelvaysusfotografos.com\/wp-content\/uploads\/2022\/01\/2022.01.11-Inauguracion-Exposicion-Huelva-y-sus-Fotografos30.jpg\" data-link=\"https:\/\/www.huelvaysusfotografos.com\/?attachment_id=9765\" class=\"wp-image-9765\" srcset=\"https:\/\/www.huelvaysusfotografos.com\/wp-content\/uploads\/2022\/01\/2022.01.11-Inauguracion-Exposicion-Huelva-y-sus-Fotografos30.jpg 1000w, https:\/\/www.huelvaysusfotografos.com\/wp-content\/uploads\/2022\/01\/2022.01.11-Inauguracion-Exposicion-Huelva-y-sus-Fotografos30-300x190.jpg 300w, https:\/\/www.huelvaysusfotografos.com\/wp-content\/uploads\/2022\/01\/2022.01.11-Inauguracion-Exposicion-Huelva-y-sus-Fotografos30-768x486.jpg 768w\" sizes=\"auto, (max-width: 1000px) 100vw, 1000px\" \/><\/a><\/figure><\/li><li class=\"blocks-gallery-item\"><figure><a href=\"https:\/\/www.huelvaysusfotografos.com\/wp-content\/uploads\/2022\/01\/2022.01.11-Inauguracion-Exposicion-Huelva-y-sus-Fotografos31.jpg\"><img loading=\"lazy\" decoding=\"async\" width=\"1000\" height=\"714\" src=\"https:\/\/www.huelvaysusfotografos.com\/wp-content\/uploads\/2022\/01\/2022.01.11-Inauguracion-Exposicion-Huelva-y-sus-Fotografos31.jpg\" alt=\"\" data-id=\"9766\" data-full-url=\"https:\/\/www.huelvaysusfotografos.com\/wp-content\/uploads\/2022\/01\/2022.01.11-Inauguracion-Exposicion-Huelva-y-sus-Fotografos31.jpg\" data-link=\"https:\/\/www.huelvaysusfotografos.com\/?attachment_id=9766\" class=\"wp-image-9766\" srcset=\"https:\/\/www.huelvaysusfotografos.com\/wp-content\/uploads\/2022\/01\/2022.01.11-Inauguracion-Exposicion-Huelva-y-sus-Fotografos31.jpg 1000w, https:\/\/www.huelvaysusfotografos.com\/wp-content\/uploads\/2022\/01\/2022.01.11-Inauguracion-Exposicion-Huelva-y-sus-Fotografos31-300x214.jpg 300w, https:\/\/www.huelvaysusfotografos.com\/wp-content\/uploads\/2022\/01\/2022.01.11-Inauguracion-Exposicion-Huelva-y-sus-Fotografos31-768x548.jpg 768w\" sizes=\"auto, (max-width: 1000px) 100vw, 1000px\" \/><\/a><\/figure><\/li><li class=\"blocks-gallery-item\"><figure><a href=\"https:\/\/www.huelvaysusfotografos.com\/wp-content\/uploads\/2022\/01\/2022.01.11-Inauguracion-Exposicion-Huelva-y-sus-Fotografos32.jpg\"><img loading=\"lazy\" decoding=\"async\" width=\"1000\" height=\"671\" src=\"https:\/\/www.huelvaysusfotografos.com\/wp-content\/uploads\/2022\/01\/2022.01.11-Inauguracion-Exposicion-Huelva-y-sus-Fotografos32.jpg\" alt=\"\" data-id=\"9767\" data-full-url=\"https:\/\/www.huelvaysusfotografos.com\/wp-content\/uploads\/2022\/01\/2022.01.11-Inauguracion-Exposicion-Huelva-y-sus-Fotografos32.jpg\" data-link=\"https:\/\/www.huelvaysusfotografos.com\/?attachment_id=9767\" class=\"wp-image-9767\" srcset=\"https:\/\/www.huelvaysusfotografos.com\/wp-content\/uploads\/2022\/01\/2022.01.11-Inauguracion-Exposicion-Huelva-y-sus-Fotografos32.jpg 1000w, https:\/\/www.huelvaysusfotografos.com\/wp-content\/uploads\/2022\/01\/2022.01.11-Inauguracion-Exposicion-Huelva-y-sus-Fotografos32-300x201.jpg 300w, https:\/\/www.huelvaysusfotografos.com\/wp-content\/uploads\/2022\/01\/2022.01.11-Inauguracion-Exposicion-Huelva-y-sus-Fotografos32-768x515.jpg 768w, https:\/\/www.huelvaysusfotografos.com\/wp-content\/uploads\/2022\/01\/2022.01.11-Inauguracion-Exposicion-Huelva-y-sus-Fotografos32-120x80.jpg 120w\" sizes=\"auto, (max-width: 1000px) 100vw, 1000px\" \/><\/a><\/figure><\/li><li class=\"blocks-gallery-item\"><figure><a href=\"https:\/\/www.huelvaysusfotografos.com\/wp-content\/uploads\/2022\/01\/2022.01.11-Inauguracion-Exposicion-Huelva-y-sus-Fotografos33.jpg\"><img loading=\"lazy\" decoding=\"async\" width=\"1000\" height=\"667\" src=\"https:\/\/www.huelvaysusfotografos.com\/wp-content\/uploads\/2022\/01\/2022.01.11-Inauguracion-Exposicion-Huelva-y-sus-Fotografos33.jpg\" alt=\"\" data-id=\"9768\" data-full-url=\"https:\/\/www.huelvaysusfotografos.com\/wp-content\/uploads\/2022\/01\/2022.01.11-Inauguracion-Exposicion-Huelva-y-sus-Fotografos33.jpg\" data-link=\"https:\/\/www.huelvaysusfotografos.com\/?attachment_id=9768\" class=\"wp-image-9768\" srcset=\"https:\/\/www.huelvaysusfotografos.com\/wp-content\/uploads\/2022\/01\/2022.01.11-Inauguracion-Exposicion-Huelva-y-sus-Fotografos33.jpg 1000w, https:\/\/www.huelvaysusfotografos.com\/wp-content\/uploads\/2022\/01\/2022.01.11-Inauguracion-Exposicion-Huelva-y-sus-Fotografos33-300x200.jpg 300w, https:\/\/www.huelvaysusfotografos.com\/wp-content\/uploads\/2022\/01\/2022.01.11-Inauguracion-Exposicion-Huelva-y-sus-Fotografos33-768x512.jpg 768w, https:\/\/www.huelvaysusfotografos.com\/wp-content\/uploads\/2022\/01\/2022.01.11-Inauguracion-Exposicion-Huelva-y-sus-Fotografos33-120x80.jpg 120w\" sizes=\"auto, (max-width: 1000px) 100vw, 1000px\" \/><\/a><\/figure><\/li><li class=\"blocks-gallery-item\"><figure><a href=\"https:\/\/www.huelvaysusfotografos.com\/wp-content\/uploads\/2022\/01\/2022.01.11-Inauguracion-Exposicion-Huelva-y-sus-Fotografos34.jpg\"><img loading=\"lazy\" decoding=\"async\" width=\"1000\" height=\"667\" src=\"https:\/\/www.huelvaysusfotografos.com\/wp-content\/uploads\/2022\/01\/2022.01.11-Inauguracion-Exposicion-Huelva-y-sus-Fotografos34.jpg\" alt=\"\" data-id=\"9769\" data-full-url=\"https:\/\/www.huelvaysusfotografos.com\/wp-content\/uploads\/2022\/01\/2022.01.11-Inauguracion-Exposicion-Huelva-y-sus-Fotografos34.jpg\" data-link=\"https:\/\/www.huelvaysusfotografos.com\/?attachment_id=9769\" class=\"wp-image-9769\" srcset=\"https:\/\/www.huelvaysusfotografos.com\/wp-content\/uploads\/2022\/01\/2022.01.11-Inauguracion-Exposicion-Huelva-y-sus-Fotografos34.jpg 1000w, https:\/\/www.huelvaysusfotografos.com\/wp-content\/uploads\/2022\/01\/2022.01.11-Inauguracion-Exposicion-Huelva-y-sus-Fotografos34-300x200.jpg 300w, https:\/\/www.huelvaysusfotografos.com\/wp-content\/uploads\/2022\/01\/2022.01.11-Inauguracion-Exposicion-Huelva-y-sus-Fotografos34-768x512.jpg 768w, https:\/\/www.huelvaysusfotografos.com\/wp-content\/uploads\/2022\/01\/2022.01.11-Inauguracion-Exposicion-Huelva-y-sus-Fotografos34-120x80.jpg 120w\" sizes=\"auto, (max-width: 1000px) 100vw, 1000px\" \/><\/a><\/figure><\/li><\/ul><\/figure>\n","protected":false},"excerpt":{"rendered":"<p>Exhibe 40 im\u00e1genes relacionadas con la r\u00eda y el entorno del puerto, que permanecer\u00e1n expuestas hasta el d\u00eda 11 de febrero en el Centro de Recepci\u00f3n y Documentaci\u00f3n El Centro de Recepci\u00f3n y Documentaci\u00f3n del Puerto de Huelva acoge desde hoy y hasta el d\u00eda 11 de febrero la exposici\u00f3n El agua y el Puerto, organizada por la Asociaci\u00f3n Huelva y sus Fot\u00f3grafos.La muestra exhibe 40 im\u00e1genes que tienen como<\/p>\n<div class=\"belowpost\"><a class=\"btnmore\" href=\"https:\/\/www.huelvaysusfotografos.com\/?p=9731\">Seguir leyendo<\/a><\/div>\n","protected":false},"author":8279,"featured_media":9732,"comment_status":"open","ping_status":"open","sticky":false,"template":"","format":"standard","meta":{"footnotes":"","_links_to":"","_links_to_target":""},"categories":[23],"tags":[],"class_list":["post-9731","post","type-post","status-publish","format-standard","has-post-thumbnail","hentry","category-exposiciones"],"_links":{"self":[{"href":"https:\/\/www.huelvaysusfotografos.com\/index.php?rest_route=\/wp\/v2\/posts\/9731","targetHints":{"allow":["GET"]}}],"collection":[{"href":"https:\/\/www.huelvaysusfotografos.com\/index.php?rest_route=\/wp\/v2\/posts"}],"about":[{"href":"https:\/\/www.huelvaysusfotografos.com\/index.php?rest_route=\/wp\/v2\/types\/post"}],"author":[{"embeddable":true,"href":"https:\/\/www.huelvaysusfotografos.com\/index.php?rest_route=\/wp\/v2\/users\/8279"}],"replies":[{"embeddable":true,"href":"https:\/\/www.huelvaysusfotografos.com\/index.php?rest_route=%2Fwp%2Fv2%2Fcomments&post=9731"}],"version-history":[{"count":2,"href":"https:\/\/www.huelvaysusfotografos.com\/index.php?rest_route=\/wp\/v2\/posts\/9731\/revisions"}],"predecessor-version":[{"id":9770,"href":"https:\/\/www.huelvaysusfotografos.com\/index.php?rest_route=\/wp\/v2\/posts\/9731\/revisions\/9770"}],"wp:featuredmedia":[{"embeddable":true,"href":"https:\/\/www.huelvaysusfotografos.com\/index.php?rest_route=\/wp\/v2\/media\/9732"}],"wp:attachment":[{"href":"https:\/\/www.huelvaysusfotografos.com\/index.php?rest_route=%2Fwp%2Fv2%2Fmedia&parent=9731"}],"wp:term":[{"taxonomy":"category","embeddable":true,"href":"https:\/\/www.huelvaysusfotografos.com\/index.php?rest_route=%2Fwp%2Fv2%2Fcategories&post=9731"},{"taxonomy":"post_tag","embeddable":true,"href":"https:\/\/www.huelvaysusfotografos.com\/index.php?rest_route=%2Fwp%2Fv2%2Ftags&post=9731"}],"curies":[{"name":"wp","href":"https:\/\/api.w.org\/{rel}","templated":true}]}}