{"id":9723,"date":"2022-01-04T13:24:02","date_gmt":"2022-01-04T12:24:02","guid":{"rendered":"https:\/\/www.huelvaysusfotografos.com\/?p=9723"},"modified":"2022-01-04T13:24:03","modified_gmt":"2022-01-04T12:24:03","slug":"la-asociacion-huelva-y-sus-fotografos-inaugurara-la-exposicion-el-agua-y-el-puerto-el-proximo-martes-11-de-enero","status":"publish","type":"post","link":"https:\/\/www.huelvaysusfotografos.com\/?p=9723","title":{"rendered":"La Asociaci\u00f3n Huelva y sus Fot\u00f3grafos, inaugurar\u00e1 la Exposici\u00f3n \u201cEl Agua y el Puerto\u201d, el pr\u00f3ximo martes 11 de enero."},"content":{"rendered":"\n<p>La Asociaci\u00f3n Huelva y sus Fot\u00f3grafos comienzan el a\u00f1o 2022 con una exposici\u00f3n colectiva, denominada \u201cEl Agua y El Puerto\u201d.<\/p>\n\n\n\n<p>Un nutrido grupo de socios forman parte de esta Exposici\u00f3n que pone el punto de partida de sus actividades para este 2022.<\/p>\n\n\n\n<p>Las obras expuestas pertenecen a los fot\u00f3grafos, Ana Mar\u00eda C\u00e1liz, Antonio Hald\u00f3n, Sonia Herencia, Alejandro Zalvide, Pepe Orube, Paco Gil, Pedro Ruiz-Constantino, Manuel Pascual, Carmen Pascual, Juli\u00e1n L\u00f3pez, Jos\u00e9 Mar\u00eda Estevez, Antonio Le\u00f1a, Carmelo V\u00e1zquez, Caye Cumbreras, Carmen Torres Chaguaceda, Flor N\u00fa\u00f1ez, Pilar Rodr\u00edguez Barranco, Jos\u00e9 Luis Arizmendi, Elena S\u00e1nchez Balonga, Jes\u00fas Carrasco, Juan Carlos Fern\u00e1ndez, Jer\u00f3nimo Carrasco, Joaqu\u00edn Llagas, Manuel Silva, Juan Carlos Segura, Mar\u00eda Izquierdo y Miriam Rodr\u00edguez.<\/p>\n\n\n\n<p>El&nbsp; cartel es obra de los ilustradores Juan Bueno y Pepe Plaza, la foto que lo ilustra es de Sonia Herencia.<\/p>\n\n\n\n<p>La Asociaci\u00f3n Huelva y sus Fot\u00f3grafos y El Puerto de Huelva, se complacen en invitarles a la inauguraci\u00f3n de la Exposici\u00f3n Colectiva, denominada \u201cEl Agua y El Puerto\u201d, que tendr\u00e1 lugar el pr\u00f3ximo martes 11 de Enero de 2022, a las 12.00 horas, en el centro de Recepci\u00f3n y Documentaci\u00f3n del Puerto de Huelva.<\/p>\n\n\n\n<p>Nos agradar\u00eda que nos acompa\u00f1aran en la Inauguraci\u00f3n de la Exposici\u00f3n Colectiva de la Asociaci\u00f3n Huelva y sus Fot\u00f3grafos, \u201cEl Agua y El Puerto\u201d.<\/p>\n\n\n\n<p>La exposici\u00f3n se podr\u00e1 visitar desde el d\u00eda 11 de enero en horario de lunes a viernes de 10.00 a 14.00 horas y de 17.00 a 20.00 horas.<\/p>\n\n\n\n<div class=\"wp-block-image\"><figure class=\"aligncenter size-large\"><a href=\"https:\/\/www.huelvaysusfotografos.com\/wp-content\/uploads\/2022\/01\/cartel-para-medios-2.jpeg\"><img loading=\"lazy\" decoding=\"async\" width=\"731\" height=\"1024\" src=\"https:\/\/www.huelvaysusfotografos.com\/wp-content\/uploads\/2022\/01\/cartel-para-medios-2-731x1024.jpeg\" alt=\"\" class=\"wp-image-9724\" srcset=\"https:\/\/www.huelvaysusfotografos.com\/wp-content\/uploads\/2022\/01\/cartel-para-medios-2-731x1024.jpeg 731w, https:\/\/www.huelvaysusfotografos.com\/wp-content\/uploads\/2022\/01\/cartel-para-medios-2-214x300.jpeg 214w, https:\/\/www.huelvaysusfotografos.com\/wp-content\/uploads\/2022\/01\/cartel-para-medios-2-768x1076.jpeg 768w, https:\/\/www.huelvaysusfotografos.com\/wp-content\/uploads\/2022\/01\/cartel-para-medios-2-1096x1536.jpeg 1096w, https:\/\/www.huelvaysusfotografos.com\/wp-content\/uploads\/2022\/01\/cartel-para-medios-2.jpeg 1142w\" sizes=\"auto, (max-width: 731px) 100vw, 731px\" \/><\/a><\/figure><\/div>\n","protected":false},"excerpt":{"rendered":"<p>La Asociaci\u00f3n Huelva y sus Fot\u00f3grafos comienzan el a\u00f1o 2022 con una exposici\u00f3n colectiva, denominada \u201cEl Agua y El Puerto\u201d. Un nutrido grupo de socios forman parte de esta Exposici\u00f3n que pone el punto de partida de sus actividades para este 2022. Las obras expuestas pertenecen a los fot\u00f3grafos, Ana Mar\u00eda C\u00e1liz, Antonio Hald\u00f3n, Sonia Herencia, Alejandro Zalvide, Pepe Orube, Paco Gil, Pedro Ruiz-Constantino, Manuel Pascual, Carmen Pascual, Juli\u00e1n L\u00f3pez,<\/p>\n<div class=\"belowpost\"><a class=\"btnmore\" href=\"https:\/\/www.huelvaysusfotografos.com\/?p=9723\">Seguir leyendo<\/a><\/div>\n","protected":false},"author":8279,"featured_media":9721,"comment_status":"open","ping_status":"open","sticky":false,"template":"","format":"standard","meta":{"footnotes":"","_links_to":"","_links_to_target":""},"categories":[4,23],"tags":[],"class_list":["post-9723","post","type-post","status-publish","format-standard","has-post-thumbnail","hentry","category-actividades","category-exposiciones"],"_links":{"self":[{"href":"https:\/\/www.huelvaysusfotografos.com\/index.php?rest_route=\/wp\/v2\/posts\/9723","targetHints":{"allow":["GET"]}}],"collection":[{"href":"https:\/\/www.huelvaysusfotografos.com\/index.php?rest_route=\/wp\/v2\/posts"}],"about":[{"href":"https:\/\/www.huelvaysusfotografos.com\/index.php?rest_route=\/wp\/v2\/types\/post"}],"author":[{"embeddable":true,"href":"https:\/\/www.huelvaysusfotografos.com\/index.php?rest_route=\/wp\/v2\/users\/8279"}],"replies":[{"embeddable":true,"href":"https:\/\/www.huelvaysusfotografos.com\/index.php?rest_route=%2Fwp%2Fv2%2Fcomments&post=9723"}],"version-history":[{"count":1,"href":"https:\/\/www.huelvaysusfotografos.com\/index.php?rest_route=\/wp\/v2\/posts\/9723\/revisions"}],"predecessor-version":[{"id":9725,"href":"https:\/\/www.huelvaysusfotografos.com\/index.php?rest_route=\/wp\/v2\/posts\/9723\/revisions\/9725"}],"wp:featuredmedia":[{"embeddable":true,"href":"https:\/\/www.huelvaysusfotografos.com\/index.php?rest_route=\/wp\/v2\/media\/9721"}],"wp:attachment":[{"href":"https:\/\/www.huelvaysusfotografos.com\/index.php?rest_route=%2Fwp%2Fv2%2Fmedia&parent=9723"}],"wp:term":[{"taxonomy":"category","embeddable":true,"href":"https:\/\/www.huelvaysusfotografos.com\/index.php?rest_route=%2Fwp%2Fv2%2Fcategories&post=9723"},{"taxonomy":"post_tag","embeddable":true,"href":"https:\/\/www.huelvaysusfotografos.com\/index.php?rest_route=%2Fwp%2Fv2%2Ftags&post=9723"}],"curies":[{"name":"wp","href":"https:\/\/api.w.org\/{rel}","templated":true}]}}