{"id":9716,"date":"2022-01-04T11:25:27","date_gmt":"2022-01-04T10:25:27","guid":{"rendered":"https:\/\/www.huelvaysusfotografos.com\/?p=9716"},"modified":"2022-01-04T12:57:19","modified_gmt":"2022-01-04T11:57:19","slug":"inauguracion-exposicion-el-agua-y-el-puerto","status":"publish","type":"post","link":"https:\/\/www.huelvaysusfotografos.com\/?p=9716","title":{"rendered":"Inauguraci\u00f3n Exposici\u00f3n \u201cEl Agua y El Puerto\u201d."},"content":{"rendered":"\n<p>Estimados socios iniciamos el a\u00f1o 2022 con una exposici\u00f3n y  por la presente les convocamos a la Inauguraci\u00f3n de la Exposici\u00f3n Colectiva de la Asociaci\u00f3n Huelva y sus Fot\u00f3grafos, \u201cEl Agua y El Puerto\u201d.<\/p>\n\n\n\n<p>La Asociaci\u00f3n Huelva y sus Fot\u00f3grafos y El Puerto de Huelva, se complacen en invitarles a la inauguraci\u00f3n de la Exposici\u00f3n Colectiva, denominada \u201cEl Agua y El Puerto\u201d, que tendr\u00e1 lugar el pr\u00f3ximo martes 11 de Enero de 2022, a las 12.00 horas, en el centro de Recepci\u00f3n y Documentaci\u00f3n del Puerto de Huelva.<\/p>\n\n\n\n<p><strong><u>Acto<\/u><\/strong>.- Inauguraci\u00f3n Exposici\u00f3n Colectiva \u201cEl Agua y El Puerto\u201d.<\/p>\n\n\n\n<p><strong><u>Lugar.<\/u><\/strong>&#8211; Centro de Recepci\u00f3n y Documentaci\u00f3n del Puerto de Huelva.<\/p>\n\n\n\n<p><strong><u>Fecha<\/u><\/strong>.- martes 11 de enero de 2022.<\/p>\n\n\n\n<p><strong><u>Hora<\/u><\/strong>.- 12.00 horas.<\/p>\n\n\n\n<div class=\"wp-block-image\"><figure class=\"aligncenter size-large\"><a href=\"https:\/\/www.huelvaysusfotografos.com\/wp-content\/uploads\/2022\/01\/cartel-para-medios-1.jpeg\"><img loading=\"lazy\" decoding=\"async\" width=\"731\" height=\"1024\" src=\"https:\/\/www.huelvaysusfotografos.com\/wp-content\/uploads\/2022\/01\/cartel-para-medios-1-731x1024.jpeg\" alt=\"\" class=\"wp-image-9721\" srcset=\"https:\/\/www.huelvaysusfotografos.com\/wp-content\/uploads\/2022\/01\/cartel-para-medios-1-731x1024.jpeg 731w, https:\/\/www.huelvaysusfotografos.com\/wp-content\/uploads\/2022\/01\/cartel-para-medios-1-214x300.jpeg 214w, https:\/\/www.huelvaysusfotografos.com\/wp-content\/uploads\/2022\/01\/cartel-para-medios-1-768x1076.jpeg 768w, https:\/\/www.huelvaysusfotografos.com\/wp-content\/uploads\/2022\/01\/cartel-para-medios-1-1096x1536.jpeg 1096w, https:\/\/www.huelvaysusfotografos.com\/wp-content\/uploads\/2022\/01\/cartel-para-medios-1.jpeg 1142w\" sizes=\"auto, (max-width: 731px) 100vw, 731px\" \/><\/a><\/figure><\/div>\n\n\n\n<div class=\"wp-block-image\"><figure class=\"aligncenter size-full\"><a href=\"https:\/\/www.huelvaysusfotografos.com\/wp-content\/uploads\/2022\/01\/INVITACION-EL-AGUA-Y-EL-PUERTO-1.jpg\"><img loading=\"lazy\" decoding=\"async\" width=\"726\" height=\"403\" src=\"https:\/\/www.huelvaysusfotografos.com\/wp-content\/uploads\/2022\/01\/INVITACION-EL-AGUA-Y-EL-PUERTO-1.jpg\" alt=\"\" class=\"wp-image-9718\" srcset=\"https:\/\/www.huelvaysusfotografos.com\/wp-content\/uploads\/2022\/01\/INVITACION-EL-AGUA-Y-EL-PUERTO-1.jpg 726w, https:\/\/www.huelvaysusfotografos.com\/wp-content\/uploads\/2022\/01\/INVITACION-EL-AGUA-Y-EL-PUERTO-1-300x167.jpg 300w\" sizes=\"auto, (max-width: 726px) 100vw, 726px\" \/><\/a><\/figure><\/div>\n","protected":false},"excerpt":{"rendered":"<p>Estimados socios iniciamos el a\u00f1o 2022 con una exposici\u00f3n y por la presente les convocamos a la Inauguraci\u00f3n de la Exposici\u00f3n Colectiva de la Asociaci\u00f3n Huelva y sus Fot\u00f3grafos, \u201cEl Agua y El Puerto\u201d. La Asociaci\u00f3n Huelva y sus Fot\u00f3grafos y El Puerto de Huelva, se complacen en invitarles a la inauguraci\u00f3n de la Exposici\u00f3n Colectiva, denominada \u201cEl Agua y El Puerto\u201d, que tendr\u00e1 lugar el pr\u00f3ximo martes 11 de<\/p>\n<div class=\"belowpost\"><a class=\"btnmore\" href=\"https:\/\/www.huelvaysusfotografos.com\/?p=9716\">Seguir leyendo<\/a><\/div>\n","protected":false},"author":8279,"featured_media":9720,"comment_status":"open","ping_status":"open","sticky":false,"template":"","format":"standard","meta":{"footnotes":"","_links_to":"","_links_to_target":""},"categories":[23],"tags":[],"class_list":["post-9716","post","type-post","status-publish","format-standard","has-post-thumbnail","hentry","category-exposiciones"],"_links":{"self":[{"href":"https:\/\/www.huelvaysusfotografos.com\/index.php?rest_route=\/wp\/v2\/posts\/9716","targetHints":{"allow":["GET"]}}],"collection":[{"href":"https:\/\/www.huelvaysusfotografos.com\/index.php?rest_route=\/wp\/v2\/posts"}],"about":[{"href":"https:\/\/www.huelvaysusfotografos.com\/index.php?rest_route=\/wp\/v2\/types\/post"}],"author":[{"embeddable":true,"href":"https:\/\/www.huelvaysusfotografos.com\/index.php?rest_route=\/wp\/v2\/users\/8279"}],"replies":[{"embeddable":true,"href":"https:\/\/www.huelvaysusfotografos.com\/index.php?rest_route=%2Fwp%2Fv2%2Fcomments&post=9716"}],"version-history":[{"count":2,"href":"https:\/\/www.huelvaysusfotografos.com\/index.php?rest_route=\/wp\/v2\/posts\/9716\/revisions"}],"predecessor-version":[{"id":9722,"href":"https:\/\/www.huelvaysusfotografos.com\/index.php?rest_route=\/wp\/v2\/posts\/9716\/revisions\/9722"}],"wp:featuredmedia":[{"embeddable":true,"href":"https:\/\/www.huelvaysusfotografos.com\/index.php?rest_route=\/wp\/v2\/media\/9720"}],"wp:attachment":[{"href":"https:\/\/www.huelvaysusfotografos.com\/index.php?rest_route=%2Fwp%2Fv2%2Fmedia&parent=9716"}],"wp:term":[{"taxonomy":"category","embeddable":true,"href":"https:\/\/www.huelvaysusfotografos.com\/index.php?rest_route=%2Fwp%2Fv2%2Fcategories&post=9716"},{"taxonomy":"post_tag","embeddable":true,"href":"https:\/\/www.huelvaysusfotografos.com\/index.php?rest_route=%2Fwp%2Fv2%2Ftags&post=9716"}],"curies":[{"name":"wp","href":"https:\/\/api.w.org\/{rel}","templated":true}]}}