{"id":9706,"date":"2021-12-29T22:42:00","date_gmt":"2021-12-29T21:42:00","guid":{"rendered":"https:\/\/www.huelvaysusfotografos.com\/?p=9706"},"modified":"2021-12-30T09:44:55","modified_gmt":"2021-12-30T08:44:55","slug":"fallados-los-premios-del-concurso-descubre-los-colores-y-las-luces-de-huelva","status":"publish","type":"post","link":"https:\/\/www.huelvaysusfotografos.com\/?p=9706","title":{"rendered":"Fallados los premios del concurso Descubre los colores y las luces de Huelva."},"content":{"rendered":"\n<p><em>El Jurado reunido para fallar los premios del concurso fotogr\u00e1fico celebrado el pasado Fair Saturday, da a conocer el resultado de los ganadores del concurso Descubre los colores y las luces de Huelva. &nbsp;<\/em><\/p>\n\n\n\n<p><em>Manuel Pascual, Carmen Pascual y Joaqu\u00edn Llagas se alzan con los premios de esta edici\u00f3n.<\/em><\/p>\n\n\n\n<p><strong><u>Acta jurado Descubre los colores y las luces de Huelva.<\/u><\/strong><\/p>\n\n\n\n<p>Reunidos los miembros del jurado, Jos\u00e9 Prieto Ramblado, Pilar Rodr\u00edguez Barranco, Elena S\u00e1nchez Balonga y Dulfi, en la tarde del mi\u00e9rcoles 29 de diciembre de 2021, de forma telem\u00e1tica para definir el resultado de las fotos presentadas con motivo de Fair Saturday, <strong><em>Descubre los colores y las luces de Huelva<\/em><\/strong>, acordando por unanimidad de todos los miembros emitir el siguiente fallo:<\/p>\n\n\n\n<p><em><u>Primer Premio<\/u><\/em>.- <strong>Manuel Pascual Bonaque<\/strong>, Esquina calle Miguel Redondo.<\/p>\n\n\n\n<p><em><u>Segundo Premio<\/u><\/em>.-&nbsp; <strong>Carmen Pascual Barea<\/strong>, panor\u00e1mica Plaza de Toros La Merced.<\/p>\n\n\n\n<p><em><u>Tercer Premio<\/u><\/em>.-&nbsp; <strong>Joaqu\u00edn Llagas Moyo<\/strong>, Colores del Muelle del Tinto<\/p>\n\n\n\n<p>Y para que conste y surta los efectos oportunos, se firma el presente acta en Huelva a 29 de diciembre de 2021.<\/p>\n\n\n\n<div class=\"wp-block-image\"><figure class=\"aligncenter size-full\"><a href=\"https:\/\/www.huelvaysusfotografos.com\/wp-content\/uploads\/2021\/12\/PRIMER-PREMIO-MANOLO-PASCUAL.-Esquina-de-Miguel-Redondo_MPB0455-COLOR-1.jpg\"><img loading=\"lazy\" decoding=\"async\" width=\"667\" height=\"1000\" src=\"https:\/\/www.huelvaysusfotografos.com\/wp-content\/uploads\/2021\/12\/PRIMER-PREMIO-MANOLO-PASCUAL.-Esquina-de-Miguel-Redondo_MPB0455-COLOR-1.jpg\" alt=\"\" class=\"wp-image-9708\" srcset=\"https:\/\/www.huelvaysusfotografos.com\/wp-content\/uploads\/2021\/12\/PRIMER-PREMIO-MANOLO-PASCUAL.-Esquina-de-Miguel-Redondo_MPB0455-COLOR-1.jpg 667w, https:\/\/www.huelvaysusfotografos.com\/wp-content\/uploads\/2021\/12\/PRIMER-PREMIO-MANOLO-PASCUAL.-Esquina-de-Miguel-Redondo_MPB0455-COLOR-1-200x300.jpg 200w\" sizes=\"auto, (max-width: 667px) 100vw, 667px\" \/><\/a><\/figure><\/div>\n\n\n\n<div class=\"wp-block-image\"><figure class=\"aligncenter size-full\"><a href=\"https:\/\/www.huelvaysusfotografos.com\/wp-content\/uploads\/2021\/12\/SEGUNDO-PREMIO-CARMEN-PASCUAL-PANORAMICA-PLAZA-TOROS.jpg\"><img loading=\"lazy\" decoding=\"async\" width=\"1500\" height=\"1001\" src=\"https:\/\/www.huelvaysusfotografos.com\/wp-content\/uploads\/2021\/12\/SEGUNDO-PREMIO-CARMEN-PASCUAL-PANORAMICA-PLAZA-TOROS.jpg\" alt=\"\" class=\"wp-image-9709\" srcset=\"https:\/\/www.huelvaysusfotografos.com\/wp-content\/uploads\/2021\/12\/SEGUNDO-PREMIO-CARMEN-PASCUAL-PANORAMICA-PLAZA-TOROS.jpg 1500w, https:\/\/www.huelvaysusfotografos.com\/wp-content\/uploads\/2021\/12\/SEGUNDO-PREMIO-CARMEN-PASCUAL-PANORAMICA-PLAZA-TOROS-300x200.jpg 300w, https:\/\/www.huelvaysusfotografos.com\/wp-content\/uploads\/2021\/12\/SEGUNDO-PREMIO-CARMEN-PASCUAL-PANORAMICA-PLAZA-TOROS-1024x683.jpg 1024w, https:\/\/www.huelvaysusfotografos.com\/wp-content\/uploads\/2021\/12\/SEGUNDO-PREMIO-CARMEN-PASCUAL-PANORAMICA-PLAZA-TOROS-768x513.jpg 768w, https:\/\/www.huelvaysusfotografos.com\/wp-content\/uploads\/2021\/12\/SEGUNDO-PREMIO-CARMEN-PASCUAL-PANORAMICA-PLAZA-TOROS-120x80.jpg 120w\" sizes=\"auto, (max-width: 1500px) 100vw, 1500px\" \/><\/a><\/figure><\/div>\n\n\n\n<div class=\"wp-block-image\"><figure class=\"aligncenter size-full\"><a href=\"https:\/\/www.huelvaysusfotografos.com\/wp-content\/uploads\/2021\/12\/TERCER-PREMIO-JOAQUIN-LLAGAS-MOYO-colores-DEL-TINTO.jpg\"><img loading=\"lazy\" decoding=\"async\" width=\"1500\" height=\"1125\" src=\"https:\/\/www.huelvaysusfotografos.com\/wp-content\/uploads\/2021\/12\/TERCER-PREMIO-JOAQUIN-LLAGAS-MOYO-colores-DEL-TINTO.jpg\" alt=\"\" class=\"wp-image-9710\" srcset=\"https:\/\/www.huelvaysusfotografos.com\/wp-content\/uploads\/2021\/12\/TERCER-PREMIO-JOAQUIN-LLAGAS-MOYO-colores-DEL-TINTO.jpg 1500w, https:\/\/www.huelvaysusfotografos.com\/wp-content\/uploads\/2021\/12\/TERCER-PREMIO-JOAQUIN-LLAGAS-MOYO-colores-DEL-TINTO-300x225.jpg 300w, https:\/\/www.huelvaysusfotografos.com\/wp-content\/uploads\/2021\/12\/TERCER-PREMIO-JOAQUIN-LLAGAS-MOYO-colores-DEL-TINTO-1024x768.jpg 1024w, https:\/\/www.huelvaysusfotografos.com\/wp-content\/uploads\/2021\/12\/TERCER-PREMIO-JOAQUIN-LLAGAS-MOYO-colores-DEL-TINTO-768x576.jpg 768w, https:\/\/www.huelvaysusfotografos.com\/wp-content\/uploads\/2021\/12\/TERCER-PREMIO-JOAQUIN-LLAGAS-MOYO-colores-DEL-TINTO-160x120.jpg 160w\" sizes=\"auto, (max-width: 1500px) 100vw, 1500px\" \/><\/a><figcaption>OLYMPUS DIGITAL CAMERA<\/figcaption><\/figure><\/div>\n\n\n\n<p><\/p>\n","protected":false},"excerpt":{"rendered":"<p>El Jurado reunido para fallar los premios del concurso fotogr\u00e1fico celebrado el pasado Fair Saturday, da a conocer el resultado de los ganadores del concurso Descubre los colores y las luces de Huelva. &nbsp; Manuel Pascual, Carmen Pascual y Joaqu\u00edn Llagas se alzan con los premios de esta edici\u00f3n. Acta jurado Descubre los colores y las luces de Huelva. Reunidos los miembros del jurado, Jos\u00e9 Prieto Ramblado, Pilar Rodr\u00edguez Barranco,<\/p>\n<div class=\"belowpost\"><a class=\"btnmore\" href=\"https:\/\/www.huelvaysusfotografos.com\/?p=9706\">Seguir leyendo<\/a><\/div>\n","protected":false},"author":8279,"featured_media":9707,"comment_status":"open","ping_status":"open","sticky":false,"template":"","format":"standard","meta":{"footnotes":"","_links_to":"","_links_to_target":""},"categories":[12],"tags":[],"class_list":["post-9706","post","type-post","status-publish","format-standard","has-post-thumbnail","hentry","category-concursos"],"_links":{"self":[{"href":"https:\/\/www.huelvaysusfotografos.com\/index.php?rest_route=\/wp\/v2\/posts\/9706","targetHints":{"allow":["GET"]}}],"collection":[{"href":"https:\/\/www.huelvaysusfotografos.com\/index.php?rest_route=\/wp\/v2\/posts"}],"about":[{"href":"https:\/\/www.huelvaysusfotografos.com\/index.php?rest_route=\/wp\/v2\/types\/post"}],"author":[{"embeddable":true,"href":"https:\/\/www.huelvaysusfotografos.com\/index.php?rest_route=\/wp\/v2\/users\/8279"}],"replies":[{"embeddable":true,"href":"https:\/\/www.huelvaysusfotografos.com\/index.php?rest_route=%2Fwp%2Fv2%2Fcomments&post=9706"}],"version-history":[{"count":1,"href":"https:\/\/www.huelvaysusfotografos.com\/index.php?rest_route=\/wp\/v2\/posts\/9706\/revisions"}],"predecessor-version":[{"id":9711,"href":"https:\/\/www.huelvaysusfotografos.com\/index.php?rest_route=\/wp\/v2\/posts\/9706\/revisions\/9711"}],"wp:featuredmedia":[{"embeddable":true,"href":"https:\/\/www.huelvaysusfotografos.com\/index.php?rest_route=\/wp\/v2\/media\/9707"}],"wp:attachment":[{"href":"https:\/\/www.huelvaysusfotografos.com\/index.php?rest_route=%2Fwp%2Fv2%2Fmedia&parent=9706"}],"wp:term":[{"taxonomy":"category","embeddable":true,"href":"https:\/\/www.huelvaysusfotografos.com\/index.php?rest_route=%2Fwp%2Fv2%2Fcategories&post=9706"},{"taxonomy":"post_tag","embeddable":true,"href":"https:\/\/www.huelvaysusfotografos.com\/index.php?rest_route=%2Fwp%2Fv2%2Ftags&post=9706"}],"curies":[{"name":"wp","href":"https:\/\/api.w.org\/{rel}","templated":true}]}}