{"id":9586,"date":"2021-12-05T18:32:17","date_gmt":"2021-12-05T17:32:17","guid":{"rendered":"https:\/\/www.huelvaysusfotografos.com\/?p=9586"},"modified":"2021-12-05T18:32:19","modified_gmt":"2021-12-05T17:32:19","slug":"agua-pa-mi-ganao-de-antonio-pereira-premio-a-la-mejor-foto-del-ano","status":"publish","type":"post","link":"https:\/\/www.huelvaysusfotografos.com\/?p=9586","title":{"rendered":"\u00abAgua pa mi ganao\u00bb, de Antonio Pereira, premio a la mejor foto del a\u00f1o."},"content":{"rendered":"\n<p>Enorme satisfacci\u00f3n para nuestra Asociaci\u00f3n Huelva y sus Fot\u00f3grafos, otro m\u00e1s de nuestros socios, se proclama como galardonado con el primer premio en un concurso fotogr\u00e1fico donde se han presentado un total de 748 im\u00e1genes.  <\/p>\n\n\n\n<p>La obra titulada \u2018Agua pa mi ganao\u2019, del onubense de <a rel=\"noreferrer noopener\" href=\"https:\/\/www.facebook.com\/hashtag\/villanuevadeloscastillejos?__eep__=6&amp;__cft__[0]=AZXohX_5KqC85bujOFGi1ttm0hPQ_kdMZbYMFqNs3tdJ8e-Pz0Hb3Qja8PA7fWzl9GowG5Bufb7jmD4XO3DaOGqD6NKE7FixnW1UtRLYyPtSNqrUSUEKO9bOiowe5nSyg_pk__c8-h6fagniqE5RO0PT&amp;__tn__=*NK-R\" target=\"_blank\">Villanueva de los Castillejos<\/a>, Antonio Pereira, se ha alzado con el nuevo premio a la mejor imagen del a\u00f1o dotado con 600 euros, un galard\u00f3n que se ha unido a los doce ya existentes para cada una de las seis tem\u00e1ticas (\u2018Agricultura\u2019, \u2018Ganader\u00eda\u2019, \u2018Pesca\u2019, \u2018Alimentaci\u00f3n\u2019, \u2018Mujeres en el mundo rural y pesquero\u2019, y \u2018J\u00f3venes en el mundo rural y pesquero\u2019) de las dos categor\u00edas convocadas (\u2018Exposici\u00f3n\u2019 y \u2018General\u2019). <\/p>\n\n\n\n<p>La dotaci\u00f3n econ\u00f3mica de cada uno de estos premios asciende a 500 euros en la categor\u00eda \u2018Exposici\u00f3n, y a 250 euros en el caso de las im\u00e1genes presentadas a \u2018General\u2019.<\/p>\n\n\n\n<p>En un primer momento, los miembros del jurado seleccionaron 47 fotograf\u00edas finalistas entre las que eligieron las 13 im\u00e1genes que finalmente han resultado ganadoras.<\/p>\n\n\n\n<p>Para la concesi\u00f3n de los premios, el jurado ha valorado tanto los criterios t\u00e9cnicos fotogr\u00e1ficos como que las instant\u00e1neas ofrezcan una visi\u00f3n atractiva de la profesi\u00f3n agr\u00edcola, ganadera y pesquera. Asimismo, el jurado tambi\u00e9n ha tenido en cuenta que las im\u00e1genes muestren aspectos dirigidos a mejorar la competitividad de estos sectores estrat\u00e9gicos y para el desarrollo rural de Andaluc\u00eda, como la innovaci\u00f3n, el relevo generacional, la creciente incorporaci\u00f3n de la mujer, la fijaci\u00f3n de la poblaci\u00f3n rural o la apuesta creciente por la econom\u00eda circular.<\/p>\n\n\n\n<p>Atendiendo a las diferentes categor\u00edas y tem\u00e1ticas, los galardonados del concurso fotogr\u00e1fico \u2018Medio Rural y Pesquero en Andaluc\u00eda 2021\u2019 son: <\/p>\n\n\n\n<p><strong>FOTOGRAF\u00cdA GANADORA DEL CONCURSO \u2018Agua pa mi ganao\u2019, de Antonio Pereira Jim\u00e9nez CATEGOR\u00cdA EXPOSICI\u00d3N<\/strong><\/p>\n\n\n\n<p><strong>Tem\u00e1tica Agricultura<\/strong>: \u2018Geometr\u00edas en la vi\u00f1a\u2019, de Francisco Javier Dom\u00ednguez Garc\u00eda.<\/p>\n\n\n\n<p><strong>Tem\u00e1tica Ganader\u00eda<\/strong>: \u2018Sostenibilidad real\u2019, de Mar\u00eda del Carmen Garc\u00eda Moreno.<\/p>\n\n\n\n<p><strong>Tem\u00e1tica Pesca<\/strong>: \u2018Cosedores de redes\u2019, de Jos\u00e9 Reyes Belzunce.<\/p>\n\n\n\n<p><strong>Tem\u00e1tica Alimentaci\u00f3n<\/strong>: \u2018El pan nuestro de cada d\u00eda&#8217;, de Salvador D\u00edaz Rodr\u00edguez.<\/p>\n\n\n\n<p><strong>Tem\u00e1tica Mujeres en el mundo rural y pesquero:<\/strong> \u2018Plantando vitaminas II\u2019, de Javier de la Cruz R\u00edos.<\/p>\n\n\n\n<p><strong>Tem\u00e1tica J\u00f3venes en el mundo rural y pesquero<\/strong>: \u20183 generaciones y el vino\u2019, de Jos\u00e9 Manuel S\u00e1nchez Moreno.<\/p>\n\n\n\n<p><strong>CATEGOR\u00cdA GENERAL <\/strong><\/p>\n\n\n\n<p><strong>Agricultura<\/strong>: \u2018Tabaco antes del corte\u2019, de Jes\u00fas Robles Navarro. <\/p>\n\n\n\n<p><strong>Ganader\u00eda<\/strong>: \u2018Miradas\u2019, de Mar\u00eda del Pilar Soler Peillet.<\/p>\n\n\n\n<p><strong>Pesca<\/strong>: \u2018El pan nuestro\u2019, de Sergio Moral Jim\u00e9nez.<\/p>\n\n\n\n<p><strong>Alimentaci\u00f3n<\/strong>: \u2018Color verde esmeralda. Primer AOVE temprano\u2019, de Javier Aparicio.<\/p>\n\n\n\n<p><strong>Mujeres en el mundo rural y pesquero<\/strong>: \u2018Agricultura de hoy\u2019, de Jos\u00e9 Tom\u00e1s Rojas. <\/p>\n\n\n\n<p><strong>J\u00f3venes en el <\/strong>mundo rural y pesquero: \u2018La siembra del arroz\u2019, de Aitor Lara Moreno.<\/p>\n","protected":false},"excerpt":{"rendered":"<p>Enorme satisfacci\u00f3n para nuestra Asociaci\u00f3n Huelva y sus Fot\u00f3grafos, otro m\u00e1s de nuestros socios, se proclama como galardonado con el primer premio en un concurso fotogr\u00e1fico donde se han presentado un total de 748 im\u00e1genes. La obra titulada \u2018Agua pa mi ganao\u2019, del onubense de Villanueva de los Castillejos, Antonio Pereira, se ha alzado con el nuevo premio a la mejor imagen del a\u00f1o dotado con 600 euros, un galard\u00f3n<\/p>\n<div class=\"belowpost\"><a class=\"btnmore\" href=\"https:\/\/www.huelvaysusfotografos.com\/?p=9586\">Seguir leyendo<\/a><\/div>\n","protected":false},"author":8279,"featured_media":9587,"comment_status":"open","ping_status":"open","sticky":false,"template":"","format":"standard","meta":{"footnotes":"","_links_to":"","_links_to_target":""},"categories":[12],"tags":[],"class_list":["post-9586","post","type-post","status-publish","format-standard","has-post-thumbnail","hentry","category-concursos"],"_links":{"self":[{"href":"https:\/\/www.huelvaysusfotografos.com\/index.php?rest_route=\/wp\/v2\/posts\/9586","targetHints":{"allow":["GET"]}}],"collection":[{"href":"https:\/\/www.huelvaysusfotografos.com\/index.php?rest_route=\/wp\/v2\/posts"}],"about":[{"href":"https:\/\/www.huelvaysusfotografos.com\/index.php?rest_route=\/wp\/v2\/types\/post"}],"author":[{"embeddable":true,"href":"https:\/\/www.huelvaysusfotografos.com\/index.php?rest_route=\/wp\/v2\/users\/8279"}],"replies":[{"embeddable":true,"href":"https:\/\/www.huelvaysusfotografos.com\/index.php?rest_route=%2Fwp%2Fv2%2Fcomments&post=9586"}],"version-history":[{"count":1,"href":"https:\/\/www.huelvaysusfotografos.com\/index.php?rest_route=\/wp\/v2\/posts\/9586\/revisions"}],"predecessor-version":[{"id":9588,"href":"https:\/\/www.huelvaysusfotografos.com\/index.php?rest_route=\/wp\/v2\/posts\/9586\/revisions\/9588"}],"wp:featuredmedia":[{"embeddable":true,"href":"https:\/\/www.huelvaysusfotografos.com\/index.php?rest_route=\/wp\/v2\/media\/9587"}],"wp:attachment":[{"href":"https:\/\/www.huelvaysusfotografos.com\/index.php?rest_route=%2Fwp%2Fv2%2Fmedia&parent=9586"}],"wp:term":[{"taxonomy":"category","embeddable":true,"href":"https:\/\/www.huelvaysusfotografos.com\/index.php?rest_route=%2Fwp%2Fv2%2Fcategories&post=9586"},{"taxonomy":"post_tag","embeddable":true,"href":"https:\/\/www.huelvaysusfotografos.com\/index.php?rest_route=%2Fwp%2Fv2%2Ftags&post=9586"}],"curies":[{"name":"wp","href":"https:\/\/api.w.org\/{rel}","templated":true}]}}