{"id":9581,"date":"2021-12-01T12:13:51","date_gmt":"2021-12-01T11:13:51","guid":{"rendered":"https:\/\/www.huelvaysusfotografos.com\/?p=9581"},"modified":"2021-12-01T12:13:52","modified_gmt":"2021-12-01T11:13:52","slug":"proxima-actividad-quedada-navidena-2021","status":"publish","type":"post","link":"https:\/\/www.huelvaysusfotografos.com\/?p=9581","title":{"rendered":"Pr\u00f3xima actividad, Quedada Navide\u00f1a 2021."},"content":{"rendered":"\n<p>Nos marcamos una nueva actividad para ir cerrando este a\u00f1o 2021, nuestra propuesta pasa por fotografiar la Navidad.<\/p>\n\n\n\n<p>Pasemos un d\u00eda de convivencia y fotograf\u00eda en torno a la Navidad, para ello os proponemos un encuentro el pr\u00f3ximo s\u00e1bado 11 de diciembre a las 11.00 horas en la c\u00e9ntrica Plaza de Las Monjas.<\/p>\n\n\n\n<p>Desde ah\u00ed partiremos para ver y fotografiar los distintos belenes que tenemos en nuestra ciudad, desde el que se encuentra en el patio central del Ayuntamiento de Huelva hasta los que podemos visitar en las distintas casas hermandad de las cofrad\u00edas de Semana Santa.<\/p>\n\n\n\n<p>Daremos rienda suelta a nuestra imaginaci\u00f3n y recorreremos las calles de nuestra ciudad para ad\u00e9ntranos en los puestos navide\u00f1os del paseo chocolate \u00f3 Paseo Santa F\u00e9, como m\u00e1s os guste. <\/p>\n\n\n\n<p>Haremos un respiro para compartir un momento de charla y compartir experiencia en los bares de la zona y tomarnos unas viandas, por cuanta de cada uno.<\/p>\n\n\n\n<p>Y cerraremos el d\u00eda con la iluminaci\u00f3n de las calles, llevando la magia de la Navidad en esos espectaculares alumbrados que recorren nuestras avenidas. Como siempre vuestras im\u00e1genes ser\u00e1n recogidas en un post que publicaremos en nuestra web. <\/p>\n\n\n\n<p>\u00bfOs anim\u00e1is a una jornada fotogr\u00e1fica Navide\u00f1a?<\/p>\n\n\n\n<p>Tema.- Quedada Navide\u00f1a 2021<\/p>\n\n\n\n<p>Lugar.- Plaza de las Monjas (Huelva)<\/p>\n\n\n\n<p>D\u00eda.- s\u00e1bado 11 de diciembre 2021<\/p>\n\n\n\n<p>Hora.- 11.00<\/p>\n\n\n\n<figure class=\"wp-block-image size-full\"><a href=\"https:\/\/www.huelvaysusfotografos.com\/wp-content\/uploads\/2021\/12\/CARTEL-QUEDADA-NAVIDENA-2021.jpg\"><img loading=\"lazy\" decoding=\"async\" width=\"1000\" height=\"667\" src=\"https:\/\/www.huelvaysusfotografos.com\/wp-content\/uploads\/2021\/12\/CARTEL-QUEDADA-NAVIDENA-2021.jpg\" alt=\"\" class=\"wp-image-9582\" srcset=\"https:\/\/www.huelvaysusfotografos.com\/wp-content\/uploads\/2021\/12\/CARTEL-QUEDADA-NAVIDENA-2021.jpg 1000w, https:\/\/www.huelvaysusfotografos.com\/wp-content\/uploads\/2021\/12\/CARTEL-QUEDADA-NAVIDENA-2021-300x200.jpg 300w, https:\/\/www.huelvaysusfotografos.com\/wp-content\/uploads\/2021\/12\/CARTEL-QUEDADA-NAVIDENA-2021-768x512.jpg 768w, https:\/\/www.huelvaysusfotografos.com\/wp-content\/uploads\/2021\/12\/CARTEL-QUEDADA-NAVIDENA-2021-120x80.jpg 120w\" sizes=\"auto, (max-width: 1000px) 100vw, 1000px\" \/><\/a><\/figure>\n\n\n\n<p> <\/p>\n","protected":false},"excerpt":{"rendered":"<p>Nos marcamos una nueva actividad para ir cerrando este a\u00f1o 2021, nuestra propuesta pasa por fotografiar la Navidad. Pasemos un d\u00eda de convivencia y fotograf\u00eda en torno a la Navidad, para ello os proponemos un encuentro el pr\u00f3ximo s\u00e1bado 11 de diciembre a las 11.00 horas en la c\u00e9ntrica Plaza de Las Monjas. Desde ah\u00ed partiremos para ver y fotografiar los distintos belenes que tenemos en nuestra ciudad, desde el<\/p>\n<div class=\"belowpost\"><a class=\"btnmore\" href=\"https:\/\/www.huelvaysusfotografos.com\/?p=9581\">Seguir leyendo<\/a><\/div>\n","protected":false},"author":8279,"featured_media":9582,"comment_status":"open","ping_status":"open","sticky":false,"template":"","format":"standard","meta":{"footnotes":"","_links_to":"","_links_to_target":""},"categories":[4],"tags":[],"class_list":["post-9581","post","type-post","status-publish","format-standard","has-post-thumbnail","hentry","category-actividades"],"_links":{"self":[{"href":"https:\/\/www.huelvaysusfotografos.com\/index.php?rest_route=\/wp\/v2\/posts\/9581","targetHints":{"allow":["GET"]}}],"collection":[{"href":"https:\/\/www.huelvaysusfotografos.com\/index.php?rest_route=\/wp\/v2\/posts"}],"about":[{"href":"https:\/\/www.huelvaysusfotografos.com\/index.php?rest_route=\/wp\/v2\/types\/post"}],"author":[{"embeddable":true,"href":"https:\/\/www.huelvaysusfotografos.com\/index.php?rest_route=\/wp\/v2\/users\/8279"}],"replies":[{"embeddable":true,"href":"https:\/\/www.huelvaysusfotografos.com\/index.php?rest_route=%2Fwp%2Fv2%2Fcomments&post=9581"}],"version-history":[{"count":1,"href":"https:\/\/www.huelvaysusfotografos.com\/index.php?rest_route=\/wp\/v2\/posts\/9581\/revisions"}],"predecessor-version":[{"id":9583,"href":"https:\/\/www.huelvaysusfotografos.com\/index.php?rest_route=\/wp\/v2\/posts\/9581\/revisions\/9583"}],"wp:featuredmedia":[{"embeddable":true,"href":"https:\/\/www.huelvaysusfotografos.com\/index.php?rest_route=\/wp\/v2\/media\/9582"}],"wp:attachment":[{"href":"https:\/\/www.huelvaysusfotografos.com\/index.php?rest_route=%2Fwp%2Fv2%2Fmedia&parent=9581"}],"wp:term":[{"taxonomy":"category","embeddable":true,"href":"https:\/\/www.huelvaysusfotografos.com\/index.php?rest_route=%2Fwp%2Fv2%2Fcategories&post=9581"},{"taxonomy":"post_tag","embeddable":true,"href":"https:\/\/www.huelvaysusfotografos.com\/index.php?rest_route=%2Fwp%2Fv2%2Ftags&post=9581"}],"curies":[{"name":"wp","href":"https:\/\/api.w.org\/{rel}","templated":true}]}}