{"id":920,"date":"2013-04-04T11:54:13","date_gmt":"2013-04-04T10:54:13","guid":{"rendered":"http:\/\/www.huelvaysusfotografos.com\/?p=920"},"modified":"2013-04-04T15:40:42","modified_gmt":"2013-04-04T14:40:42","slug":"eugenio-recuenco-fotografia-de-moda","status":"publish","type":"post","link":"https:\/\/www.huelvaysusfotografos.com\/?p=920","title":{"rendered":"Fotograf\u00eda de Moda: Eugenio Recuenco"},"content":{"rendered":"<p>En esta ocasi\u00f3n os presentamos a uno de los fot\u00f3grafos de moda m\u00e1s importantes del panorama espa\u00f1ol:<a href=\"http:\/\/www.eugeniorecuenco.com\" target=\"_blank\"> Eugenio Recuenco<\/a>.<\/p>\n<p><strong>Eugenio Recuenco<\/strong> es un fot\u00f3grafo madrile\u00f1o (nacido en Madrid en mayo de 1968) considerado uno de los fot\u00f3grafos m\u00e1s creativos de Espa\u00f1a. Su estilo ha sido definido \u201c<em>cinematogr\u00e1fico<\/em>\u201d por <strong>Versace<\/strong> y es favorito entre muchos directores de arte y creativos de agencias de publicidad.<\/p>\n<p style=\"text-align: left;\" align=\"center\"><em><a href=\"http:\/\/www.eugeniorecuenco.com\/fichas\/443.html\" target=\"_blank\"><img loading=\"lazy\" decoding=\"async\" class=\"alignleft\" title=\"Caperucita roja. Vogue 2007.\" alt=\"\" src=\"https:\/\/www.huelvaysusfotografos.com\/wp-content\/uploads\/2013\/04\/imagesCA7QD09O.jpg\" width=\"252\" height=\"200\" \/><\/a>\u00abNo s\u00e9 disparar sobre un fondo blanco y luego a\u00f1adirle toda la historia. Tengo que tener un referente entre la modelo, el fondo, los distintos elementos&#8230; Luego ya se arreglar\u00e1. A lo mejor hago la foto con el coche subido en gatos, y habr\u00e1 luego que borrarlos, pero no puedo hacer la foto de la chica subida a una mesa y luego transportarla a un coche ficticio&#8230; Adem\u00e1s, me lo paso bien montando toda la historia. Necesito tocar los elementos. Lo de si sube el coste&#8230; a m\u00ed no me afecta. Eso es cosa del cliente. Los profesionales s\u00ed notan la diferencia entre puro Photoshop y una foto donde el\u00a0\u00a0<\/em><em>fondo estaba ah\u00ed, exist\u00eda, y otra en que se ha metido.\u00bb <\/em><\/p>\n<p><!--more--><\/p>\n<p style=\"text-align: left;\" align=\"center\">Biograf\u00eda<\/p>\n<ul>\n<li>Estudi\u00f3 Bellas artes y, tras ser taxista y profesor de dibujo, se encuentra actualmente como uno de los mejores fot\u00f3grafos espa\u00f1oles, aunque \u00e9l se considera un \u00abcreador de im\u00e1genes\u00bb.<\/li>\n<li>Principalmente se dedica a la fotograf\u00eda de moda porque, en su opini\u00f3n, es m\u00e1s creativa.<\/li>\n<li>Pero tambi\u00e9n ha realizado varios cortometrajes, anuncios, videoclips e, incluso, la <em>Escenograf\u00eda y Direcci\u00f3n de Arte<\/em> de la nueva versi\u00f3n del cl\u00e1sico oper\u00edstico <em><strong>Les Huguenots<\/strong><\/em>, con la colaboraci\u00f3n del Director de Arte <strong>Eric Dover.<\/strong><\/li>\n<li>Su estilo es muy cinematogr\u00e1fico, detallista y on\u00edrico. Sus fotograf\u00edas son aut\u00e9nticas obras de arte, similares a obras pict\u00f3ricas. Crea mundos incre\u00edbles,fant\u00e1sticos, fascinantes, de cuento de hadas o de pel\u00edcula. Con escenarios totalmente teatrales y llenos de detalles.<\/li>\n<li>Para realizar estas geniales creaciones cuenta con el apoyo de su equipo, al que denomina \u00ab<em>el ojo de Frosker<\/em>\u00ab.<\/li>\n<li>Est\u00e1 trabajando en exclusiva con <em>Vogue Espa\u00f1a<\/em>, ha publicado varios editoriales en la revista <em>Madame Figaro<\/em>. Ha trabajado tambi\u00e9n para <em>Wad, Spoon, Planet, Vanity Fair, Stern, ZinK<\/em> y las espa\u00f1olas <em>View, Vanidad, GQ, Hola<\/em>.<\/li>\n<li>Trabaja para una infinidad de clientes de publicidad y editoriales (marcas de ropa, perfumes, joyas, revistas&#8230;) pero no le importa la marca, sino sentirse orgulloso de la imagen final. Ha realizado campa\u00f1as para las m\u00e1s importantes marcas como <em>Custo Barcelona, Diesel, Puig &#8211; Mango Adorably, Caramelo, Carrera y Carrera, Florentino, Lodi, Chanel, Boucheron, Diesel, Carolina Herrera, Louis Vuitton (Espa\u00f1a), Kina Fern\u00e1ndez, Cimarr\u00f3n, Caroche, Myrurgia<\/em>.<\/li>\n<\/ul>\n<p><a href=\"http:\/\/www.eugeniorecuenco.com\/fichas\/442.html\" target=\"_blank\"><img loading=\"lazy\" decoding=\"async\" class=\"alignright\" style=\"width: 267px; height: 204px;\" title=\"Blancanieves. Vogue novias 2006\" alt=\"\" src=\"https:\/\/www.huelvaysusfotografos.com\/wp-content\/uploads\/2013\/04\/imagesCA4IN3RN.jpg\" width=\"256\" height=\"200\" \/><\/a><\/p>\n<ul>\n<li>Ha recibido numerosos premios, entre ellos:\n<ul>\n<li>en 2003 el <em>V Premio ABC<\/em> de fotograf\u00eda por su obra \u201c<em><strong>Concepci\u00f3n, Parto, Juego y Educaci\u00f3n<\/strong><\/em>\u201d<\/li>\n<li>en 2005 en Cannes por una foto suya para Playstation gan\u00f3 un <em>Le\u00f3n de Oro<\/em><\/li>\n<li>1\u00ba Premio en la <em>Primera Edici\u00f3n de la Semana Internacional de Cine en la Ciudad de M\u00e9xico<\/em> por el cortometraje de 2008 \u201c<em><strong>Esencia de una seducci\u00f3n<\/strong><\/em>\u201d<\/li>\n<li>Oro en Gr\u00e1fica y Bronce en campa\u00f1a exterior en el <em>Sol Festival 2009<\/em> por <em><strong>Playstation<\/strong><\/em> (<em>Festival de Comunicaci\u00f3n Publicitaria Iberoamericano<\/em>).<\/li>\n<\/ul>\n<\/li>\n<li>Ha realizado en 2007 el calendario <em>Lavazza<\/em> y rod\u00f3 el spot publicitario de <em>Nina Ricci<\/em>.<\/li>\n<li>Ha participado en <em>PhotoEspa\u00f1a<\/em>, expuesto en el <em>Naarden Photofestival<\/em> de Holanda, <em>Art Toronto 2007<\/em>, en la galer\u00eda parisina <em>Bertin-Toublanc<\/em> y en el <em>Festival de Fotograf\u00eda de Miami<\/em>. Y en 2008 en <em>Les rencontres d\u00b4Arles<\/em> con videos. M\u00e1s recientemente, la exposici\u00f3n <em><strong>Matarte es Matarme<\/strong><\/em> en Madrid.<\/li>\n<li>Como proyectos m\u00e1s personales, cuenta con pel\u00edculas como <em><strong>88:88, Silk, Essence, Por Nada, Xmas <\/strong><\/em>y<em><strong> Boxeo<\/strong><\/em>.<\/li>\n<li>En la actualidad sigue haciendo lo de siempre: trabajar. Trabajar en diversos proyectos y medios, pero siempre con una gran creatividad.<\/li>\n<li>En este mes realiza en Colombia una exposici\u00f3n por las calles de Bogot\u00e1.<\/li>\n<\/ul>\n<p>&nbsp;<\/p>\n<p>&nbsp;<\/p>\n<p style=\"text-align: center;\">\n<p>\u00a0Fuente: <a href=\"http:\/\/www.cadadiaunfotografo.com\/2011\/05\/eugenio-recuenco.html\">http:\/\/www.cadadiaunfotografo.com\/2011\/05\/eugenio-recuenco.html<\/a><\/p>\n<p>&nbsp;<\/p>\n","protected":false},"excerpt":{"rendered":"<p>En esta ocasi\u00f3n os presentamos a uno de los fot\u00f3grafos de moda m\u00e1s importantes del panorama espa\u00f1ol: Eugenio Recuenco. Eugenio Recuenco es un fot\u00f3grafo madrile\u00f1o (nacido en Madrid en mayo de 1968) considerado uno de los fot\u00f3grafos m\u00e1s creativos de Espa\u00f1a. Su estilo ha sido definido \u201ccinematogr\u00e1fico\u201d por Versace y es favorito entre muchos directores de arte y creativos de agencias de publicidad. \u00abNo s\u00e9 disparar sobre un fondo blanco<\/p>\n<div class=\"belowpost\"><a class=\"btnmore\" href=\"https:\/\/www.huelvaysusfotografos.com\/?p=920\">Seguir leyendo<\/a><\/div>\n","protected":false},"author":6,"featured_media":0,"comment_status":"open","ping_status":"open","sticky":false,"template":"","format":"standard","meta":{"footnotes":"","_links_to":"","_links_to_target":""},"categories":[122,15],"tags":[],"class_list":["post-920","post","type-post","status-publish","format-standard","hentry","category-fotografia","category-fotografos"],"_links":{"self":[{"href":"https:\/\/www.huelvaysusfotografos.com\/index.php?rest_route=\/wp\/v2\/posts\/920","targetHints":{"allow":["GET"]}}],"collection":[{"href":"https:\/\/www.huelvaysusfotografos.com\/index.php?rest_route=\/wp\/v2\/posts"}],"about":[{"href":"https:\/\/www.huelvaysusfotografos.com\/index.php?rest_route=\/wp\/v2\/types\/post"}],"author":[{"embeddable":true,"href":"https:\/\/www.huelvaysusfotografos.com\/index.php?rest_route=\/wp\/v2\/users\/6"}],"replies":[{"embeddable":true,"href":"https:\/\/www.huelvaysusfotografos.com\/index.php?rest_route=%2Fwp%2Fv2%2Fcomments&post=920"}],"version-history":[{"count":22,"href":"https:\/\/www.huelvaysusfotografos.com\/index.php?rest_route=\/wp\/v2\/posts\/920\/revisions"}],"predecessor-version":[{"id":940,"href":"https:\/\/www.huelvaysusfotografos.com\/index.php?rest_route=\/wp\/v2\/posts\/920\/revisions\/940"}],"wp:attachment":[{"href":"https:\/\/www.huelvaysusfotografos.com\/index.php?rest_route=%2Fwp%2Fv2%2Fmedia&parent=920"}],"wp:term":[{"taxonomy":"category","embeddable":true,"href":"https:\/\/www.huelvaysusfotografos.com\/index.php?rest_route=%2Fwp%2Fv2%2Fcategories&post=920"},{"taxonomy":"post_tag","embeddable":true,"href":"https:\/\/www.huelvaysusfotografos.com\/index.php?rest_route=%2Fwp%2Fv2%2Ftags&post=920"}],"curies":[{"name":"wp","href":"https:\/\/api.w.org\/{rel}","templated":true}]}}