{"id":836,"date":"2013-03-31T19:15:45","date_gmt":"2013-03-31T18:15:45","guid":{"rendered":"http:\/\/www.huelvaysusfotografos.com\/?p=836"},"modified":"2013-04-01T13:41:06","modified_gmt":"2013-04-01T12:41:06","slug":"tertulia-abril-jueves-dia-4","status":"publish","type":"post","link":"https:\/\/www.huelvaysusfotografos.com\/?p=836","title":{"rendered":"Tertulia Abril Jueves Dia 4"},"content":{"rendered":"<p align=\"LEFT\">El pr\u00f3ximo Jueves d\u00eda 4, a partir de las 18h en Bar Los Moz\u00e1rabes, celebraremos nuestra Tertulia del mes de Abril.<\/p>\n<p align=\"LEFT\">A continuaci\u00f3n os dejo un resumen que ha elaborado nuestro compa\u00f1ero Juan Sande, Responsable de este Evento, sobre la anterior Tertulia del mes de Marzo:<\/p>\n<p align=\"LEFT\">Despu\u00e9s de disfrutar de una velada fotogr\u00e1fica, donde hubo de todo un poco: repasamos las actividades de nuestra Asociaci\u00f3n, nos pusimos de acuerdo con algunas actividades, tuvimos un rato de convivencia(unos m\u00e1s larga que otros&#8230;.), y debatimos sobre una cuesti\u00f3n muy importante que es la INTENCIONALIDAD con la que hacemos las fotograf\u00edas.<\/p>\n<p align=\"LEFT\">Recordando y haciendo un resumen de todo lo que dialogamos&#8230;&#8230;..<\/p>\n<p> <!--more--><\/p>\n<p align=\"LEFT\">Existen algunos elementos importantes a lo hora de hacer una o serie de toma fotogr\u00e1fica, como son por ejemplo:<\/p>\n<p align=\"LEFT\">&#8211; la perspectiva, desde donde hacemos la toma.<\/p>\n<p align=\"LEFT\">&#8211; distintas formas de iluminaci\u00f3n.<\/p>\n<p align=\"LEFT\">&#8211; Si el final del trabajo es en color o b\/n.<\/p>\n<p align=\"LEFT\">&#8211; el encuadre.<\/p>\n<p align=\"LEFT\">&#8211; y algunas m\u00e1s &#8230;<\/p>\n<p align=\"LEFT\">De entre todas hay un elemento que en muchas ocasiones lo obviamos y parece que no<\/p>\n<p align=\"LEFT\">tiene importancia y es la INTENCI\u00d3N con la que hacemos la toma, esta reflexi\u00f3n nos lleva<\/p>\n<p align=\"LEFT\">a plantear que es lo que queremos transmitir con la imagen o con el grupo de im\u00e1genes y<\/p>\n<p align=\"LEFT\">en funci\u00f3n de esto regulamos el resto de los par\u00e1metros.<\/p>\n<p align=\"LEFT\">Si record\u00e1is estudiamos a dos buenos fot\u00f3grafos que hicieron el mismo encargo, y a<\/p>\n<p align=\"LEFT\">pesar de que mostraban lo mismo, pero con dos puntos de vistas muy diferentes, con dos<\/p>\n<p align=\"LEFT\">intenciones casi opuestas.<\/p>\n<p align=\"LEFT\">Pues bien, para esta pr\u00f3xima Tertulia, aparte de comentar las pr\u00f3ximas actividades que vamos a desarrollar durante este mes de Abril y el pr\u00f3ximo de Mayo, \u00a0vamos ha seguir en la misma linea y profundizando un poco m\u00e1s en todos estos argumentos, vamos a estudiar im\u00e1genes realizadas por nosotros mismos&#8230;.<\/p>\n<p align=\"LEFT\">Para que sea una cuesti\u00f3n divertida y amena, os propongo lo siguiente&#8230;.<\/p>\n<p align=\"LEFT\">Cada participante que lo desee puede traer una serie de 3 a 5 im\u00e1genes en formato papel de 10&#215;15, en color o b\/n, donde exprese con esas im\u00e1genes una \u201csensaci\u00f3n\u201d.<\/p>\n<p align=\"LEFT\">Seg\u00fan la RAE&#8230;Sensaci\u00f3n: Impresi\u00f3n que las cosas se producen por medio de los sentidos.<\/p>\n<p align=\"LEFT\">Ser\u00eda muy f\u00e1cil hacer una fotograf\u00eda que refleje una emoci\u00f3n, un ni\u00f1o con l\u00e1grimas en los ojos y rostro expresivo, nos da una imagen que nos muestra tristeza, eso es una emoci\u00f3n&#8230;.! Pues bien tenemos que crear una imagen o serie de im\u00e1genes donde al verlas tengamos la sensaci\u00f3n de tristeza.<\/p>\n<p align=\"LEFT\">Bueno venga al l\u00edo, que nos vemos el Jueves &#8230;. Veremos nuestras fotos y estudiaremos fot\u00f3grafos que hablen de estas sensaciones&#8230;!!<\/p>\n","protected":false},"excerpt":{"rendered":"<p>El pr\u00f3ximo Jueves d\u00eda 4, a partir de las 18h en Bar Los Moz\u00e1rabes, celebraremos nuestra Tertulia del mes de Abril. A continuaci\u00f3n os dejo un resumen que ha elaborado nuestro compa\u00f1ero Juan Sande, Responsable de este Evento, sobre la anterior Tertulia del mes de Marzo: Despu\u00e9s de disfrutar de una velada fotogr\u00e1fica, donde hubo de todo un poco: repasamos las actividades de nuestra Asociaci\u00f3n, nos pusimos de acuerdo con<\/p>\n<div class=\"belowpost\"><a class=\"btnmore\" href=\"https:\/\/www.huelvaysusfotografos.com\/?p=836\">Seguir leyendo<\/a><\/div>\n","protected":false},"author":8,"featured_media":0,"comment_status":"open","ping_status":"open","sticky":false,"template":"","format":"standard","meta":{"footnotes":"","_links_to":"","_links_to_target":""},"categories":[3,32],"tags":[],"class_list":["post-836","post","type-post","status-publish","format-standard","hentry","category-noticias","category-tertulias"],"_links":{"self":[{"href":"https:\/\/www.huelvaysusfotografos.com\/index.php?rest_route=\/wp\/v2\/posts\/836","targetHints":{"allow":["GET"]}}],"collection":[{"href":"https:\/\/www.huelvaysusfotografos.com\/index.php?rest_route=\/wp\/v2\/posts"}],"about":[{"href":"https:\/\/www.huelvaysusfotografos.com\/index.php?rest_route=\/wp\/v2\/types\/post"}],"author":[{"embeddable":true,"href":"https:\/\/www.huelvaysusfotografos.com\/index.php?rest_route=\/wp\/v2\/users\/8"}],"replies":[{"embeddable":true,"href":"https:\/\/www.huelvaysusfotografos.com\/index.php?rest_route=%2Fwp%2Fv2%2Fcomments&post=836"}],"version-history":[{"count":4,"href":"https:\/\/www.huelvaysusfotografos.com\/index.php?rest_route=\/wp\/v2\/posts\/836\/revisions"}],"predecessor-version":[{"id":838,"href":"https:\/\/www.huelvaysusfotografos.com\/index.php?rest_route=\/wp\/v2\/posts\/836\/revisions\/838"}],"wp:attachment":[{"href":"https:\/\/www.huelvaysusfotografos.com\/index.php?rest_route=%2Fwp%2Fv2%2Fmedia&parent=836"}],"wp:term":[{"taxonomy":"category","embeddable":true,"href":"https:\/\/www.huelvaysusfotografos.com\/index.php?rest_route=%2Fwp%2Fv2%2Fcategories&post=836"},{"taxonomy":"post_tag","embeddable":true,"href":"https:\/\/www.huelvaysusfotografos.com\/index.php?rest_route=%2Fwp%2Fv2%2Ftags&post=836"}],"curies":[{"name":"wp","href":"https:\/\/api.w.org\/{rel}","templated":true}]}}