{"id":8106,"date":"2021-09-28T22:16:00","date_gmt":"2021-09-28T20:16:00","guid":{"rendered":"http:\/\/www.huelvaysusfotografos.com\/?p=8106"},"modified":"2021-10-01T17:01:46","modified_gmt":"2021-10-01T15:01:46","slug":"actividades-que-hara-hysf-para-el-fair-saturday","status":"publish","type":"post","link":"https:\/\/www.huelvaysusfotografos.com\/?p=8106","title":{"rendered":"Actividades que har\u00e1 HYSF para el Fair Saturday."},"content":{"rendered":"\n<p>La capital onubense vuelve a ser por quinto a\u00f1o consecutivo una de las sedes oficiales del movimiento global <strong>Fair Saturday<\/strong>, como se ha anunciado en la gala celebrada este lunes en el Museo Guggenheim de Bilbao, en la que el alcalde de Huelva, Gabriel Cruz, ha destacado <em>\u201cel poder transformador de la cultura para avanzar hacia un mundo m\u00e1s humano, con m\u00e1s progreso, justicia y libertad\u201d.<\/em><\/p>\n\n\n\n<p>El <strong>27 de noviembre<\/strong> se desarrollar\u00e1 una jornada coordinada a nivel internacional para promover iniciativas culturales destinadas a fines sociales, como se viene haciendo cada \u00faltimo s\u00e1bado de noviembre, el d\u00eda siguiente al Black Friday.<\/p>\n\n\n\n<p>Huelva ser\u00e1, junto a Bilbao, La Rioja, Lisboa y Escocia, una de las cinco ciudades que ser\u00e1n&nbsp;<strong>sede oficial<\/strong>&nbsp;en una edici\u00f3n en la que, adem\u00e1s, participar\u00e1n como \u2018territorios amigos\u2019 M\u00e1laga, Leeuwarden, Bristol, Cardiff, Lima, Atlanta, B\u00e9lgica, Massachusetts, Quincy y Helsinky.<\/p>\n\n\n\n<p>La <strong>Asociaci\u00f3n Huelva y sus fot\u00f3grafos<\/strong>, se suma un a\u00f1o m\u00e1s a esta iniciativa en la que presentamos dos actividades ya aprobadas por la organizaci\u00f3n.<\/p>\n\n\n\n<p>1.- Fotograf\u00eda de Calle y Retratos en un estudio instalado en la Plaza de Las Monjas, junto al monumento a Col\u00f3n.<\/p>\n\n\n\n<p>2.- Descubre los colores y las luces de Huelva.<\/p>\n\n\n\n<p>Podr\u00e1n participar todos los fot\u00f3grafos aficionados o profesionales que lo deseen. Inscripci\u00f3n de 5 euros.<\/p>\n\n\n\n<p>Concurso patrocinado por con tres premios cortes\u00eda de las firmas, <strong>Elena S\u00e1nchez Balonga Fotograf\u00eda y Dulfi Fotograf\u00eda<\/strong>.<\/p>\n\n\n\n<p>Daremos visibilidad y nos acompa\u00f1ar\u00e1 en esta c\u00e9ntrica plaza de las Monjas de Huelva, <strong>Fundaci\u00f3n Laberinto, Centro Polivalente Palante-Popal-<\/strong> j\u00f3venes con habilidades especiales y\/o enfermedades raras, que instalar\u00e1 junto a esta sesi\u00f3n fotogr\u00e1fica, una mesa informativa.<\/p>\n\n\n\n<p>Ampliamos informaci\u00f3n de las bases del concurso y c\u00f3mo participar en otro post.<\/p>\n","protected":false},"excerpt":{"rendered":"<p>La capital onubense vuelve a ser por quinto a\u00f1o consecutivo una de las sedes oficiales del movimiento global Fair Saturday, como se ha anunciado en la gala celebrada este lunes en el Museo Guggenheim de Bilbao, en la que el alcalde de Huelva, Gabriel Cruz, ha destacado \u201cel poder transformador de la cultura para avanzar hacia un mundo m\u00e1s humano, con m\u00e1s progreso, justicia y libertad\u201d. El 27 de noviembre<\/p>\n<div class=\"belowpost\"><a class=\"btnmore\" href=\"https:\/\/www.huelvaysusfotografos.com\/?p=8106\">Seguir leyendo<\/a><\/div>\n","protected":false},"author":8279,"featured_media":8107,"comment_status":"open","ping_status":"open","sticky":false,"template":"","format":"standard","meta":{"footnotes":"","_links_to":"","_links_to_target":""},"categories":[4],"tags":[],"class_list":["post-8106","post","type-post","status-publish","format-standard","has-post-thumbnail","hentry","category-actividades"],"_links":{"self":[{"href":"https:\/\/www.huelvaysusfotografos.com\/index.php?rest_route=\/wp\/v2\/posts\/8106","targetHints":{"allow":["GET"]}}],"collection":[{"href":"https:\/\/www.huelvaysusfotografos.com\/index.php?rest_route=\/wp\/v2\/posts"}],"about":[{"href":"https:\/\/www.huelvaysusfotografos.com\/index.php?rest_route=\/wp\/v2\/types\/post"}],"author":[{"embeddable":true,"href":"https:\/\/www.huelvaysusfotografos.com\/index.php?rest_route=\/wp\/v2\/users\/8279"}],"replies":[{"embeddable":true,"href":"https:\/\/www.huelvaysusfotografos.com\/index.php?rest_route=%2Fwp%2Fv2%2Fcomments&post=8106"}],"version-history":[{"count":4,"href":"https:\/\/www.huelvaysusfotografos.com\/index.php?rest_route=\/wp\/v2\/posts\/8106\/revisions"}],"predecessor-version":[{"id":8185,"href":"https:\/\/www.huelvaysusfotografos.com\/index.php?rest_route=\/wp\/v2\/posts\/8106\/revisions\/8185"}],"wp:featuredmedia":[{"embeddable":true,"href":"https:\/\/www.huelvaysusfotografos.com\/index.php?rest_route=\/wp\/v2\/media\/8107"}],"wp:attachment":[{"href":"https:\/\/www.huelvaysusfotografos.com\/index.php?rest_route=%2Fwp%2Fv2%2Fmedia&parent=8106"}],"wp:term":[{"taxonomy":"category","embeddable":true,"href":"https:\/\/www.huelvaysusfotografos.com\/index.php?rest_route=%2Fwp%2Fv2%2Fcategories&post=8106"},{"taxonomy":"post_tag","embeddable":true,"href":"https:\/\/www.huelvaysusfotografos.com\/index.php?rest_route=%2Fwp%2Fv2%2Ftags&post=8106"}],"curies":[{"name":"wp","href":"https:\/\/api.w.org\/{rel}","templated":true}]}}