{"id":810,"date":"2013-03-26T18:23:14","date_gmt":"2013-03-26T17:23:14","guid":{"rendered":"http:\/\/www.huelvaysusfotografos.com\/?p=810"},"modified":"2013-03-26T18:23:14","modified_gmt":"2013-03-26T17:23:14","slug":"espectacular-ataque-de-panico","status":"publish","type":"post","link":"https:\/\/www.huelvaysusfotografos.com\/?p=810","title":{"rendered":"Espectacular ataque de p\u00e1nico"},"content":{"rendered":"<p>Que nooo, que no es la segunda parte de La Guerra de los Mundo, que noooo est\u00e1 echa por Steven Spielberg, que noooo ha costado 200 millones de d\u00f3lares &#8230;.<\/p>\n<p>Este fant\u00e1stico corto lo ha realizado un Uruguayo llamado Fede \u00c1lvarez, y le ha costado s\u00f3lamente 300 $, ahora eso s\u00ed, son los 300 $ mejor invertidos de su vida, porque ya est\u00e1 en Holywood y con 30 millones para convertir su peque\u00f1o corto en toda una pel\u00edcula.<\/p>\n<p>Hay gente que se merece triunfar y este hombre &#8230; se lo ha ganado a pulso, vean y opinen.<\/p>\n<p>\u00abAtaque de p\u00e1nico &#8211; 2009\u00bb<\/p>\n<p><iframe loading=\"lazy\" src=\"http:\/\/www.youtube.com\/embed\/-dadPWhEhVk?rel=0\" height=\"360\" width=\"640\" allowfullscreen=\"\" frameborder=\"0\"><\/iframe><\/p>\n","protected":false},"excerpt":{"rendered":"<p>Que nooo, que no es la segunda parte de La Guerra de los Mundo, que noooo est\u00e1 echa por Steven Spielberg, que noooo ha costado 200 millones de d\u00f3lares &#8230;. Este fant\u00e1stico corto lo ha realizado un Uruguayo llamado Fede \u00c1lvarez, y le ha costado s\u00f3lamente 300 $, ahora eso s\u00ed, son los 300 $ mejor invertidos de su vida, porque ya est\u00e1 en Holywood y con 30 millones para<\/p>\n<div class=\"belowpost\"><a class=\"btnmore\" href=\"https:\/\/www.huelvaysusfotografos.com\/?p=810\">Seguir leyendo<\/a><\/div>\n","protected":false},"author":2,"featured_media":0,"comment_status":"open","ping_status":"open","sticky":false,"template":"","format":"standard","meta":{"footnotes":"","_links_to":"","_links_to_target":""},"categories":[3],"tags":[44,45,46],"class_list":["post-810","post","type-post","status-publish","format-standard","hentry","category-noticias","tag-cine-2","tag-corto","tag-video"],"_links":{"self":[{"href":"https:\/\/www.huelvaysusfotografos.com\/index.php?rest_route=\/wp\/v2\/posts\/810","targetHints":{"allow":["GET"]}}],"collection":[{"href":"https:\/\/www.huelvaysusfotografos.com\/index.php?rest_route=\/wp\/v2\/posts"}],"about":[{"href":"https:\/\/www.huelvaysusfotografos.com\/index.php?rest_route=\/wp\/v2\/types\/post"}],"author":[{"embeddable":true,"href":"https:\/\/www.huelvaysusfotografos.com\/index.php?rest_route=\/wp\/v2\/users\/2"}],"replies":[{"embeddable":true,"href":"https:\/\/www.huelvaysusfotografos.com\/index.php?rest_route=%2Fwp%2Fv2%2Fcomments&post=810"}],"version-history":[{"count":4,"href":"https:\/\/www.huelvaysusfotografos.com\/index.php?rest_route=\/wp\/v2\/posts\/810\/revisions"}],"predecessor-version":[{"id":814,"href":"https:\/\/www.huelvaysusfotografos.com\/index.php?rest_route=\/wp\/v2\/posts\/810\/revisions\/814"}],"wp:attachment":[{"href":"https:\/\/www.huelvaysusfotografos.com\/index.php?rest_route=%2Fwp%2Fv2%2Fmedia&parent=810"}],"wp:term":[{"taxonomy":"category","embeddable":true,"href":"https:\/\/www.huelvaysusfotografos.com\/index.php?rest_route=%2Fwp%2Fv2%2Fcategories&post=810"},{"taxonomy":"post_tag","embeddable":true,"href":"https:\/\/www.huelvaysusfotografos.com\/index.php?rest_route=%2Fwp%2Fv2%2Ftags&post=810"}],"curies":[{"name":"wp","href":"https:\/\/api.w.org\/{rel}","templated":true}]}}