{"id":8076,"date":"2021-09-28T22:57:18","date_gmt":"2021-09-28T20:57:18","guid":{"rendered":"http:\/\/www.huelvaysusfotografos.com\/?p=8076"},"modified":"2021-09-28T23:55:15","modified_gmt":"2021-09-28T21:55:15","slug":"quedada-fotografica-carnavalera-en-el-parque-moret","status":"publish","type":"post","link":"https:\/\/www.huelvaysusfotografos.com\/?p=8076","title":{"rendered":"Quedada fotogr\u00e1fica carnavalera en el Parque Moret."},"content":{"rendered":"\n<p>Nuestro pr\u00f3ximo encuentro fotogr\u00e1fico pasa por el pulm\u00f3n verde de Huelva, el conocido Parque Moret, lugar singular de nuestra ciudad donde poder realizar fotos variadas con infinidad de opciones.<\/p>\n\n\n\n<p>El pr\u00f3ximo 17 de octubre a partir de las doce del mediod\u00eda&nbsp; un total de diecisiete grupos de carnaval de Huelva capital interpretar\u00e1n su repertorio en el Parque Moret.<\/p>\n\n\n\n<p>Podremos realizar fotos de los grupos actuantes que estar\u00e1n en un escenario montado el parque Moret, desde las 12.00 de la ma\u00f1ana hasta la tarde-noche.<\/p>\n\n\n\n<p>Entrada libre para todos los que deseen participar de esta actividad.<\/p>\n\n\n\n<div class=\"wp-block-image\"><figure class=\"alignleft size-full is-resized\"><a href=\"https:\/\/www.huelvaysusfotografos.com\/wp-content\/uploads\/2021\/09\/CARTEL-FOPAC.jpg\"><img loading=\"lazy\" decoding=\"async\" src=\"https:\/\/www.huelvaysusfotografos.com\/wp-content\/uploads\/2021\/09\/CARTEL-FOPAC.jpg\" alt=\"\" class=\"wp-image-8078\" width=\"131\" height=\"154\" srcset=\"https:\/\/www.huelvaysusfotografos.com\/wp-content\/uploads\/2021\/09\/CARTEL-FOPAC.jpg 1080w, https:\/\/www.huelvaysusfotografos.com\/wp-content\/uploads\/2021\/09\/CARTEL-FOPAC-255x300.jpg 255w, https:\/\/www.huelvaysusfotografos.com\/wp-content\/uploads\/2021\/09\/CARTEL-FOPAC-870x1024.jpg 870w, https:\/\/www.huelvaysusfotografos.com\/wp-content\/uploads\/2021\/09\/CARTEL-FOPAC-768x904.jpg 768w\" sizes=\"auto, (max-width: 131px) 100vw, 131px\" \/><\/a><\/figure><\/div>\n\n\n\n<p>De las fotos realizadas en ese d\u00eda subiremos una galer\u00eda a nuestra web.<\/p>\n\n\n\n<p>Los encargados de ese encuentro pondr\u00e1n barras para el avituallamiento del que lo desee.<\/p>\n\n\n\n<p><strong>Quedada fotogr\u00e1fica<\/strong>.- domingo 17 de octubre de 2021<\/p>\n\n\n\n<p><strong>Hora<\/strong>.- desde las 12.00 horas<\/p>\n\n\n\n<p><strong>Lugar<\/strong>.- Parque Moret. Entrada por Avda. de la Cinta.<\/p>\n\n\n\n<div class=\"wp-block-image\"><figure class=\"aligncenter size-full is-resized\"><a href=\"https:\/\/www.huelvaysusfotografos.com\/wp-content\/uploads\/2021\/09\/cartel-definitivo-carnaval-parque-Moret-1.jpg\"><img loading=\"lazy\" decoding=\"async\" src=\"https:\/\/www.huelvaysusfotografos.com\/wp-content\/uploads\/2021\/09\/cartel-definitivo-carnaval-parque-Moret-1.jpg\" alt=\"\" class=\"wp-image-8081\" width=\"663\" height=\"442\" srcset=\"https:\/\/www.huelvaysusfotografos.com\/wp-content\/uploads\/2021\/09\/cartel-definitivo-carnaval-parque-Moret-1.jpg 1326w, https:\/\/www.huelvaysusfotografos.com\/wp-content\/uploads\/2021\/09\/cartel-definitivo-carnaval-parque-Moret-1-300x200.jpg 300w, https:\/\/www.huelvaysusfotografos.com\/wp-content\/uploads\/2021\/09\/cartel-definitivo-carnaval-parque-Moret-1-1024x683.jpg 1024w, https:\/\/www.huelvaysusfotografos.com\/wp-content\/uploads\/2021\/09\/cartel-definitivo-carnaval-parque-Moret-1-768x512.jpg 768w, https:\/\/www.huelvaysusfotografos.com\/wp-content\/uploads\/2021\/09\/cartel-definitivo-carnaval-parque-Moret-1-120x80.jpg 120w\" sizes=\"auto, (max-width: 663px) 100vw, 663px\" \/><\/a><\/figure><\/div>\n","protected":false},"excerpt":{"rendered":"<p>Nuestro pr\u00f3ximo encuentro fotogr\u00e1fico pasa por el pulm\u00f3n verde de Huelva, el conocido Parque Moret, lugar singular de nuestra ciudad donde poder realizar fotos variadas con infinidad de opciones. El pr\u00f3ximo 17 de octubre a partir de las doce del mediod\u00eda&nbsp; un total de diecisiete grupos de carnaval de Huelva capital interpretar\u00e1n su repertorio en el Parque Moret. Podremos realizar fotos de los grupos actuantes que estar\u00e1n en un escenario<\/p>\n<div class=\"belowpost\"><a class=\"btnmore\" href=\"https:\/\/www.huelvaysusfotografos.com\/?p=8076\">Seguir leyendo<\/a><\/div>\n","protected":false},"author":8279,"featured_media":8080,"comment_status":"open","ping_status":"open","sticky":false,"template":"","format":"standard","meta":{"footnotes":"","_links_to":"","_links_to_target":""},"categories":[6],"tags":[],"class_list":["post-8076","post","type-post","status-publish","format-standard","has-post-thumbnail","hentry","category-quedadas"],"_links":{"self":[{"href":"https:\/\/www.huelvaysusfotografos.com\/index.php?rest_route=\/wp\/v2\/posts\/8076","targetHints":{"allow":["GET"]}}],"collection":[{"href":"https:\/\/www.huelvaysusfotografos.com\/index.php?rest_route=\/wp\/v2\/posts"}],"about":[{"href":"https:\/\/www.huelvaysusfotografos.com\/index.php?rest_route=\/wp\/v2\/types\/post"}],"author":[{"embeddable":true,"href":"https:\/\/www.huelvaysusfotografos.com\/index.php?rest_route=\/wp\/v2\/users\/8279"}],"replies":[{"embeddable":true,"href":"https:\/\/www.huelvaysusfotografos.com\/index.php?rest_route=%2Fwp%2Fv2%2Fcomments&post=8076"}],"version-history":[{"count":3,"href":"https:\/\/www.huelvaysusfotografos.com\/index.php?rest_route=\/wp\/v2\/posts\/8076\/revisions"}],"predecessor-version":[{"id":8104,"href":"https:\/\/www.huelvaysusfotografos.com\/index.php?rest_route=\/wp\/v2\/posts\/8076\/revisions\/8104"}],"wp:featuredmedia":[{"embeddable":true,"href":"https:\/\/www.huelvaysusfotografos.com\/index.php?rest_route=\/wp\/v2\/media\/8080"}],"wp:attachment":[{"href":"https:\/\/www.huelvaysusfotografos.com\/index.php?rest_route=%2Fwp%2Fv2%2Fmedia&parent=8076"}],"wp:term":[{"taxonomy":"category","embeddable":true,"href":"https:\/\/www.huelvaysusfotografos.com\/index.php?rest_route=%2Fwp%2Fv2%2Fcategories&post=8076"},{"taxonomy":"post_tag","embeddable":true,"href":"https:\/\/www.huelvaysusfotografos.com\/index.php?rest_route=%2Fwp%2Fv2%2Ftags&post=8076"}],"curies":[{"name":"wp","href":"https:\/\/api.w.org\/{rel}","templated":true}]}}