{"id":7778,"date":"2021-09-26T01:41:18","date_gmt":"2021-09-25T23:41:18","guid":{"rendered":"http:\/\/www.huelvaysusfotografos.com\/?p=7778"},"modified":"2021-09-27T18:27:09","modified_gmt":"2021-09-27T16:27:09","slug":"los-medios-de-comunicacion-se-hacen-eco-de-los-premios-carrete","status":"publish","type":"post","link":"https:\/\/www.huelvaysusfotografos.com\/?p=7778","title":{"rendered":"Los medios de comunicaci\u00f3n se hacen eco de los premios Carrete."},"content":{"rendered":"\n<p>Tremenda la repercusi\u00f3n que hemos tenido en los distintos medios de comunicaci\u00f3n de nuestros I premios Carrete.<\/p>\n\n\n\n<p>Nac\u00eda en este 2021 con motivo de nuestro d\u00e9cimo aniversario, los premios Carrete para reconocer a personas, instituciones, Asociaciones y entidades que han marcado un punto de inflexi\u00f3n en nuestra provincia.<\/p>\n\n\n\n<p>Y que mejor forma que los medios reconozcan nuestro trabajo y esfuerzo, mostrando a todos los ciudadanos nuestros premios, que ha sido compartido en las redes sociales por multitud de personas.<\/p>\n\n\n\n<p>Con m\u00e1s ocho mil visualizaciones en menos de veinticuatro horas nos coloca como uno de los premios m\u00e1s se\u00f1alados de nuestra ciudad.<\/p>\n\n\n\n<p>Estos son algunos de los enlaces que nos dan visibilidad de nuestros premios y nuestra gala.<\/p>\n\n\n\n<p><strong><u>HUELVA INFORMACI\u00d3N<\/u><\/strong><\/p>\n\n\n\n<p><a href=\"https:\/\/www.huelvainformacion.es\/huelva\/Alberto-Dominguez-Josue-Correa-Landero_0_1614139100.html\">https:\/\/www.huelvainformacion.es\/huelva\/Alberto-Dominguez-Josue-Correa-Landero_0_1614139100.html<\/a><\/p>\n\n\n\n<p><a href=\"https:\/\/www.huelvainformacion.es\/opinion\/articulos\/Nacen-Premios-Carrete_0_1614438679.html\">https:\/\/www.huelvainformacion.es\/opinion\/articulos\/Nacen-Premios-Carrete_0_1614438679.html<\/a><\/p>\n\n\n\n<p><strong><u>LA MAR DE ONUBA REVISTA<\/u><\/strong><\/p>\n\n\n\n<p><a href=\"http:\/\/revista.lamardeonuba.es\/la-asociacion-huelva-y-sus-fotografos-celebra-de-x-aniversario-instaurando-los-premios-carrete\/\">http:\/\/revista.lamardeonuba.es\/la-asociacion-huelva-y-sus-fotografos-celebra-de-x-aniversario-instaurando-los-premios-carrete\/<\/a><\/p>\n\n\n\n<p><strong><u>HUELVA RED<\/u><\/strong><\/p>\n\n\n\n<figure class=\"wp-block-embed is-type-wp-embed is-provider-huelva-red wp-block-embed-huelva-red\"><div class=\"wp-block-embed__wrapper\">\nhttps:\/\/huelvared.com\/2021\/09\/24\/nacen-los-premios-carrete-que-entrega-la-asociacion-huelva-y-sus-fotografos\/\n<\/div><\/figure>\n\n\n\n<p><strong><u>DIARIO DE HUELVA<\/u><\/strong><\/p>\n\n\n\n<figure class=\"wp-block-embed is-type-wp-embed is-provider-diario-de-huelva wp-block-embed-diario-de-huelva\"><div class=\"wp-block-embed__wrapper\">\nhttps:\/\/www.diariodehuelva.es\/2021\/09\/24\/premios-carrete-asociacion-huelva-fotografos\/\n<\/div><\/figure>\n\n\n\n<p><strong><u>HUELVA YA<\/u><\/strong><\/p>\n\n\n\n<figure class=\"wp-block-embed is-type-wp-embed is-provider-huelva-ya-noticias-periodico-digital-de-la-provincia-de-huelva wp-block-embed-huelva-ya-noticias-periodico-digital-de-la-provincia-de-huelva\"><div class=\"wp-block-embed__wrapper\">\n<blockquote class=\"wp-embedded-content\" data-secret=\"7AeVhv14Y5\"><a href=\"https:\/\/huelvaya.es\/2021\/09\/24\/nacen-los-premios-carrete-que-entrega-la-asociacion-huelva-y-sus-fotografos\/\">Nacen los Premios Carrete que entrega la &#8216;Asociaci\u00f3n Huelva y sus Fot\u00f3grafos&#8217;<\/a><\/blockquote><iframe loading=\"lazy\" class=\"wp-embedded-content\" sandbox=\"allow-scripts\" security=\"restricted\" style=\"position: absolute; visibility: hidden;\" title=\"\u00abNacen los Premios Carrete que entrega la &#8216;Asociaci\u00f3n Huelva y sus Fot\u00f3grafos&#8217;\u00bb \u2014 HuelvaYA\" src=\"https:\/\/huelvaya.es\/2021\/09\/24\/nacen-los-premios-carrete-que-entrega-la-asociacion-huelva-y-sus-fotografos\/embed\/#?secret=DHjRqtSPQt#?secret=7AeVhv14Y5\" data-secret=\"7AeVhv14Y5\" width=\"600\" height=\"338\" frameborder=\"0\" marginwidth=\"0\" marginheight=\"0\" scrolling=\"no\"><\/iframe>\n<\/div><\/figure>\n\n\n\n<p><strong>HUELVA BUENAS NOTICIAS<\/strong><\/p>\n\n\n\n<figure class=\"wp-block-embed is-type-wp-embed is-provider-huelva-buenas-noticias wp-block-embed-huelva-buenas-noticias\"><div class=\"wp-block-embed__wrapper\">\nhttps:\/\/huelvabuenasnoticias.com\/2021\/09\/26\/nacen-los-premios-carrete-otorgados-por-la-asociacion-huelva-y-sus-fotografos\/\n<\/div><\/figure>\n\n\n\n<p>Se instauran los\u00a0<strong>primeros premios Carrete<\/strong>, que se denominar\u00e1n\u00a0<strong><em>Dinamizador, Solidario, Sanitario, Comunicaci\u00f3n y Hermanamiento<\/em><\/strong>.<\/p>\n\n\n\n<p><em><u>Los galardonados con los I premios Carrete de este 2021 son:<\/u><\/em><\/p>\n\n\n\n<p><strong>Carrete Dinamizador<\/strong>.- A la Autoridad Portuaria de Huelva, por su gesti\u00f3n, promoci\u00f3n y dinamizaci\u00f3n econ\u00f3mica y social del Puerto de Huelva y su r\u00eda, siendo un referente de los puertos de Espa\u00f1a.<\/p>\n\n\n\n<p>Recoge el premio.- Mar\u00eda del Pilar Miranda Plata, Presidenta de la Autoridad Portuaria de Huelva.<\/p>\n\n\n\n<p><strong>Carrete Sanitario<\/strong>.- A los Sanitarios (m\u00e9dicos, enfermeros, Auxiliares), de la Unidad de Cuidados Intensivos (UCI), que han atendido en primera persona a los pacientes Covid.<\/p>\n\n\n\n<p>Recoger\u00e1 el premio.- Antonia Tristancho Garz\u00f3n, Intensivista de la UCI del Hospital Universitario del Juan Ram\u00f3n Jim\u00e9nez.<\/p>\n\n\n\n<p><strong>Carrete Solidario<\/strong>.- A la asociaci\u00f3n Madre Coraje por su incansable labor durante toda la pandemia, donde han permanecido abiertos durante toda la pandemia, para ayudar a los m\u00e1s necesitados.<\/p>\n\n\n\n<p>Recoger\u00e1 el premio.- Isabel Castilla Montes, Gerente del centro Madre Coraje en Huelva.<\/p>\n\n\n\n<p><strong>Carrete Comunicaci\u00f3n<\/strong>.- A los fotoperiodistas que han estado cubriendo a pie de calle toda la informaci\u00f3n de la pandemia en estos \u00faltimos 18 meses.<\/p>\n\n\n\n<p>Recoger\u00e1n el premio.- Los fot\u00f3grafos que han estado al pie del ca\u00f1\u00f3n en estos momentos tan duros, Josue Correa Araujo, Alberto Dom\u00ednguez Hern\u00e1ndez, Alberto D\u00edaz P\u00e9rez, Juli\u00e1n P\u00e9rez Ya\u00f1ez y Jordi Landero Madro\u00f1al.<\/p>\n\n\n\n<p><strong>Carrete de Hermanamiento<\/strong>.- Se har\u00e1 entrega a Asociaciones fotogr\u00e1ficas de nuestra provincia y de otras a nivel nacional, con el objeto de acercar sinergias entre las distintas asociaciones. Este a\u00f1o el premio recaer\u00e1 en ACCOF La Luz Huelva.<\/p>\n\n\n\n<p>Recoge el premio.- Jos\u00e9 \u00c1ngel M\u00e1rquez,&nbsp; Presidente de la Asociaci\u00f3n Cultural Club Onubense de Fotograf\u00eda \u00abLa Luz\u00bb.<\/p>\n\n\n\n<p>Como maestro de ceremonias y conductor del acto contaremos con el reconocido periodista Nacho Molina de Cadena Cope Huelva.<\/p>\n","protected":false},"excerpt":{"rendered":"<p>Tremenda la repercusi\u00f3n que hemos tenido en los distintos medios de comunicaci\u00f3n de nuestros I premios Carrete. Nac\u00eda en este 2021 con motivo de nuestro d\u00e9cimo aniversario, los premios Carrete para reconocer a personas, instituciones, Asociaciones y entidades que han marcado un punto de inflexi\u00f3n en nuestra provincia. Y que mejor forma que los medios reconozcan nuestro trabajo y esfuerzo, mostrando a todos los ciudadanos nuestros premios, que ha sido<\/p>\n<div class=\"belowpost\"><a class=\"btnmore\" href=\"https:\/\/www.huelvaysusfotografos.com\/?p=7778\">Seguir leyendo<\/a><\/div>\n","protected":false},"author":8279,"featured_media":7779,"comment_status":"open","ping_status":"open","sticky":false,"template":"","format":"standard","meta":{"footnotes":"","_links_to":"","_links_to_target":""},"categories":[177,53],"tags":[],"class_list":["post-7778","post","type-post","status-publish","format-standard","has-post-thumbnail","hentry","category-gala-x-aniversario","category-premios"],"_links":{"self":[{"href":"https:\/\/www.huelvaysusfotografos.com\/index.php?rest_route=\/wp\/v2\/posts\/7778","targetHints":{"allow":["GET"]}}],"collection":[{"href":"https:\/\/www.huelvaysusfotografos.com\/index.php?rest_route=\/wp\/v2\/posts"}],"about":[{"href":"https:\/\/www.huelvaysusfotografos.com\/index.php?rest_route=\/wp\/v2\/types\/post"}],"author":[{"embeddable":true,"href":"https:\/\/www.huelvaysusfotografos.com\/index.php?rest_route=\/wp\/v2\/users\/8279"}],"replies":[{"embeddable":true,"href":"https:\/\/www.huelvaysusfotografos.com\/index.php?rest_route=%2Fwp%2Fv2%2Fcomments&post=7778"}],"version-history":[{"count":2,"href":"https:\/\/www.huelvaysusfotografos.com\/index.php?rest_route=\/wp\/v2\/posts\/7778\/revisions"}],"predecessor-version":[{"id":7913,"href":"https:\/\/www.huelvaysusfotografos.com\/index.php?rest_route=\/wp\/v2\/posts\/7778\/revisions\/7913"}],"wp:featuredmedia":[{"embeddable":true,"href":"https:\/\/www.huelvaysusfotografos.com\/index.php?rest_route=\/wp\/v2\/media\/7779"}],"wp:attachment":[{"href":"https:\/\/www.huelvaysusfotografos.com\/index.php?rest_route=%2Fwp%2Fv2%2Fmedia&parent=7778"}],"wp:term":[{"taxonomy":"category","embeddable":true,"href":"https:\/\/www.huelvaysusfotografos.com\/index.php?rest_route=%2Fwp%2Fv2%2Fcategories&post=7778"},{"taxonomy":"post_tag","embeddable":true,"href":"https:\/\/www.huelvaysusfotografos.com\/index.php?rest_route=%2Fwp%2Fv2%2Ftags&post=7778"}],"curies":[{"name":"wp","href":"https:\/\/api.w.org\/{rel}","templated":true}]}}