{"id":776,"date":"2013-03-26T14:30:43","date_gmt":"2013-03-26T13:30:43","guid":{"rendered":"http:\/\/www.huelvaysusfotografos.com\/?p=776"},"modified":"2013-03-26T16:58:52","modified_gmt":"2013-03-26T15:58:52","slug":"presentacion-del-nuevo-libro-de-jose-maria-mellado","status":"publish","type":"post","link":"https:\/\/www.huelvaysusfotografos.com\/?p=776","title":{"rendered":"Presentaci\u00f3n del nuevo libro de Jos\u00e9 Mar\u00eda Mellado."},"content":{"rendered":"<p><a href=\"https:\/\/www.huelvaysusfotografos.com\/wp-content\/uploads\/2013\/03\/fac_cs64.jpg\"><img loading=\"lazy\" decoding=\"async\" class=\"alignleft size-medium wp-image-792\" title=\"Portada del libro de Jos\u00e9 Mar\u00eda Mellado\" alt=\"\" src=\"https:\/\/www.huelvaysusfotografos.com\/wp-content\/uploads\/2013\/03\/fac_cs64-231x300.jpg\" width=\"231\" height=\"300\" srcset=\"https:\/\/www.huelvaysusfotografos.com\/wp-content\/uploads\/2013\/03\/fac_cs64-231x300.jpg 231w, https:\/\/www.huelvaysusfotografos.com\/wp-content\/uploads\/2013\/03\/fac_cs64.jpg 290w\" sizes=\"auto, (max-width: 231px) 100vw, 231px\" \/><\/a><\/p>\n<p>&nbsp;<\/p>\n<p>El pasado mes de Febrero tuvo lugar la presentaci\u00f3n del nuevo libro de <a href=\"http:\/\/www.fotoaltacalidad.com\/\" target=\"_blank\">Jos\u00e9 Mar\u00eda Mellado<\/a>, \u201cFotograf\u00eda de alta calidad\u201d.<\/p>\n<p>Por el t\u00edtulo nos lleva a los libros anteriores, pero ha comentado que pr\u00e1cticamente ha\u00a0escrito el libro desde\u00a0cero y viene a ser un complemento a lo editado anteriormente aunque con varias mejoras considerables.<\/p>\n<p>&nbsp;<\/p>\n<p>&nbsp;<\/p>\n<p>&nbsp;<\/p>\n<p>&nbsp;<\/p>\n<p>&nbsp;<\/p>\n<p>Fuente: <a href=\"http:\/\/www.xatakafoto.com\/entrevistas\/entrevistamos-a-jose-maria-mellado-en-la-presentacion-de-su-nuevo-libro\">http:\/\/www.xatakafoto.com\/entrevistas\/entrevistamos-a-jose-maria-mellado-en-la-presentacion-de-su-nuevo-libro<\/a><\/p>\n","protected":false},"excerpt":{"rendered":"<p>&nbsp; El pasado mes de Febrero tuvo lugar la presentaci\u00f3n del nuevo libro de Jos\u00e9 Mar\u00eda Mellado, \u201cFotograf\u00eda de alta calidad\u201d. Por el t\u00edtulo nos lleva a los libros anteriores, pero ha comentado que pr\u00e1cticamente ha\u00a0escrito el libro desde\u00a0cero y viene a ser un complemento a lo editado anteriormente aunque con varias mejoras considerables. &nbsp; &nbsp; &nbsp; &nbsp; &nbsp; Fuente: http:\/\/www.xatakafoto.com\/entrevistas\/entrevistamos-a-jose-maria-mellado-en-la-presentacion-de-su-nuevo-libro<\/p>\n","protected":false},"author":6,"featured_media":0,"comment_status":"open","ping_status":"open","sticky":false,"template":"","format":"standard","meta":{"footnotes":"","_links_to":"","_links_to_target":""},"categories":[3],"tags":[],"class_list":["post-776","post","type-post","status-publish","format-standard","hentry","category-noticias"],"_links":{"self":[{"href":"https:\/\/www.huelvaysusfotografos.com\/index.php?rest_route=\/wp\/v2\/posts\/776","targetHints":{"allow":["GET"]}}],"collection":[{"href":"https:\/\/www.huelvaysusfotografos.com\/index.php?rest_route=\/wp\/v2\/posts"}],"about":[{"href":"https:\/\/www.huelvaysusfotografos.com\/index.php?rest_route=\/wp\/v2\/types\/post"}],"author":[{"embeddable":true,"href":"https:\/\/www.huelvaysusfotografos.com\/index.php?rest_route=\/wp\/v2\/users\/6"}],"replies":[{"embeddable":true,"href":"https:\/\/www.huelvaysusfotografos.com\/index.php?rest_route=%2Fwp%2Fv2%2Fcomments&post=776"}],"version-history":[{"count":25,"href":"https:\/\/www.huelvaysusfotografos.com\/index.php?rest_route=\/wp\/v2\/posts\/776\/revisions"}],"predecessor-version":[{"id":800,"href":"https:\/\/www.huelvaysusfotografos.com\/index.php?rest_route=\/wp\/v2\/posts\/776\/revisions\/800"}],"wp:attachment":[{"href":"https:\/\/www.huelvaysusfotografos.com\/index.php?rest_route=%2Fwp%2Fv2%2Fmedia&parent=776"}],"wp:term":[{"taxonomy":"category","embeddable":true,"href":"https:\/\/www.huelvaysusfotografos.com\/index.php?rest_route=%2Fwp%2Fv2%2Fcategories&post=776"},{"taxonomy":"post_tag","embeddable":true,"href":"https:\/\/www.huelvaysusfotografos.com\/index.php?rest_route=%2Fwp%2Fv2%2Ftags&post=776"}],"curies":[{"name":"wp","href":"https:\/\/api.w.org\/{rel}","templated":true}]}}