{"id":7710,"date":"2021-09-25T00:19:30","date_gmt":"2021-09-24T22:19:30","guid":{"rendered":"http:\/\/www.huelvaysusfotografos.com\/?p=7710"},"modified":"2021-09-25T00:19:33","modified_gmt":"2021-09-24T22:19:33","slug":"proxima-quedada-visita-guiada-a-moguer","status":"publish","type":"post","link":"https:\/\/www.huelvaysusfotografos.com\/?p=7710","title":{"rendered":"Pr\u00f3xima quedada, visita guiada a Moguer."},"content":{"rendered":"\n<p><em>Nuestra pr\u00f3xima actividad pasa por la localidad onubense de Moguer.<\/em><\/p>\n\n\n\n<p>Se trata de una visita guiada por lugares emblem\u00e1ticos de este coqueto pueblo, con visitas a lugares restringidos. &nbsp;<\/p>\n\n\n\n<p>Bajo la experta direcci\u00f3n de Juan Manuel Moreno Orta, recorreremos los siguientes puntos de inter\u00e9s.<\/p>\n\n\n\n<p><strong><u>10.30 Recepci\u00f3n<\/u><\/strong><\/p>\n\n\n\n<p>Plaza del Cabildo, donde se encuentra el Ayuntamiento.<\/p>\n\n\n\n<p><strong>10.45<\/strong> Parroquia Santa Mar\u00eda de la Granada.<\/p>\n\n\n\n<p><strong>11.45<\/strong> Iglesia de San Francisco, desde la parroquia pasaremos por Plaza del Marqu\u00e9s, donde se encuentra el monumento a Zenobia, para llegar de nuevo a la plaza del ayuntamiento, donde se encuentran los monumentos a Juan Ram\u00f3n y Platero, y pasaremos por el edificio del hoy teatro Felipe God\u00ednez, para llegar&nbsp; a la iglesia de San Francisco y su claustro anexo.<\/p>\n\n\n\n<p><strong>12.15<\/strong> Casa Natal Juan Ram\u00f3n Jim\u00e9nez.<\/p>\n\n\n\n<p><strong>13.00<\/strong> Museo de Santa Clara<\/p>\n\n\n\n<p>Durante todo el recorrido nos ir\u00e1 contando los pormenores de cada lugar el historiador Juan Manuel Moreno Orta.<\/p>\n\n\n\n<p>Guiara la visita el historiador de Moguer, <strong>Juan Manuel Moreno Orta, director del Museo de Santa Clara.<\/strong><\/p>\n\n\n\n<p>Ser\u00e1 el pr\u00f3ximo s\u00e1bado 2 de octubre de 2021 a las 10.30 horas cuando d\u00e9 comienzo la visita en la Plaza del Cabildo junto al Ayuntamiento, que nos llevar\u00e1 hasta las 14.00 horas aproximadamente.<\/p>\n\n\n\n<div class=\"wp-block-image\"><figure class=\"aligncenter size-large\"><a href=\"https:\/\/www.huelvaysusfotografos.com\/wp-content\/uploads\/2021\/09\/cartel-VISITA-GUIADA-A-MOGUER-1.jpg\"><img loading=\"lazy\" decoding=\"async\" width=\"576\" height=\"1024\" src=\"https:\/\/www.huelvaysusfotografos.com\/wp-content\/uploads\/2021\/09\/cartel-VISITA-GUIADA-A-MOGUER-1-576x1024.jpg\" alt=\"\" class=\"wp-image-7712\" srcset=\"https:\/\/www.huelvaysusfotografos.com\/wp-content\/uploads\/2021\/09\/cartel-VISITA-GUIADA-A-MOGUER-1-576x1024.jpg 576w, https:\/\/www.huelvaysusfotografos.com\/wp-content\/uploads\/2021\/09\/cartel-VISITA-GUIADA-A-MOGUER-1-169x300.jpg 169w, https:\/\/www.huelvaysusfotografos.com\/wp-content\/uploads\/2021\/09\/cartel-VISITA-GUIADA-A-MOGUER-1-768x1365.jpg 768w, https:\/\/www.huelvaysusfotografos.com\/wp-content\/uploads\/2021\/09\/cartel-VISITA-GUIADA-A-MOGUER-1-864x1536.jpg 864w, https:\/\/www.huelvaysusfotografos.com\/wp-content\/uploads\/2021\/09\/cartel-VISITA-GUIADA-A-MOGUER-1.jpg 900w\" sizes=\"auto, (max-width: 576px) 100vw, 576px\" \/><\/a><\/figure><\/div>\n","protected":false},"excerpt":{"rendered":"<p>Nuestra pr\u00f3xima actividad pasa por la localidad onubense de Moguer. Se trata de una visita guiada por lugares emblem\u00e1ticos de este coqueto pueblo, con visitas a lugares restringidos. &nbsp; Bajo la experta direcci\u00f3n de Juan Manuel Moreno Orta, recorreremos los siguientes puntos de inter\u00e9s. 10.30 Recepci\u00f3n Plaza del Cabildo, donde se encuentra el Ayuntamiento. 10.45 Parroquia Santa Mar\u00eda de la Granada. 11.45 Iglesia de San Francisco, desde la parroquia pasaremos<\/p>\n<div class=\"belowpost\"><a class=\"btnmore\" href=\"https:\/\/www.huelvaysusfotografos.com\/?p=7710\">Seguir leyendo<\/a><\/div>\n","protected":false},"author":8279,"featured_media":7711,"comment_status":"open","ping_status":"open","sticky":false,"template":"","format":"standard","meta":{"footnotes":"","_links_to":"","_links_to_target":""},"categories":[4,6],"tags":[],"class_list":["post-7710","post","type-post","status-publish","format-standard","has-post-thumbnail","hentry","category-actividades","category-quedadas"],"_links":{"self":[{"href":"https:\/\/www.huelvaysusfotografos.com\/index.php?rest_route=\/wp\/v2\/posts\/7710","targetHints":{"allow":["GET"]}}],"collection":[{"href":"https:\/\/www.huelvaysusfotografos.com\/index.php?rest_route=\/wp\/v2\/posts"}],"about":[{"href":"https:\/\/www.huelvaysusfotografos.com\/index.php?rest_route=\/wp\/v2\/types\/post"}],"author":[{"embeddable":true,"href":"https:\/\/www.huelvaysusfotografos.com\/index.php?rest_route=\/wp\/v2\/users\/8279"}],"replies":[{"embeddable":true,"href":"https:\/\/www.huelvaysusfotografos.com\/index.php?rest_route=%2Fwp%2Fv2%2Fcomments&post=7710"}],"version-history":[{"count":1,"href":"https:\/\/www.huelvaysusfotografos.com\/index.php?rest_route=\/wp\/v2\/posts\/7710\/revisions"}],"predecessor-version":[{"id":7713,"href":"https:\/\/www.huelvaysusfotografos.com\/index.php?rest_route=\/wp\/v2\/posts\/7710\/revisions\/7713"}],"wp:featuredmedia":[{"embeddable":true,"href":"https:\/\/www.huelvaysusfotografos.com\/index.php?rest_route=\/wp\/v2\/media\/7711"}],"wp:attachment":[{"href":"https:\/\/www.huelvaysusfotografos.com\/index.php?rest_route=%2Fwp%2Fv2%2Fmedia&parent=7710"}],"wp:term":[{"taxonomy":"category","embeddable":true,"href":"https:\/\/www.huelvaysusfotografos.com\/index.php?rest_route=%2Fwp%2Fv2%2Fcategories&post=7710"},{"taxonomy":"post_tag","embeddable":true,"href":"https:\/\/www.huelvaysusfotografos.com\/index.php?rest_route=%2Fwp%2Fv2%2Ftags&post=7710"}],"curies":[{"name":"wp","href":"https:\/\/api.w.org\/{rel}","templated":true}]}}