{"id":7695,"date":"2021-09-24T15:35:06","date_gmt":"2021-09-24T13:35:06","guid":{"rendered":"http:\/\/www.huelvaysusfotografos.com\/?p=7695"},"modified":"2021-09-24T16:47:00","modified_gmt":"2021-09-24T14:47:00","slug":"nacen-los-premios-carrete-que-entrega-la-asociacion-huelva-y-sus-fotografos","status":"publish","type":"post","link":"https:\/\/www.huelvaysusfotografos.com\/?p=7695","title":{"rendered":"Nacen los Premios Carrete que entrega la Asociaci\u00f3n Huelva y sus Fot\u00f3grafos."},"content":{"rendered":"\n<p>La Asociaci\u00f3n Huelva y sus fot\u00f3grafos instauran los premios Carrete.<\/p>\n\n\n\n<p>Llegamos a los diez a\u00f1os de la fundaci\u00f3n de la Asociaci\u00f3n Huelva y sus fot\u00f3grafos y estamos organizando una gala aniversario donde entregaremos los primeros premios Carrete.<\/p>\n\n\n\n<p>Ser\u00e1 el pr\u00f3ximo viernes 12 de noviembre en el Centro de Recepci\u00f3n y Documentaci\u00f3n del Puerto de Huelva, donde tendr\u00e1 lugar la Gala del X aniversario de la Asociaci\u00f3n Huelva y sus fot\u00f3grafos a las 19.00 horas.<\/p>\n\n\n\n<p>Los Premios Carrete, que nacen en este 2021, lo hacen para reconocer la labor y el trabajo de las distintas personas, Asociaciones e Instituciones que hacen lo mejor en cada uno de sus campos por y para nuestra Huelva.<\/p>\n\n\n\n<p>Se instauran los <strong>primeros premios Carrete<\/strong>, que se denominar\u00e1n <strong><em>Dinamizador, Solidario, Sanitario, Comunicaci\u00f3n y Hermanamiento<\/em><\/strong>.<\/p>\n\n\n\n<p><em><u>Los galardonados con los I premios Carrete de este 2021 son:<\/u><\/em><\/p>\n\n\n\n<p><strong>Carrete Dinamizador<\/strong>.- A la Autoridad Portuaria de Huelva, por su gesti\u00f3n, promoci\u00f3n y dinamizaci\u00f3n econ\u00f3mica y social del Puerto de Huelva y su r\u00eda, siendo un referente de los puertos de Espa\u00f1a.<\/p>\n\n\n\n<p>Recoge el premio.- Mar\u00eda del Pilar Miranda Plata, Presidenta de la Autoridad Portuaria de Huelva.<\/p>\n\n\n\n<p><strong>Carrete Sanitario<\/strong>.- A los Sanitarios (m\u00e9dicos, enfermeros, Auxiliares), de la Unidad de Cuidados Intensivos (UCI), que han atendido en primera persona a los pacientes Covid.<\/p>\n\n\n\n<p>Recoger\u00e1 el premio.- Antonia Tristancho Garz\u00f3n, Intensivista de la UCI del Hospital Universitario del Juan Ram\u00f3n Jim\u00e9nez.<\/p>\n\n\n\n<p><strong>Carrete Solidario<\/strong>.- A la asociaci\u00f3n Madre Coraje por su incansable labor durante toda la pandemia, donde han permanecido abiertos durante toda la pandemia, para ayudar a los m\u00e1s necesitados.<\/p>\n\n\n\n<p>Recoger\u00e1 el premio.- Isabel Castilla Montes, Gerente del centro Madre Coraje en Huelva.<\/p>\n\n\n\n<p><strong>Carrete Comunicaci\u00f3n<\/strong>.- A los fotoperiodistas que han estado cubriendo a pie de calle toda la informaci\u00f3n de la pandemia en estos \u00faltimos 18 meses.<\/p>\n\n\n\n<p>Recoger\u00e1n el premio.- Los fot\u00f3grafos que han estado al pie del ca\u00f1\u00f3n en estos momentos tan duros, Josue Correa Araujo, Alberto Dom\u00ednguez Hern\u00e1ndez, Alberto D\u00edaz P\u00e9rez, Juli\u00e1n P\u00e9rez Ya\u00f1ez y Jordi Landero Madro\u00f1al.<\/p>\n\n\n\n<p><strong>Carrete de Hermanamiento<\/strong>.- Se har\u00e1 entrega a Asociaciones fotogr\u00e1ficas de nuestra provincia y de otras a nivel nacional, con el objeto de acercar sinergias entre las distintas asociaciones. Este a\u00f1o el premio recaer\u00e1 en ACCOF La Luz Huelva.<\/p>\n\n\n\n<p>Como maestro de ceremonias y conductor del acto contaremos con el reconocido periodista Nacho Molina de Cadena Cope Huelva.<\/p>\n","protected":false},"excerpt":{"rendered":"<p>La Asociaci\u00f3n Huelva y sus fot\u00f3grafos instauran los premios Carrete. Llegamos a los diez a\u00f1os de la fundaci\u00f3n de la Asociaci\u00f3n Huelva y sus fot\u00f3grafos y estamos organizando una gala aniversario donde entregaremos los primeros premios Carrete. Ser\u00e1 el pr\u00f3ximo viernes 12 de noviembre en el Centro de Recepci\u00f3n y Documentaci\u00f3n del Puerto de Huelva, donde tendr\u00e1 lugar la Gala del X aniversario de la Asociaci\u00f3n Huelva y sus fot\u00f3grafos<\/p>\n<div class=\"belowpost\"><a class=\"btnmore\" href=\"https:\/\/www.huelvaysusfotografos.com\/?p=7695\">Seguir leyendo<\/a><\/div>\n","protected":false},"author":8279,"featured_media":7696,"comment_status":"open","ping_status":"open","sticky":false,"template":"","format":"standard","meta":{"footnotes":"","_links_to":"","_links_to_target":""},"categories":[177,53],"tags":[],"class_list":["post-7695","post","type-post","status-publish","format-standard","has-post-thumbnail","hentry","category-gala-x-aniversario","category-premios"],"_links":{"self":[{"href":"https:\/\/www.huelvaysusfotografos.com\/index.php?rest_route=\/wp\/v2\/posts\/7695","targetHints":{"allow":["GET"]}}],"collection":[{"href":"https:\/\/www.huelvaysusfotografos.com\/index.php?rest_route=\/wp\/v2\/posts"}],"about":[{"href":"https:\/\/www.huelvaysusfotografos.com\/index.php?rest_route=\/wp\/v2\/types\/post"}],"author":[{"embeddable":true,"href":"https:\/\/www.huelvaysusfotografos.com\/index.php?rest_route=\/wp\/v2\/users\/8279"}],"replies":[{"embeddable":true,"href":"https:\/\/www.huelvaysusfotografos.com\/index.php?rest_route=%2Fwp%2Fv2%2Fcomments&post=7695"}],"version-history":[{"count":2,"href":"https:\/\/www.huelvaysusfotografos.com\/index.php?rest_route=\/wp\/v2\/posts\/7695\/revisions"}],"predecessor-version":[{"id":7698,"href":"https:\/\/www.huelvaysusfotografos.com\/index.php?rest_route=\/wp\/v2\/posts\/7695\/revisions\/7698"}],"wp:featuredmedia":[{"embeddable":true,"href":"https:\/\/www.huelvaysusfotografos.com\/index.php?rest_route=\/wp\/v2\/media\/7696"}],"wp:attachment":[{"href":"https:\/\/www.huelvaysusfotografos.com\/index.php?rest_route=%2Fwp%2Fv2%2Fmedia&parent=7695"}],"wp:term":[{"taxonomy":"category","embeddable":true,"href":"https:\/\/www.huelvaysusfotografos.com\/index.php?rest_route=%2Fwp%2Fv2%2Fcategories&post=7695"},{"taxonomy":"post_tag","embeddable":true,"href":"https:\/\/www.huelvaysusfotografos.com\/index.php?rest_route=%2Fwp%2Fv2%2Ftags&post=7695"}],"curies":[{"name":"wp","href":"https:\/\/api.w.org\/{rel}","templated":true}]}}