{"id":7527,"date":"2021-09-14T12:16:59","date_gmt":"2021-09-14T10:16:59","guid":{"rendered":"http:\/\/www.huelvaysusfotografos.com\/?p=7527"},"modified":"2021-09-15T12:17:39","modified_gmt":"2021-09-15T10:17:39","slug":"visita-fotografica-al-parque-nacional-de-donana","status":"publish","type":"post","link":"https:\/\/www.huelvaysusfotografos.com\/?p=7527","title":{"rendered":"Visita fotogr\u00e1fica al Parque Nacional de Do\u00f1ana."},"content":{"rendered":"\n<p>Nuestra pr\u00f3xima parada fotogr\u00e1fica nos llevara al mayor parque natural de Europa, un paraje \u00fanico donde ver y fotografiar la fauna y flora \u00fanica en este entorno natural protegido. <\/p>\n\n\n\n<p>El Parque Nacional de Do\u00f1ana ser\u00e1 nuestra pr\u00f3xima actividad el pr\u00f3ximo <strong>s\u00e1bado 25 de septiembre de 2021.<\/strong><\/p>\n\n\n\n<p>La visita media jornada a Do\u00f1ana consiste en una ruta de unas 3\u20195h, por la zona norte del P.N. Do\u00f1ana. A lo largo de nuestra visita, conoceremos la zona de bosque, de vera y de marisma. Adem\u00e1s, conoceremos la finca Privada de Coto del Rey, con paisajes espectaculares y territorio de Lince Ib\u00e9rico y \u00c1guila Imperial, zona exclusiva de paso para nuestra empresa (dependiendo de la \u00e9poca a\u00f1o, hora de visita y cuando el gu\u00eda lo vea conveniente).<\/p>\n\n\n\n<p>Debido a la situaci\u00f3n actual, por COVID 19,la ruta se hace en veh\u00edculos de plazas reducidas, siempre respetando el protocolo de seguridad establecido, acompa\u00f1ados en todo momento por un gu\u00eda especializado en la zona, que os ir\u00e1 mostrando todos los detalles de este Parque Nacional y os explicar\u00e1 la flora y fauna que os encontr\u00e1is en el recorrido. (Obligatorio uso de mascarilla).<\/p>\n\n\n\n<p>La visita ser\u00e1 <strong>por la tarde a las 17\u201900h.<\/strong> <strong>El precio de la visita son 30\u20ac por persona y 15\u20ac para los menores de 10 a\u00f1os.<\/strong><\/p>\n\n\n\n<p>El pago se realiza en la oficina de Do\u00f1ana Nature antes de comenzar la visita.<\/p>\n\n\n\n<p><strong>La salida se realiza desde la puerta de nuestra oficina, situada en la C\/ Moguer, n\u00ba 10, en la Aldea del Roc\u00edo.<\/strong> Nos encontramos a unos 50m a la izquierda de la puerta principal de la Ermita del Roc\u00edo.<\/p>\n\n\n\n<figure class=\"wp-block-image size-large\"><a href=\"https:\/\/www.huelvaysusfotografos.com\/wp-content\/uploads\/2021\/09\/cartel-visita-Donana-a-las-1700-horas.jpg\"><img loading=\"lazy\" decoding=\"async\" width=\"1024\" height=\"632\" src=\"https:\/\/www.huelvaysusfotografos.com\/wp-content\/uploads\/2021\/09\/cartel-visita-Donana-a-las-1700-horas-1024x632.jpg\" alt=\"\" class=\"wp-image-7548\" srcset=\"https:\/\/www.huelvaysusfotografos.com\/wp-content\/uploads\/2021\/09\/cartel-visita-Donana-a-las-1700-horas-1024x632.jpg 1024w, https:\/\/www.huelvaysusfotografos.com\/wp-content\/uploads\/2021\/09\/cartel-visita-Donana-a-las-1700-horas-300x185.jpg 300w, https:\/\/www.huelvaysusfotografos.com\/wp-content\/uploads\/2021\/09\/cartel-visita-Donana-a-las-1700-horas-768x474.jpg 768w, https:\/\/www.huelvaysusfotografos.com\/wp-content\/uploads\/2021\/09\/cartel-visita-Donana-a-las-1700-horas-1536x948.jpg 1536w, https:\/\/www.huelvaysusfotografos.com\/wp-content\/uploads\/2021\/09\/cartel-visita-Donana-a-las-1700-horas.jpg 1750w\" sizes=\"auto, (max-width: 1024px) 100vw, 1024px\" \/><\/a><\/figure>\n","protected":false},"excerpt":{"rendered":"<p>Nuestra pr\u00f3xima parada fotogr\u00e1fica nos llevara al mayor parque natural de Europa, un paraje \u00fanico donde ver y fotografiar la fauna y flora \u00fanica en este entorno natural protegido. El Parque Nacional de Do\u00f1ana ser\u00e1 nuestra pr\u00f3xima actividad el pr\u00f3ximo s\u00e1bado 25 de septiembre de 2021. La visita media jornada a Do\u00f1ana consiste en una ruta de unas 3\u20195h, por la zona norte del P.N. Do\u00f1ana. A lo largo de<\/p>\n<div class=\"belowpost\"><a class=\"btnmore\" href=\"https:\/\/www.huelvaysusfotografos.com\/?p=7527\">Seguir leyendo<\/a><\/div>\n","protected":false},"author":8279,"featured_media":7550,"comment_status":"open","ping_status":"open","sticky":false,"template":"","format":"standard","meta":{"footnotes":"","_links_to":"","_links_to_target":""},"categories":[4,6],"tags":[],"class_list":["post-7527","post","type-post","status-publish","format-standard","has-post-thumbnail","hentry","category-actividades","category-quedadas"],"_links":{"self":[{"href":"https:\/\/www.huelvaysusfotografos.com\/index.php?rest_route=\/wp\/v2\/posts\/7527","targetHints":{"allow":["GET"]}}],"collection":[{"href":"https:\/\/www.huelvaysusfotografos.com\/index.php?rest_route=\/wp\/v2\/posts"}],"about":[{"href":"https:\/\/www.huelvaysusfotografos.com\/index.php?rest_route=\/wp\/v2\/types\/post"}],"author":[{"embeddable":true,"href":"https:\/\/www.huelvaysusfotografos.com\/index.php?rest_route=\/wp\/v2\/users\/8279"}],"replies":[{"embeddable":true,"href":"https:\/\/www.huelvaysusfotografos.com\/index.php?rest_route=%2Fwp%2Fv2%2Fcomments&post=7527"}],"version-history":[{"count":3,"href":"https:\/\/www.huelvaysusfotografos.com\/index.php?rest_route=\/wp\/v2\/posts\/7527\/revisions"}],"predecessor-version":[{"id":7551,"href":"https:\/\/www.huelvaysusfotografos.com\/index.php?rest_route=\/wp\/v2\/posts\/7527\/revisions\/7551"}],"wp:featuredmedia":[{"embeddable":true,"href":"https:\/\/www.huelvaysusfotografos.com\/index.php?rest_route=\/wp\/v2\/media\/7550"}],"wp:attachment":[{"href":"https:\/\/www.huelvaysusfotografos.com\/index.php?rest_route=%2Fwp%2Fv2%2Fmedia&parent=7527"}],"wp:term":[{"taxonomy":"category","embeddable":true,"href":"https:\/\/www.huelvaysusfotografos.com\/index.php?rest_route=%2Fwp%2Fv2%2Fcategories&post=7527"},{"taxonomy":"post_tag","embeddable":true,"href":"https:\/\/www.huelvaysusfotografos.com\/index.php?rest_route=%2Fwp%2Fv2%2Ftags&post=7527"}],"curies":[{"name":"wp","href":"https:\/\/api.w.org\/{rel}","templated":true}]}}