{"id":7445,"date":"2021-09-05T16:15:40","date_gmt":"2021-09-05T14:15:40","guid":{"rendered":"http:\/\/www.huelvaysusfotografos.com\/?p=7445"},"modified":"2021-09-05T16:30:44","modified_gmt":"2021-09-05T14:30:44","slug":"exquisita-velada-en-los-silos-de-trigueros","status":"publish","type":"post","link":"https:\/\/www.huelvaysusfotografos.com\/?p=7445","title":{"rendered":"Exquisita velada en los Silos de Trigueros."},"content":{"rendered":"\n<p>La tarde noche del s\u00e1bado 4 de septiembre nos llevaba a los milenarios Silos de Trigueros.<\/p>\n\n\n\n<p>Una jornada fotogr\u00e1fica de convivencia que dio mucho juego a las risas y el aprendizaje.<\/p>\n\n\n\n<p>Los maestros de la imagen recorr\u00edan los entresijos de los silos, buscando los mejores encuadres para realizar las fotos de V\u00eda L\u00e1ctea y Circumpolares.<\/p>\n\n\n\n<p>Asist\u00edan al encuentro Manolo Pascual Bonaque, Sergio, Paco Gil Salguero, Pedro Gajate Castellano, Miriam Rodr\u00edguez S\u00e1nchez, Paco Mac\u00edas S\u00e1nchez, Juan Antonio D\u00e1vila Viejo, Amparo Vicente Pic\u00f3n, Sonia Herencia Anillo y Jos\u00e9 Luis Arizmendi Llanes.<\/p>\n\n\n\n<p>C\u00e1maras en mano inici\u00e1bamos la jornada fotografiando la luz incomparable de nuestras puestas de sol, y que mejor manera que hacerlo en estos enclaves que nos deja nuestra &nbsp;costa de luz, que nos ba\u00f1a de energ\u00eda positiva cada tarde\u2026<\/p>\n\n\n\n<p>Segu\u00edamos antes de iniciar las fotos nocturnas con una sesi\u00f3n improvisada de retratos, aprovechando los \u00faltimos rayos de luz, de la mano de nuestro compa\u00f1ero Pedro Gajate, haciendo un servidor de asistente.<\/p>\n\n\n\n<p>Tras una pausa prepar\u00e1bamos el material necesario para la fotograf\u00eda nocturna y nos tom\u00e1bamos nuestras viandas y refrigerios para ir hidratados y con fuerzas para la jornada que nos quedaba por delante y que nos llev\u00f3 hasta las 1 de la madrugada. &nbsp;<\/p>\n\n\n\n<p>Gracias a todos los asistentes por tan agradable rato que echamos en este singular lugar, que da mucho juego para la fotograf\u00eda.<\/p>\n\n\n\n<figure class=\"wp-block-gallery columns-1 wp-block-gallery-1 is-layout-flex wp-block-gallery-is-layout-flex\"><ul class=\"blocks-gallery-grid\"><li class=\"blocks-gallery-item\"><figure><img loading=\"lazy\" decoding=\"async\" width=\"1024\" height=\"682\" src=\"https:\/\/www.huelvaysusfotografos.com\/wp-content\/uploads\/2021\/09\/1-1024x682.jpg\" alt=\"\" data-id=\"7448\" data-link=\"https:\/\/www.huelvaysusfotografos.com\/?attachment_id=7448\" class=\"wp-image-7448\" srcset=\"https:\/\/www.huelvaysusfotografos.com\/wp-content\/uploads\/2021\/09\/1-1024x682.jpg 1024w, https:\/\/www.huelvaysusfotografos.com\/wp-content\/uploads\/2021\/09\/1-300x200.jpg 300w, https:\/\/www.huelvaysusfotografos.com\/wp-content\/uploads\/2021\/09\/1-768x512.jpg 768w, https:\/\/www.huelvaysusfotografos.com\/wp-content\/uploads\/2021\/09\/1-1536x1023.jpg 1536w, https:\/\/www.huelvaysusfotografos.com\/wp-content\/uploads\/2021\/09\/1-120x80.jpg 120w, https:\/\/www.huelvaysusfotografos.com\/wp-content\/uploads\/2021\/09\/1.jpg 1600w\" sizes=\"auto, (max-width: 1024px) 100vw, 1024px\" \/><\/figure><\/li><li class=\"blocks-gallery-item\"><figure><img loading=\"lazy\" decoding=\"async\" width=\"1600\" height=\"1066\" src=\"https:\/\/www.huelvaysusfotografos.com\/wp-content\/uploads\/2021\/09\/2-1024x682.jpg\" alt=\"\" data-id=\"7449\" data-link=\"https:\/\/www.huelvaysusfotografos.com\/?attachment_id=7449\" class=\"wp-image-7449\" srcset=\"https:\/\/www.huelvaysusfotografos.com\/wp-content\/uploads\/2021\/09\/2-1024x682.jpg 1024w, https:\/\/www.huelvaysusfotografos.com\/wp-content\/uploads\/2021\/09\/2-300x200.jpg 300w, https:\/\/www.huelvaysusfotografos.com\/wp-content\/uploads\/2021\/09\/2-768x512.jpg 768w, https:\/\/www.huelvaysusfotografos.com\/wp-content\/uploads\/2021\/09\/2-1536x1023.jpg 1536w, https:\/\/www.huelvaysusfotografos.com\/wp-content\/uploads\/2021\/09\/2-120x80.jpg 120w, https:\/\/www.huelvaysusfotografos.com\/wp-content\/uploads\/2021\/09\/2.jpg 1600w\" sizes=\"auto, (max-width: 1600px) 100vw, 1600px\" \/><\/figure><\/li><li class=\"blocks-gallery-item\"><figure><img loading=\"lazy\" decoding=\"async\" width=\"1024\" height=\"682\" src=\"https:\/\/www.huelvaysusfotografos.com\/wp-content\/uploads\/2021\/09\/3-1024x682.jpg\" alt=\"\" data-id=\"7450\" data-link=\"https:\/\/www.huelvaysusfotografos.com\/?attachment_id=7450\" class=\"wp-image-7450\" srcset=\"https:\/\/www.huelvaysusfotografos.com\/wp-content\/uploads\/2021\/09\/3-1024x682.jpg 1024w, https:\/\/www.huelvaysusfotografos.com\/wp-content\/uploads\/2021\/09\/3-300x200.jpg 300w, https:\/\/www.huelvaysusfotografos.com\/wp-content\/uploads\/2021\/09\/3-768x512.jpg 768w, https:\/\/www.huelvaysusfotografos.com\/wp-content\/uploads\/2021\/09\/3-1536x1023.jpg 1536w, https:\/\/www.huelvaysusfotografos.com\/wp-content\/uploads\/2021\/09\/3-120x80.jpg 120w, https:\/\/www.huelvaysusfotografos.com\/wp-content\/uploads\/2021\/09\/3.jpg 1600w\" sizes=\"auto, (max-width: 1024px) 100vw, 1024px\" \/><\/figure><\/li><li class=\"blocks-gallery-item\"><figure><img loading=\"lazy\" decoding=\"async\" width=\"1024\" height=\"682\" src=\"https:\/\/www.huelvaysusfotografos.com\/wp-content\/uploads\/2021\/09\/2-1-1024x682.jpg\" alt=\"\" data-id=\"7451\" data-full-url=\"https:\/\/www.huelvaysusfotografos.com\/wp-content\/uploads\/2021\/09\/2-1.jpg\" data-link=\"https:\/\/www.huelvaysusfotografos.com\/?attachment_id=7451\" class=\"wp-image-7451\" srcset=\"https:\/\/www.huelvaysusfotografos.com\/wp-content\/uploads\/2021\/09\/2-1-1024x682.jpg 1024w, https:\/\/www.huelvaysusfotografos.com\/wp-content\/uploads\/2021\/09\/2-1-300x200.jpg 300w, https:\/\/www.huelvaysusfotografos.com\/wp-content\/uploads\/2021\/09\/2-1-768x512.jpg 768w, https:\/\/www.huelvaysusfotografos.com\/wp-content\/uploads\/2021\/09\/2-1-1536x1023.jpg 1536w, https:\/\/www.huelvaysusfotografos.com\/wp-content\/uploads\/2021\/09\/2-1-120x80.jpg 120w, https:\/\/www.huelvaysusfotografos.com\/wp-content\/uploads\/2021\/09\/2-1.jpg 1600w\" sizes=\"auto, (max-width: 1024px) 100vw, 1024px\" \/><\/figure><\/li><li class=\"blocks-gallery-item\"><figure><img loading=\"lazy\" decoding=\"async\" width=\"682\" height=\"1024\" src=\"https:\/\/www.huelvaysusfotografos.com\/wp-content\/uploads\/2021\/09\/3-1-682x1024.jpg\" alt=\"\" data-id=\"7452\" data-full-url=\"https:\/\/www.huelvaysusfotografos.com\/wp-content\/uploads\/2021\/09\/3-1.jpg\" data-link=\"https:\/\/www.huelvaysusfotografos.com\/?attachment_id=7452\" class=\"wp-image-7452\" srcset=\"https:\/\/www.huelvaysusfotografos.com\/wp-content\/uploads\/2021\/09\/3-1-682x1024.jpg 682w, https:\/\/www.huelvaysusfotografos.com\/wp-content\/uploads\/2021\/09\/3-1-200x300.jpg 200w, https:\/\/www.huelvaysusfotografos.com\/wp-content\/uploads\/2021\/09\/3-1-768x1153.jpg 768w, https:\/\/www.huelvaysusfotografos.com\/wp-content\/uploads\/2021\/09\/3-1-1023x1536.jpg 1023w, https:\/\/www.huelvaysusfotografos.com\/wp-content\/uploads\/2021\/09\/3-1.jpg 1066w\" sizes=\"auto, (max-width: 682px) 100vw, 682px\" \/><\/figure><\/li><\/ul><\/figure>\n","protected":false},"excerpt":{"rendered":"<p>La tarde noche del s\u00e1bado 4 de septiembre nos llevaba a los milenarios Silos de Trigueros. Una jornada fotogr\u00e1fica de convivencia que dio mucho juego a las risas y el aprendizaje. Los maestros de la imagen recorr\u00edan los entresijos de los silos, buscando los mejores encuadres para realizar las fotos de V\u00eda L\u00e1ctea y Circumpolares. Asist\u00edan al encuentro Manolo Pascual Bonaque, Sergio, Paco Gil Salguero, Pedro Gajate Castellano, Miriam Rodr\u00edguez<\/p>\n<div class=\"belowpost\"><a class=\"btnmore\" href=\"https:\/\/www.huelvaysusfotografos.com\/?p=7445\">Seguir leyendo<\/a><\/div>\n","protected":false},"author":8279,"featured_media":7446,"comment_status":"open","ping_status":"open","sticky":false,"template":"","format":"standard","meta":{"footnotes":"","_links_to":"","_links_to_target":""},"categories":[4,6],"tags":[],"class_list":["post-7445","post","type-post","status-publish","format-standard","has-post-thumbnail","hentry","category-actividades","category-quedadas"],"_links":{"self":[{"href":"https:\/\/www.huelvaysusfotografos.com\/index.php?rest_route=\/wp\/v2\/posts\/7445","targetHints":{"allow":["GET"]}}],"collection":[{"href":"https:\/\/www.huelvaysusfotografos.com\/index.php?rest_route=\/wp\/v2\/posts"}],"about":[{"href":"https:\/\/www.huelvaysusfotografos.com\/index.php?rest_route=\/wp\/v2\/types\/post"}],"author":[{"embeddable":true,"href":"https:\/\/www.huelvaysusfotografos.com\/index.php?rest_route=\/wp\/v2\/users\/8279"}],"replies":[{"embeddable":true,"href":"https:\/\/www.huelvaysusfotografos.com\/index.php?rest_route=%2Fwp%2Fv2%2Fcomments&post=7445"}],"version-history":[{"count":2,"href":"https:\/\/www.huelvaysusfotografos.com\/index.php?rest_route=\/wp\/v2\/posts\/7445\/revisions"}],"predecessor-version":[{"id":7453,"href":"https:\/\/www.huelvaysusfotografos.com\/index.php?rest_route=\/wp\/v2\/posts\/7445\/revisions\/7453"}],"wp:featuredmedia":[{"embeddable":true,"href":"https:\/\/www.huelvaysusfotografos.com\/index.php?rest_route=\/wp\/v2\/media\/7446"}],"wp:attachment":[{"href":"https:\/\/www.huelvaysusfotografos.com\/index.php?rest_route=%2Fwp%2Fv2%2Fmedia&parent=7445"}],"wp:term":[{"taxonomy":"category","embeddable":true,"href":"https:\/\/www.huelvaysusfotografos.com\/index.php?rest_route=%2Fwp%2Fv2%2Fcategories&post=7445"},{"taxonomy":"post_tag","embeddable":true,"href":"https:\/\/www.huelvaysusfotografos.com\/index.php?rest_route=%2Fwp%2Fv2%2Ftags&post=7445"}],"curies":[{"name":"wp","href":"https:\/\/api.w.org\/{rel}","templated":true}]}}