{"id":7402,"date":"2021-08-31T20:08:10","date_gmt":"2021-08-31T18:08:10","guid":{"rendered":"http:\/\/www.huelvaysusfotografos.com\/?p=7402"},"modified":"2021-09-01T13:44:34","modified_gmt":"2021-09-01T11:44:34","slug":"quedada-via-lactea-a-los-silos-de-trigueros-huelva","status":"publish","type":"post","link":"https:\/\/www.huelvaysusfotografos.com\/?p=7402","title":{"rendered":"Quedada: V\u00eda L\u00e1ctea a los silos de Trigueros (Huelva)."},"content":{"rendered":"\n<p>Nuestra pr\u00f3xima actividad nos llevar\u00e1 a la localidad onubense de Trigueros.<\/p>\n\n\n\n<p>Nuestro punto de encuentro ser\u00e1n los silos milenarios de la localidad de trigueros, el pr\u00f3ximo s\u00e1bado 4 de septiembre de 2021.<\/p>\n\n\n\n<p>Una quedada nocturna para fotografiar la \u00faltima v\u00eda l\u00e1ctea de este a\u00f1o.<\/p>\n\n\n\n<p>Adem\u00e1s de tomar las primeras im\u00e1genes de la puesta de sol, en tan emblem\u00e1tico lugar.<\/p>\n\n\n\n<p>Un punto de encuentro para echar un rato practicando lo \u00faltimo que nos explic\u00f3 nuestro compa\u00f1ero Manolo Pascual en la actividad del D\u00eda Mundial de la Fotograf\u00eda que hicimos en el Ecomuseo Molino Mareal El Pintado.<\/p>\n\n\n\n<p>La actividad se realizar\u00e1 guardando las medidas sanitarias Covid-19.<\/p>\n\n\n\n<p>Imprescindible llevar avituallamiento y bebidas para hidrataci\u00f3n.<\/p>\n\n\n\n<p>Para la actividad nocturna no olvidar, c\u00e1mara, tr\u00edpode, objetivos angulares, interval\u00f3metro, disparador remoto, linterna&#8230; y aquello que cada uno estime necesario.<\/p>\n\n\n\n<ul class=\"wp-block-list\"><li><strong>Una linterna frontal<\/strong>: de las que se colocan en la cabeza. Algo muy necesario cuando se camina de noche. As\u00ed veremos por d\u00f3nde pisamos. Recomendable aquellas que poseen, adem\u00e1s, una luz roja. El motivo es que puedes dejar esa luz encendida mientras hablas con los compa\u00f1eros<\/li><li><strong>Calzado adecuado<\/strong>: recomendable para pisar bien y meterse en ciertos lugares, sobre todo cuando estamos en el campo.<\/li><li><strong>Flashes, linternas y geles<\/strong>: Seg\u00fan el gusto y depende del tipo de iluminaci\u00f3n que hagamos. Algunas fotograf\u00edas nocturnas de paisajes no suelen llevar iluminaci\u00f3n artificial, pero en el caso de querer iluminar objetos cercanos seguramente se hace necesario utilizar alguno de estos elementos.<\/li><li><strong>Bater\u00edas recargables<\/strong>: Muchas, muchas y bien cargadas. No es raro estar en medio de la nada y quedarse sin bater\u00edas.<\/li><\/ul>\n\n\n\n<p><strong><u>Actividad:<\/u><\/strong> Fotograf\u00eda de V\u00eda L\u00e1ctea<\/p>\n\n\n\n<p><strong><u>Lugar:<\/u><\/strong> Silos Milenarios de Trigueros<\/p>\n\n\n\n<p><strong><u>D\u00eda:<\/u><\/strong> S\u00e1bado 4 de septiembre de 2021<\/p>\n\n\n\n<p><strong><u>Hora:<\/u><\/strong> a partir de las 20.00 horas<\/p>\n\n\n\n<figure class=\"wp-block-image size-large\"><img loading=\"lazy\" decoding=\"async\" width=\"682\" height=\"1024\" src=\"https:\/\/www.huelvaysusfotografos.com\/wp-content\/uploads\/2021\/09\/CARTEL-QUEDADA-SILOS-TRIGUEROS-con-FAF-682x1024.jpg\" alt=\"\" class=\"wp-image-7426\" srcset=\"https:\/\/www.huelvaysusfotografos.com\/wp-content\/uploads\/2021\/09\/CARTEL-QUEDADA-SILOS-TRIGUEROS-con-FAF-682x1024.jpg 682w, https:\/\/www.huelvaysusfotografos.com\/wp-content\/uploads\/2021\/09\/CARTEL-QUEDADA-SILOS-TRIGUEROS-con-FAF-200x300.jpg 200w, https:\/\/www.huelvaysusfotografos.com\/wp-content\/uploads\/2021\/09\/CARTEL-QUEDADA-SILOS-TRIGUEROS-con-FAF-768x1153.jpg 768w, https:\/\/www.huelvaysusfotografos.com\/wp-content\/uploads\/2021\/09\/CARTEL-QUEDADA-SILOS-TRIGUEROS-con-FAF-1023x1536.jpg 1023w, https:\/\/www.huelvaysusfotografos.com\/wp-content\/uploads\/2021\/09\/CARTEL-QUEDADA-SILOS-TRIGUEROS-con-FAF.jpg 1066w\" sizes=\"auto, (max-width: 682px) 100vw, 682px\" \/><\/figure>\n","protected":false},"excerpt":{"rendered":"<p>Nuestra pr\u00f3xima actividad nos llevar\u00e1 a la localidad onubense de Trigueros. Nuestro punto de encuentro ser\u00e1n los silos milenarios de la localidad de trigueros, el pr\u00f3ximo s\u00e1bado 4 de septiembre de 2021. Una quedada nocturna para fotografiar la \u00faltima v\u00eda l\u00e1ctea de este a\u00f1o. Adem\u00e1s de tomar las primeras im\u00e1genes de la puesta de sol, en tan emblem\u00e1tico lugar. Un punto de encuentro para echar un rato practicando lo \u00faltimo<\/p>\n<div class=\"belowpost\"><a class=\"btnmore\" href=\"https:\/\/www.huelvaysusfotografos.com\/?p=7402\">Seguir leyendo<\/a><\/div>\n","protected":false},"author":8279,"featured_media":7403,"comment_status":"open","ping_status":"open","sticky":false,"template":"","format":"standard","meta":{"footnotes":"","_links_to":"","_links_to_target":""},"categories":[4,6],"tags":[],"class_list":["post-7402","post","type-post","status-publish","format-standard","has-post-thumbnail","hentry","category-actividades","category-quedadas"],"_links":{"self":[{"href":"https:\/\/www.huelvaysusfotografos.com\/index.php?rest_route=\/wp\/v2\/posts\/7402","targetHints":{"allow":["GET"]}}],"collection":[{"href":"https:\/\/www.huelvaysusfotografos.com\/index.php?rest_route=\/wp\/v2\/posts"}],"about":[{"href":"https:\/\/www.huelvaysusfotografos.com\/index.php?rest_route=\/wp\/v2\/types\/post"}],"author":[{"embeddable":true,"href":"https:\/\/www.huelvaysusfotografos.com\/index.php?rest_route=\/wp\/v2\/users\/8279"}],"replies":[{"embeddable":true,"href":"https:\/\/www.huelvaysusfotografos.com\/index.php?rest_route=%2Fwp%2Fv2%2Fcomments&post=7402"}],"version-history":[{"count":3,"href":"https:\/\/www.huelvaysusfotografos.com\/index.php?rest_route=\/wp\/v2\/posts\/7402\/revisions"}],"predecessor-version":[{"id":7427,"href":"https:\/\/www.huelvaysusfotografos.com\/index.php?rest_route=\/wp\/v2\/posts\/7402\/revisions\/7427"}],"wp:featuredmedia":[{"embeddable":true,"href":"https:\/\/www.huelvaysusfotografos.com\/index.php?rest_route=\/wp\/v2\/media\/7403"}],"wp:attachment":[{"href":"https:\/\/www.huelvaysusfotografos.com\/index.php?rest_route=%2Fwp%2Fv2%2Fmedia&parent=7402"}],"wp:term":[{"taxonomy":"category","embeddable":true,"href":"https:\/\/www.huelvaysusfotografos.com\/index.php?rest_route=%2Fwp%2Fv2%2Fcategories&post=7402"},{"taxonomy":"post_tag","embeddable":true,"href":"https:\/\/www.huelvaysusfotografos.com\/index.php?rest_route=%2Fwp%2Fv2%2Ftags&post=7402"}],"curies":[{"name":"wp","href":"https:\/\/api.w.org\/{rel}","templated":true}]}}