{"id":7174,"date":"2021-08-19T12:47:57","date_gmt":"2021-08-19T10:47:57","guid":{"rendered":"http:\/\/www.huelvaysusfotografos.com\/?p=7174"},"modified":"2021-08-19T15:14:28","modified_gmt":"2021-08-19T13:14:28","slug":"extraordinaria-quedada-en-el-molino-mareal-el-pintado","status":"publish","type":"post","link":"https:\/\/www.huelvaysusfotografos.com\/?p=7174","title":{"rendered":"Extraordinaria quedada en el Molino Mareal El Pintado."},"content":{"rendered":"\n<p>Con motivo del d\u00eda internacional de la Fotograf\u00eda, un nutrido grupo de socios, nos d\u00e1bamos cita en el mayor Molino Mareal de Europa, el Ecomuseo Molino El Pintado de la localidad onubense de Ayamonte.<\/p>\n\n\n\n<figure class=\"wp-block-image size-large\"><img loading=\"lazy\" decoding=\"async\" width=\"1024\" height=\"461\" src=\"https:\/\/www.huelvaysusfotografos.com\/wp-content\/uploads\/2021\/08\/Molino-El-Pintado.jpg\" alt=\"\" class=\"wp-image-7176\" srcset=\"https:\/\/www.huelvaysusfotografos.com\/wp-content\/uploads\/2021\/08\/Molino-El-Pintado.jpg 1024w, https:\/\/www.huelvaysusfotografos.com\/wp-content\/uploads\/2021\/08\/Molino-El-Pintado-300x135.jpg 300w, https:\/\/www.huelvaysusfotografos.com\/wp-content\/uploads\/2021\/08\/Molino-El-Pintado-768x346.jpg 768w\" sizes=\"auto, (max-width: 1024px) 100vw, 1024px\" \/><\/figure>\n\n\n\n<p>Una jornada de muchos quilates de la mano de Jessica de Platalea, quien nos mostr\u00f3 al detalle y pormenorizado el Molino, su uso y su importancia en Ayamonte y Europa con la importaci\u00f3n y exportaci\u00f3n de productos del nuevo continente. Una forma de aprovechar las mareas del paraje natural en favor del buen hacer de las gentes del siglo XV.<\/p>\n\n\n\n<figure class=\"wp-block-image size-large\"><img loading=\"lazy\" decoding=\"async\" width=\"1000\" height=\"450\" src=\"https:\/\/www.huelvaysusfotografos.com\/wp-content\/uploads\/2021\/08\/jessica-platalea.jpg\" alt=\"\" class=\"wp-image-7177\" srcset=\"https:\/\/www.huelvaysusfotografos.com\/wp-content\/uploads\/2021\/08\/jessica-platalea.jpg 1000w, https:\/\/www.huelvaysusfotografos.com\/wp-content\/uploads\/2021\/08\/jessica-platalea-300x135.jpg 300w, https:\/\/www.huelvaysusfotografos.com\/wp-content\/uploads\/2021\/08\/jessica-platalea-768x346.jpg 768w\" sizes=\"auto, (max-width: 1000px) 100vw, 1000px\" \/><\/figure>\n\n\n\n<p>Y de nuestro compa\u00f1ero Manuel Pascual Bonaque, quien nos deleit\u00f3 con una charla sobre fotograf\u00eda nocturna, charla did\u00e1ctica, divertida y con mucho talento, que hizo las delicias del respetable, que llenaba el cupo que ten\u00eda puesto la organizaci\u00f3n del evento.<\/p>\n\n\n\n<figure class=\"wp-block-image size-large\"><img loading=\"lazy\" decoding=\"async\" width=\"1024\" height=\"461\" src=\"https:\/\/www.huelvaysusfotografos.com\/wp-content\/uploads\/2021\/08\/charla-Manolo-Pascual.jpg\" alt=\"\" class=\"wp-image-7178\" srcset=\"https:\/\/www.huelvaysusfotografos.com\/wp-content\/uploads\/2021\/08\/charla-Manolo-Pascual.jpg 1024w, https:\/\/www.huelvaysusfotografos.com\/wp-content\/uploads\/2021\/08\/charla-Manolo-Pascual-300x135.jpg 300w, https:\/\/www.huelvaysusfotografos.com\/wp-content\/uploads\/2021\/08\/charla-Manolo-Pascual-768x346.jpg 768w\" sizes=\"auto, (max-width: 1024px) 100vw, 1024px\" \/><\/figure>\n\n\n\n<p>Gracias a todos los asistentes por este magn\u00edfico d\u00eda fotogr\u00e1fico, Manolo Pascual, Juli\u00e1n L\u00f3pez, Carmen Pascual, Sonia Herencia, Marcelino Anaya, Eva Herencia, Ana Mar\u00eda C\u00e1liz, Flor N\u00fa\u00f1ez, Carmelo V\u00e1zquez, Antonio Le\u00f1a, Paco Gil padre e hijo, Joaqu\u00edn Llagas y Sergio, Pedro Gajate, Fran Tebar, Juan Antonio D\u00e1vila, Amparo Vicente, Miriam Rodr\u00edguez, Lola Turrens, Paco Mac\u00edas, Mar\u00eda Oliva Villa, Jos\u00e9 Mar\u00eda Est\u00e9vez, Gloria Est\u00e9vez Jim\u00e9nez y acompa\u00f1ante, Mar\u00eda Jes\u00fas Mu\u00f1oz Arenilla y acompa\u00f1ante, Juan Mariano Garc\u00eda Beltr\u00e1n, Jos\u00e9 Luis Arizmendi. Los compa\u00f1eros Antonio Hald\u00f3n y Pedro J. Ruiz Constantino, Jes\u00fas Carrasco y Manuel Quintero M\u00e1zquez, no nos pudieron acompa\u00f1ar por causas de fuerza mayor.<\/p>\n\n\n\n<figure class=\"wp-block-image size-large\"><img loading=\"lazy\" decoding=\"async\" width=\"1024\" height=\"461\" src=\"https:\/\/www.huelvaysusfotografos.com\/wp-content\/uploads\/2021\/08\/foto-explanada-charla.jpg\" alt=\"\" class=\"wp-image-7179\" srcset=\"https:\/\/www.huelvaysusfotografos.com\/wp-content\/uploads\/2021\/08\/foto-explanada-charla.jpg 1024w, https:\/\/www.huelvaysusfotografos.com\/wp-content\/uploads\/2021\/08\/foto-explanada-charla-300x135.jpg 300w, https:\/\/www.huelvaysusfotografos.com\/wp-content\/uploads\/2021\/08\/foto-explanada-charla-768x346.jpg 768w\" sizes=\"auto, (max-width: 1024px) 100vw, 1024px\" \/><\/figure>\n\n\n\n<p>Nuestros pasos discurrieron por los alrededores del Molino El Pintado tras la charla de Manuel, para tomar unas viandas y echar un rato de charla antes de llevar a la pr\u00e1ctica lo que all\u00ed aconteci\u00f3.<\/p>\n\n\n\n<p>En la explanada del Molino se llev\u00f3 a la pr\u00e1ctica la fotograf\u00eda nocturna y Light Painting, un momento de uni\u00f3n y llevar al sensor las ocurrencias de Manolo y Sergio. Pronto pondremos los resultados.<\/p>\n\n\n\n<p>Gracias y tod@s y nos emplazamos para la siguiente quedada.<\/p>\n\n\n\n<figure class=\"wp-block-image size-large\"><img loading=\"lazy\" decoding=\"async\" width=\"1024\" height=\"819\" src=\"https:\/\/www.huelvaysusfotografos.com\/wp-content\/uploads\/2021\/08\/1-1024x819.jpg\" alt=\"\" class=\"wp-image-7183\" srcset=\"https:\/\/www.huelvaysusfotografos.com\/wp-content\/uploads\/2021\/08\/1-1024x819.jpg 1024w, https:\/\/www.huelvaysusfotografos.com\/wp-content\/uploads\/2021\/08\/1-300x240.jpg 300w, https:\/\/www.huelvaysusfotografos.com\/wp-content\/uploads\/2021\/08\/1-768x614.jpg 768w, https:\/\/www.huelvaysusfotografos.com\/wp-content\/uploads\/2021\/08\/1-1536x1228.jpg 1536w, https:\/\/www.huelvaysusfotografos.com\/wp-content\/uploads\/2021\/08\/1.jpg 1600w\" sizes=\"auto, (max-width: 1024px) 100vw, 1024px\" \/><\/figure>\n\n\n\n<figure class=\"wp-block-image size-large\"><img loading=\"lazy\" decoding=\"async\" width=\"1024\" height=\"819\" src=\"https:\/\/www.huelvaysusfotografos.com\/wp-content\/uploads\/2021\/08\/2-1024x819.jpg\" alt=\"\" class=\"wp-image-7184\" srcset=\"https:\/\/www.huelvaysusfotografos.com\/wp-content\/uploads\/2021\/08\/2-1024x819.jpg 1024w, https:\/\/www.huelvaysusfotografos.com\/wp-content\/uploads\/2021\/08\/2-300x240.jpg 300w, https:\/\/www.huelvaysusfotografos.com\/wp-content\/uploads\/2021\/08\/2-768x614.jpg 768w, https:\/\/www.huelvaysusfotografos.com\/wp-content\/uploads\/2021\/08\/2-1536x1228.jpg 1536w, https:\/\/www.huelvaysusfotografos.com\/wp-content\/uploads\/2021\/08\/2.jpg 1600w\" sizes=\"auto, (max-width: 1024px) 100vw, 1024px\" \/><\/figure>\n\n\n\n<figure class=\"wp-block-image size-large\"><img loading=\"lazy\" decoding=\"async\" width=\"1024\" height=\"768\" src=\"https:\/\/www.huelvaysusfotografos.com\/wp-content\/uploads\/2021\/08\/3-1024x768.jpg\" alt=\"\" class=\"wp-image-7185\" srcset=\"https:\/\/www.huelvaysusfotografos.com\/wp-content\/uploads\/2021\/08\/3-1024x768.jpg 1024w, https:\/\/www.huelvaysusfotografos.com\/wp-content\/uploads\/2021\/08\/3-300x225.jpg 300w, https:\/\/www.huelvaysusfotografos.com\/wp-content\/uploads\/2021\/08\/3-768x576.jpg 768w, https:\/\/www.huelvaysusfotografos.com\/wp-content\/uploads\/2021\/08\/3-160x120.jpg 160w, https:\/\/www.huelvaysusfotografos.com\/wp-content\/uploads\/2021\/08\/3.jpg 1080w\" sizes=\"auto, (max-width: 1024px) 100vw, 1024px\" \/><\/figure>\n\n\n\n<figure class=\"wp-block-image size-large\"><img loading=\"lazy\" decoding=\"async\" width=\"1024\" height=\"770\" src=\"https:\/\/www.huelvaysusfotografos.com\/wp-content\/uploads\/2021\/08\/4-1024x770.jpg\" alt=\"\" class=\"wp-image-7186\" srcset=\"https:\/\/www.huelvaysusfotografos.com\/wp-content\/uploads\/2021\/08\/4-1024x770.jpg 1024w, https:\/\/www.huelvaysusfotografos.com\/wp-content\/uploads\/2021\/08\/4-300x226.jpg 300w, https:\/\/www.huelvaysusfotografos.com\/wp-content\/uploads\/2021\/08\/4-768x577.jpg 768w, https:\/\/www.huelvaysusfotografos.com\/wp-content\/uploads\/2021\/08\/4-1536x1155.jpg 1536w, https:\/\/www.huelvaysusfotografos.com\/wp-content\/uploads\/2021\/08\/4-160x120.jpg 160w, https:\/\/www.huelvaysusfotografos.com\/wp-content\/uploads\/2021\/08\/4.jpg 1600w\" sizes=\"auto, (max-width: 1024px) 100vw, 1024px\" \/><\/figure>\n\n\n\n<figure class=\"wp-block-image size-large\"><img loading=\"lazy\" decoding=\"async\" width=\"1024\" height=\"771\" src=\"https:\/\/www.huelvaysusfotografos.com\/wp-content\/uploads\/2021\/08\/5-1024x771.jpg\" alt=\"\" class=\"wp-image-7187\" srcset=\"https:\/\/www.huelvaysusfotografos.com\/wp-content\/uploads\/2021\/08\/5-1024x771.jpg 1024w, https:\/\/www.huelvaysusfotografos.com\/wp-content\/uploads\/2021\/08\/5-300x226.jpg 300w, https:\/\/www.huelvaysusfotografos.com\/wp-content\/uploads\/2021\/08\/5-768x578.jpg 768w, https:\/\/www.huelvaysusfotografos.com\/wp-content\/uploads\/2021\/08\/5-1536x1156.jpg 1536w, https:\/\/www.huelvaysusfotografos.com\/wp-content\/uploads\/2021\/08\/5-160x120.jpg 160w, https:\/\/www.huelvaysusfotografos.com\/wp-content\/uploads\/2021\/08\/5.jpg 1600w\" sizes=\"auto, (max-width: 1024px) 100vw, 1024px\" \/><\/figure>\n\n\n\n<figure class=\"wp-block-image size-large\"><img loading=\"lazy\" decoding=\"async\" width=\"1024\" height=\"771\" src=\"https:\/\/www.huelvaysusfotografos.com\/wp-content\/uploads\/2021\/08\/6-1024x771.jpg\" alt=\"\" class=\"wp-image-7188\" srcset=\"https:\/\/www.huelvaysusfotografos.com\/wp-content\/uploads\/2021\/08\/6-1024x771.jpg 1024w, https:\/\/www.huelvaysusfotografos.com\/wp-content\/uploads\/2021\/08\/6-300x226.jpg 300w, https:\/\/www.huelvaysusfotografos.com\/wp-content\/uploads\/2021\/08\/6-768x578.jpg 768w, https:\/\/www.huelvaysusfotografos.com\/wp-content\/uploads\/2021\/08\/6-1536x1156.jpg 1536w, https:\/\/www.huelvaysusfotografos.com\/wp-content\/uploads\/2021\/08\/6-160x120.jpg 160w, https:\/\/www.huelvaysusfotografos.com\/wp-content\/uploads\/2021\/08\/6.jpg 1600w\" sizes=\"auto, (max-width: 1024px) 100vw, 1024px\" \/><\/figure>\n","protected":false},"excerpt":{"rendered":"<p>Con motivo del d\u00eda internacional de la Fotograf\u00eda, un nutrido grupo de socios, nos d\u00e1bamos cita en el mayor Molino Mareal de Europa, el Ecomuseo Molino El Pintado de la localidad onubense de Ayamonte. Una jornada de muchos quilates de la mano de Jessica de Platalea, quien nos mostr\u00f3 al detalle y pormenorizado el Molino, su uso y su importancia en Ayamonte y Europa con la importaci\u00f3n y exportaci\u00f3n de<\/p>\n<div class=\"belowpost\"><a class=\"btnmore\" href=\"https:\/\/www.huelvaysusfotografos.com\/?p=7174\">Seguir leyendo<\/a><\/div>\n","protected":false},"author":8279,"featured_media":7175,"comment_status":"open","ping_status":"open","sticky":false,"template":"","format":"standard","meta":{"footnotes":"","_links_to":"","_links_to_target":""},"categories":[4,6],"tags":[],"class_list":["post-7174","post","type-post","status-publish","format-standard","has-post-thumbnail","hentry","category-actividades","category-quedadas"],"_links":{"self":[{"href":"https:\/\/www.huelvaysusfotografos.com\/index.php?rest_route=\/wp\/v2\/posts\/7174","targetHints":{"allow":["GET"]}}],"collection":[{"href":"https:\/\/www.huelvaysusfotografos.com\/index.php?rest_route=\/wp\/v2\/posts"}],"about":[{"href":"https:\/\/www.huelvaysusfotografos.com\/index.php?rest_route=\/wp\/v2\/types\/post"}],"author":[{"embeddable":true,"href":"https:\/\/www.huelvaysusfotografos.com\/index.php?rest_route=\/wp\/v2\/users\/8279"}],"replies":[{"embeddable":true,"href":"https:\/\/www.huelvaysusfotografos.com\/index.php?rest_route=%2Fwp%2Fv2%2Fcomments&post=7174"}],"version-history":[{"count":3,"href":"https:\/\/www.huelvaysusfotografos.com\/index.php?rest_route=\/wp\/v2\/posts\/7174\/revisions"}],"predecessor-version":[{"id":7191,"href":"https:\/\/www.huelvaysusfotografos.com\/index.php?rest_route=\/wp\/v2\/posts\/7174\/revisions\/7191"}],"wp:featuredmedia":[{"embeddable":true,"href":"https:\/\/www.huelvaysusfotografos.com\/index.php?rest_route=\/wp\/v2\/media\/7175"}],"wp:attachment":[{"href":"https:\/\/www.huelvaysusfotografos.com\/index.php?rest_route=%2Fwp%2Fv2%2Fmedia&parent=7174"}],"wp:term":[{"taxonomy":"category","embeddable":true,"href":"https:\/\/www.huelvaysusfotografos.com\/index.php?rest_route=%2Fwp%2Fv2%2Fcategories&post=7174"},{"taxonomy":"post_tag","embeddable":true,"href":"https:\/\/www.huelvaysusfotografos.com\/index.php?rest_route=%2Fwp%2Fv2%2Ftags&post=7174"}],"curies":[{"name":"wp","href":"https:\/\/api.w.org\/{rel}","templated":true}]}}