{"id":7153,"date":"2021-08-14T01:29:50","date_gmt":"2021-08-13T23:29:50","guid":{"rendered":"http:\/\/www.huelvaysusfotografos.com\/?p=7153"},"modified":"2021-08-25T19:55:18","modified_gmt":"2021-08-25T17:55:18","slug":"noche-de-estrellas-en-pena-de-hierro","status":"publish","type":"post","link":"https:\/\/www.huelvaysusfotografos.com\/?p=7153","title":{"rendered":"Noche de estrellas en Pe\u00f1a de Hierro."},"content":{"rendered":"\n<p>Noche m\u00e1gica la vivida el pasado mi\u00e9rcoles en la Pe\u00f1a de Hierro.<\/p>\n\n\n\n<p>Varios de nuestros socios se embarcaban en una quedada nocturna expr\u00e9s para vivir una salida fotogr\u00e1fica en la localidad onubense de Nerva.<\/p>\n\n\n\n<figure class=\"wp-block-image size-large\"><img loading=\"lazy\" decoding=\"async\" width=\"1024\" height=\"682\" src=\"https:\/\/www.huelvaysusfotografos.com\/wp-content\/uploads\/2021\/08\/11082021-_DSC0245-1024x682.jpg\" alt=\"\" class=\"wp-image-7359\" srcset=\"https:\/\/www.huelvaysusfotografos.com\/wp-content\/uploads\/2021\/08\/11082021-_DSC0245-1024x682.jpg 1024w, https:\/\/www.huelvaysusfotografos.com\/wp-content\/uploads\/2021\/08\/11082021-_DSC0245-300x200.jpg 300w, https:\/\/www.huelvaysusfotografos.com\/wp-content\/uploads\/2021\/08\/11082021-_DSC0245-768x512.jpg 768w, https:\/\/www.huelvaysusfotografos.com\/wp-content\/uploads\/2021\/08\/11082021-_DSC0245-120x80.jpg 120w, https:\/\/www.huelvaysusfotografos.com\/wp-content\/uploads\/2021\/08\/11082021-_DSC0245.jpg 1280w\" sizes=\"auto, (max-width: 1024px) 100vw, 1024px\" \/><\/figure>\n\n\n\n<p>Bajo la direcci\u00f3n de Sergio y Pedro Gajate los socios que se dieron cita en la quedada, Miriam Rodr\u00edguez, Mar\u00eda Oliva Villa y Manuel Quintero, realizaban sus primeros pasos en la fotograf\u00eda de V\u00eda L\u00e1ctea, Circumpolares y Perseidas.<\/p>\n\n\n\n<p>Ser\u00e1 una de las primeras quedadas nocturnas de esta temporada que nos llevar\u00e1 el pr\u00f3ximo mi\u00e9rcoles a Molino El Pintado en la localidad onubense de Ayamonte, donde nos daremos cita treinta socios, llenando el aforo permitido para esta actividad.<\/p>\n\n\n\n<p>Muestra de esa noche nervense les dejamos estas im\u00e1genes de nuestros socios.<\/p>\n\n\n\n<figure class=\"wp-block-image size-large\"><img loading=\"lazy\" decoding=\"async\" width=\"1024\" height=\"682\" src=\"https:\/\/www.huelvaysusfotografos.com\/wp-content\/uploads\/2021\/08\/MARIA-OLIVA-1-1024x682.jpg\" alt=\"\" class=\"wp-image-7155\" srcset=\"https:\/\/www.huelvaysusfotografos.com\/wp-content\/uploads\/2021\/08\/MARIA-OLIVA-1-1024x682.jpg 1024w, https:\/\/www.huelvaysusfotografos.com\/wp-content\/uploads\/2021\/08\/MARIA-OLIVA-1-300x200.jpg 300w, https:\/\/www.huelvaysusfotografos.com\/wp-content\/uploads\/2021\/08\/MARIA-OLIVA-1-768x512.jpg 768w, https:\/\/www.huelvaysusfotografos.com\/wp-content\/uploads\/2021\/08\/MARIA-OLIVA-1-1536x1023.jpg 1536w, https:\/\/www.huelvaysusfotografos.com\/wp-content\/uploads\/2021\/08\/MARIA-OLIVA-1-120x80.jpg 120w, https:\/\/www.huelvaysusfotografos.com\/wp-content\/uploads\/2021\/08\/MARIA-OLIVA-1.jpg 1600w\" sizes=\"auto, (max-width: 1024px) 100vw, 1024px\" \/><\/figure>\n\n\n\n<figure class=\"wp-block-image size-large\"><img loading=\"lazy\" decoding=\"async\" width=\"1024\" height=\"819\" src=\"https:\/\/www.huelvaysusfotografos.com\/wp-content\/uploads\/2021\/08\/PGC4338-Editar-1024x819.jpg\" alt=\"\" class=\"wp-image-7156\" srcset=\"https:\/\/www.huelvaysusfotografos.com\/wp-content\/uploads\/2021\/08\/PGC4338-Editar-1024x819.jpg 1024w, https:\/\/www.huelvaysusfotografos.com\/wp-content\/uploads\/2021\/08\/PGC4338-Editar-300x240.jpg 300w, https:\/\/www.huelvaysusfotografos.com\/wp-content\/uploads\/2021\/08\/PGC4338-Editar-768x614.jpg 768w, https:\/\/www.huelvaysusfotografos.com\/wp-content\/uploads\/2021\/08\/PGC4338-Editar.jpg 1280w\" sizes=\"auto, (max-width: 1024px) 100vw, 1024px\" \/><\/figure>\n\n\n\n<figure class=\"wp-block-image size-large\"><img loading=\"lazy\" decoding=\"async\" width=\"819\" height=\"1024\" src=\"https:\/\/www.huelvaysusfotografos.com\/wp-content\/uploads\/2021\/08\/PGC4342-819x1024.jpg\" alt=\"\" class=\"wp-image-7157\" srcset=\"https:\/\/www.huelvaysusfotografos.com\/wp-content\/uploads\/2021\/08\/PGC4342-819x1024.jpg 819w, https:\/\/www.huelvaysusfotografos.com\/wp-content\/uploads\/2021\/08\/PGC4342-240x300.jpg 240w, https:\/\/www.huelvaysusfotografos.com\/wp-content\/uploads\/2021\/08\/PGC4342-768x960.jpg 768w, https:\/\/www.huelvaysusfotografos.com\/wp-content\/uploads\/2021\/08\/PGC4342.jpg 1024w\" sizes=\"auto, (max-width: 819px) 100vw, 819px\" \/><\/figure>\n\n\n\n<figure class=\"wp-block-image size-large\"><img loading=\"lazy\" decoding=\"async\" width=\"1024\" height=\"819\" src=\"https:\/\/www.huelvaysusfotografos.com\/wp-content\/uploads\/2021\/08\/PGC4353-1-1024x819.jpg\" alt=\"\" class=\"wp-image-7158\" srcset=\"https:\/\/www.huelvaysusfotografos.com\/wp-content\/uploads\/2021\/08\/PGC4353-1-1024x819.jpg 1024w, https:\/\/www.huelvaysusfotografos.com\/wp-content\/uploads\/2021\/08\/PGC4353-1-300x240.jpg 300w, https:\/\/www.huelvaysusfotografos.com\/wp-content\/uploads\/2021\/08\/PGC4353-1-768x614.jpg 768w, https:\/\/www.huelvaysusfotografos.com\/wp-content\/uploads\/2021\/08\/PGC4353-1.jpg 1280w\" sizes=\"auto, (max-width: 1024px) 100vw, 1024px\" \/><\/figure>\n\n\n\n<figure class=\"wp-block-image size-large\"><img loading=\"lazy\" decoding=\"async\" width=\"1024\" height=\"768\" src=\"https:\/\/www.huelvaysusfotografos.com\/wp-content\/uploads\/2021\/08\/Nocturna-firma-1024x768.jpg\" alt=\"\" class=\"wp-image-7162\" srcset=\"https:\/\/www.huelvaysusfotografos.com\/wp-content\/uploads\/2021\/08\/Nocturna-firma-1024x768.jpg 1024w, https:\/\/www.huelvaysusfotografos.com\/wp-content\/uploads\/2021\/08\/Nocturna-firma-300x225.jpg 300w, https:\/\/www.huelvaysusfotografos.com\/wp-content\/uploads\/2021\/08\/Nocturna-firma-768x576.jpg 768w, https:\/\/www.huelvaysusfotografos.com\/wp-content\/uploads\/2021\/08\/Nocturna-firma-160x120.jpg 160w, https:\/\/www.huelvaysusfotografos.com\/wp-content\/uploads\/2021\/08\/Nocturna-firma.jpg 1280w\" sizes=\"auto, (max-width: 1024px) 100vw, 1024px\" \/><\/figure>\n\n\n\n<figure class=\"wp-block-image size-large\"><img loading=\"lazy\" decoding=\"async\" width=\"1024\" height=\"768\" src=\"https:\/\/www.huelvaysusfotografos.com\/wp-content\/uploads\/2021\/08\/Circumpolar-firma-1024x768.jpg\" alt=\"\" class=\"wp-image-7163\" srcset=\"https:\/\/www.huelvaysusfotografos.com\/wp-content\/uploads\/2021\/08\/Circumpolar-firma-1024x768.jpg 1024w, https:\/\/www.huelvaysusfotografos.com\/wp-content\/uploads\/2021\/08\/Circumpolar-firma-300x225.jpg 300w, https:\/\/www.huelvaysusfotografos.com\/wp-content\/uploads\/2021\/08\/Circumpolar-firma-768x576.jpg 768w, https:\/\/www.huelvaysusfotografos.com\/wp-content\/uploads\/2021\/08\/Circumpolar-firma-160x120.jpg 160w, https:\/\/www.huelvaysusfotografos.com\/wp-content\/uploads\/2021\/08\/Circumpolar-firma.jpg 1280w\" sizes=\"auto, (max-width: 1024px) 100vw, 1024px\" \/><\/figure>\n\n\n\n<figure class=\"wp-block-image size-large\"><img loading=\"lazy\" decoding=\"async\" width=\"1024\" height=\"682\" src=\"https:\/\/www.huelvaysusfotografos.com\/wp-content\/uploads\/2021\/08\/DSC0249-1024x682.jpg\" alt=\"\" class=\"wp-image-7360\" srcset=\"https:\/\/www.huelvaysusfotografos.com\/wp-content\/uploads\/2021\/08\/DSC0249-1024x682.jpg 1024w, https:\/\/www.huelvaysusfotografos.com\/wp-content\/uploads\/2021\/08\/DSC0249-300x200.jpg 300w, https:\/\/www.huelvaysusfotografos.com\/wp-content\/uploads\/2021\/08\/DSC0249-768x511.jpg 768w, https:\/\/www.huelvaysusfotografos.com\/wp-content\/uploads\/2021\/08\/DSC0249-120x80.jpg 120w, https:\/\/www.huelvaysusfotografos.com\/wp-content\/uploads\/2021\/08\/DSC0249.jpg 1280w\" sizes=\"auto, (max-width: 1024px) 100vw, 1024px\" \/><\/figure>\n\n\n\n<figure class=\"wp-block-image size-large\"><img loading=\"lazy\" decoding=\"async\" width=\"1024\" height=\"682\" src=\"https:\/\/www.huelvaysusfotografos.com\/wp-content\/uploads\/2021\/08\/DSC0250-1024x682.jpg\" alt=\"\" class=\"wp-image-7361\" srcset=\"https:\/\/www.huelvaysusfotografos.com\/wp-content\/uploads\/2021\/08\/DSC0250-1024x682.jpg 1024w, https:\/\/www.huelvaysusfotografos.com\/wp-content\/uploads\/2021\/08\/DSC0250-300x200.jpg 300w, https:\/\/www.huelvaysusfotografos.com\/wp-content\/uploads\/2021\/08\/DSC0250-768x511.jpg 768w, https:\/\/www.huelvaysusfotografos.com\/wp-content\/uploads\/2021\/08\/DSC0250-120x80.jpg 120w, https:\/\/www.huelvaysusfotografos.com\/wp-content\/uploads\/2021\/08\/DSC0250.jpg 1280w\" sizes=\"auto, (max-width: 1024px) 100vw, 1024px\" \/><\/figure>\n\n\n\n<figure class=\"wp-block-image size-large\"><img loading=\"lazy\" decoding=\"async\" width=\"1024\" height=\"682\" src=\"https:\/\/www.huelvaysusfotografos.com\/wp-content\/uploads\/2021\/08\/cp-1024x682.jpg\" alt=\"\" class=\"wp-image-7362\" srcset=\"https:\/\/www.huelvaysusfotografos.com\/wp-content\/uploads\/2021\/08\/cp-1024x682.jpg 1024w, https:\/\/www.huelvaysusfotografos.com\/wp-content\/uploads\/2021\/08\/cp-300x200.jpg 300w, https:\/\/www.huelvaysusfotografos.com\/wp-content\/uploads\/2021\/08\/cp-768x511.jpg 768w, https:\/\/www.huelvaysusfotografos.com\/wp-content\/uploads\/2021\/08\/cp-120x80.jpg 120w, https:\/\/www.huelvaysusfotografos.com\/wp-content\/uploads\/2021\/08\/cp.jpg 1280w\" sizes=\"auto, (max-width: 1024px) 100vw, 1024px\" \/><\/figure>\n","protected":false},"excerpt":{"rendered":"<p>Noche m\u00e1gica la vivida el pasado mi\u00e9rcoles en la Pe\u00f1a de Hierro. Varios de nuestros socios se embarcaban en una quedada nocturna expr\u00e9s para vivir una salida fotogr\u00e1fica en la localidad onubense de Nerva. Bajo la direcci\u00f3n de Sergio y Pedro Gajate los socios que se dieron cita en la quedada, Miriam Rodr\u00edguez, Mar\u00eda Oliva Villa y Manuel Quintero, realizaban sus primeros pasos en la fotograf\u00eda de V\u00eda L\u00e1ctea, Circumpolares<\/p>\n<div class=\"belowpost\"><a class=\"btnmore\" href=\"https:\/\/www.huelvaysusfotografos.com\/?p=7153\">Seguir leyendo<\/a><\/div>\n","protected":false},"author":8279,"featured_media":7154,"comment_status":"open","ping_status":"open","sticky":false,"template":"","format":"standard","meta":{"footnotes":"","_links_to":"","_links_to_target":""},"categories":[4,6],"tags":[],"class_list":["post-7153","post","type-post","status-publish","format-standard","has-post-thumbnail","hentry","category-actividades","category-quedadas"],"_links":{"self":[{"href":"https:\/\/www.huelvaysusfotografos.com\/index.php?rest_route=\/wp\/v2\/posts\/7153","targetHints":{"allow":["GET"]}}],"collection":[{"href":"https:\/\/www.huelvaysusfotografos.com\/index.php?rest_route=\/wp\/v2\/posts"}],"about":[{"href":"https:\/\/www.huelvaysusfotografos.com\/index.php?rest_route=\/wp\/v2\/types\/post"}],"author":[{"embeddable":true,"href":"https:\/\/www.huelvaysusfotografos.com\/index.php?rest_route=\/wp\/v2\/users\/8279"}],"replies":[{"embeddable":true,"href":"https:\/\/www.huelvaysusfotografos.com\/index.php?rest_route=%2Fwp%2Fv2%2Fcomments&post=7153"}],"version-history":[{"count":3,"href":"https:\/\/www.huelvaysusfotografos.com\/index.php?rest_route=\/wp\/v2\/posts\/7153\/revisions"}],"predecessor-version":[{"id":7363,"href":"https:\/\/www.huelvaysusfotografos.com\/index.php?rest_route=\/wp\/v2\/posts\/7153\/revisions\/7363"}],"wp:featuredmedia":[{"embeddable":true,"href":"https:\/\/www.huelvaysusfotografos.com\/index.php?rest_route=\/wp\/v2\/media\/7154"}],"wp:attachment":[{"href":"https:\/\/www.huelvaysusfotografos.com\/index.php?rest_route=%2Fwp%2Fv2%2Fmedia&parent=7153"}],"wp:term":[{"taxonomy":"category","embeddable":true,"href":"https:\/\/www.huelvaysusfotografos.com\/index.php?rest_route=%2Fwp%2Fv2%2Fcategories&post=7153"},{"taxonomy":"post_tag","embeddable":true,"href":"https:\/\/www.huelvaysusfotografos.com\/index.php?rest_route=%2Fwp%2Fv2%2Ftags&post=7153"}],"curies":[{"name":"wp","href":"https:\/\/api.w.org\/{rel}","templated":true}]}}