{"id":7084,"date":"2021-08-04T23:08:06","date_gmt":"2021-08-04T21:08:06","guid":{"rendered":"http:\/\/www.huelvaysusfotografos.com\/?p=7084"},"modified":"2021-08-06T17:09:51","modified_gmt":"2021-08-06T15:09:51","slug":"proxima-parada-dia-mundial-de-la-fotografia","status":"publish","type":"post","link":"https:\/\/www.huelvaysusfotografos.com\/?p=7084","title":{"rendered":"Pr\u00f3xima parada: D\u00eda Mundial de la Fotograf\u00eda."},"content":{"rendered":"\n<p>El pr\u00f3ximo 18 de agosto celebraremos el d\u00eda mundial de la Fotograf\u00eda y para ello junto a Platalea se organiza la siguiente quedada.<\/p>\n\n\n\n<p>En el paraje Natural Marismas de Ayamonte e Isla Cristina, en el Ecomuseo Molino Mareal El Pintado, se desarrollar\u00e1 la actividad para conmemorar el D\u00eda Mundial de la Fotograf\u00eda.<\/p>\n\n\n\n<p>Se llevara a cabo un Taller de Introducci\u00f3n a la fotograf\u00eda nocturna a cargo de nuestro compa\u00f1ero Manuel Pascual Bonaque.<\/p>\n\n\n\n<p>Tras el taller pasaremos a una sesi\u00f3n pr\u00e1ctica donde desarrollar lo aprendido en el taller, con fotograf\u00eda nocturna y crepuscular.<\/p>\n\n\n\n<p>Se trata de una actividad gratuita, siendo imprescindible hacer una reserva previa.<\/p>\n\n\n\n<p>La actividad se realiza junto a Platalea siendo nuestra asociaci\u00f3n Huelva y sus Fot\u00f3grafos colaboradores de dicha actividad.<\/p>\n\n\n\n<p>El horario de la actividad ser\u00e1 de las 20.00 a las 23.00 aprox.<\/p>\n\n\n\n<p>Se guardar\u00e1 en todo momento los protocolos Covid de distancia y uso de la mascarilla. El aforo est\u00e1 limitado a 30 personas.<\/p>\n\n\n\n<p><strong>Actividad.<\/strong>&#8211; Taller Introducci\u00f3n a la fotograf\u00eda nocturna<\/p>\n\n\n\n<p><strong>Lugar<\/strong>.- Ecomuseo Molino Mareal El Pintado<\/p>\n\n\n\n<p>&nbsp;&nbsp;&nbsp;&nbsp;&nbsp;&nbsp;&nbsp;&nbsp;&nbsp;&nbsp;&nbsp;&nbsp;&nbsp;&nbsp;&nbsp;&nbsp; Salinas del Pintado<\/p>\n\n\n\n<p>&nbsp;&nbsp;&nbsp;&nbsp;&nbsp;&nbsp;&nbsp;&nbsp;&nbsp;&nbsp;&nbsp;&nbsp;&nbsp;&nbsp;&nbsp;&nbsp; Ayamonte, Huelva 21400<\/p>\n\n\n\n<p><strong>D\u00eda.<\/strong>&#8211; mi\u00e9rcoles 18 de agosto<\/p>\n\n\n\n<p><strong>Hora<\/strong>.- de 20.00h a 23.00 h aprox.<\/p>\n\n\n\n<p><strong>Inscipci\u00f3n-Reserva<\/strong>.- &nbsp;en los Tfnos.- 635796033 y 600924627 y en el mail.- ecmolinoelpintado@reservatuvisita.es<\/p>\n\n\n\n<p><strong><em><u>Ecomuseo Molino Mareal El Pintado<\/u><\/em><\/strong><\/p>\n\n\n\n<p>Rodeados por un entorno \u00fanico, nos introducimos en el Paraje Natural Marismas de Isla Cristina, donde se encuentra este gran molino mareal de agua salada, restaurado en 2009, dedicado a la molienda, y que utilizaba la tecnolog\u00eda de los molinos hidr\u00e1ulicos, aprovechando la fuerza de las mareas para mover sus ruedas molineras. En el interior del Molino El Pintado nos encontramos un centro para visitantes dividido en 5 espacios: zona de recepci\u00f3n y atenci\u00f3n al p\u00fablico, sala audiovisual, sala del paraje natural, sala de molienda y zona RENPA, donde el visitante se ver\u00e1 envuelto en un carrusel de im\u00e1genes, m\u00fasica y sonidos reales.<\/p>\n\n\n\n<p>Adem\u00e1s el visitante podr\u00e1 disfrutar del entorno haciendo uso de los merenderos instalados en el exterior del Molino El Pintado.<\/p>\n\n\n\n<p>En el Paraje Natural Marismas de Isla Cristina podr\u00e1s completar la jornada visitando el sendero Salina del Duque, Molino Mareal de Pozo del Camino y Laguna del Prado.<\/p>\n\n\n\n<figure class=\"wp-block-image size-large\"><img loading=\"lazy\" decoding=\"async\" width=\"724\" height=\"1024\" src=\"https:\/\/www.huelvaysusfotografos.com\/wp-content\/uploads\/2021\/08\/CARTEL-DIA-MUNDIAL-FOTOGRAFIA-1-724x1024.jpg\" alt=\"\" class=\"wp-image-7086\" srcset=\"https:\/\/www.huelvaysusfotografos.com\/wp-content\/uploads\/2021\/08\/CARTEL-DIA-MUNDIAL-FOTOGRAFIA-1-724x1024.jpg 724w, https:\/\/www.huelvaysusfotografos.com\/wp-content\/uploads\/2021\/08\/CARTEL-DIA-MUNDIAL-FOTOGRAFIA-1-212x300.jpg 212w, https:\/\/www.huelvaysusfotografos.com\/wp-content\/uploads\/2021\/08\/CARTEL-DIA-MUNDIAL-FOTOGRAFIA-1-768x1086.jpg 768w, https:\/\/www.huelvaysusfotografos.com\/wp-content\/uploads\/2021\/08\/CARTEL-DIA-MUNDIAL-FOTOGRAFIA-1-1086x1536.jpg 1086w, https:\/\/www.huelvaysusfotografos.com\/wp-content\/uploads\/2021\/08\/CARTEL-DIA-MUNDIAL-FOTOGRAFIA-1.jpg 1131w\" sizes=\"auto, (max-width: 724px) 100vw, 724px\" \/><\/figure>\n","protected":false},"excerpt":{"rendered":"<p>El pr\u00f3ximo 18 de agosto celebraremos el d\u00eda mundial de la Fotograf\u00eda y para ello junto a Platalea se organiza la siguiente quedada. En el paraje Natural Marismas de Ayamonte e Isla Cristina, en el Ecomuseo Molino Mareal El Pintado, se desarrollar\u00e1 la actividad para conmemorar el D\u00eda Mundial de la Fotograf\u00eda. Se llevara a cabo un Taller de Introducci\u00f3n a la fotograf\u00eda nocturna a cargo de nuestro compa\u00f1ero Manuel<\/p>\n<div class=\"belowpost\"><a class=\"btnmore\" href=\"https:\/\/www.huelvaysusfotografos.com\/?p=7084\">Seguir leyendo<\/a><\/div>\n","protected":false},"author":8279,"featured_media":7085,"comment_status":"open","ping_status":"open","sticky":false,"template":"","format":"standard","meta":{"footnotes":"","_links_to":"","_links_to_target":""},"categories":[4,14,6,7],"tags":[],"class_list":["post-7084","post","type-post","status-publish","format-standard","has-post-thumbnail","hentry","category-actividades","category-cursos","category-quedadas","category-talleres"],"_links":{"self":[{"href":"https:\/\/www.huelvaysusfotografos.com\/index.php?rest_route=\/wp\/v2\/posts\/7084","targetHints":{"allow":["GET"]}}],"collection":[{"href":"https:\/\/www.huelvaysusfotografos.com\/index.php?rest_route=\/wp\/v2\/posts"}],"about":[{"href":"https:\/\/www.huelvaysusfotografos.com\/index.php?rest_route=\/wp\/v2\/types\/post"}],"author":[{"embeddable":true,"href":"https:\/\/www.huelvaysusfotografos.com\/index.php?rest_route=\/wp\/v2\/users\/8279"}],"replies":[{"embeddable":true,"href":"https:\/\/www.huelvaysusfotografos.com\/index.php?rest_route=%2Fwp%2Fv2%2Fcomments&post=7084"}],"version-history":[{"count":2,"href":"https:\/\/www.huelvaysusfotografos.com\/index.php?rest_route=\/wp\/v2\/posts\/7084\/revisions"}],"predecessor-version":[{"id":7088,"href":"https:\/\/www.huelvaysusfotografos.com\/index.php?rest_route=\/wp\/v2\/posts\/7084\/revisions\/7088"}],"wp:featuredmedia":[{"embeddable":true,"href":"https:\/\/www.huelvaysusfotografos.com\/index.php?rest_route=\/wp\/v2\/media\/7085"}],"wp:attachment":[{"href":"https:\/\/www.huelvaysusfotografos.com\/index.php?rest_route=%2Fwp%2Fv2%2Fmedia&parent=7084"}],"wp:term":[{"taxonomy":"category","embeddable":true,"href":"https:\/\/www.huelvaysusfotografos.com\/index.php?rest_route=%2Fwp%2Fv2%2Fcategories&post=7084"},{"taxonomy":"post_tag","embeddable":true,"href":"https:\/\/www.huelvaysusfotografos.com\/index.php?rest_route=%2Fwp%2Fv2%2Ftags&post=7084"}],"curies":[{"name":"wp","href":"https:\/\/api.w.org\/{rel}","templated":true}]}}