{"id":7078,"date":"2021-07-21T23:42:50","date_gmt":"2021-07-21T21:42:50","guid":{"rendered":"http:\/\/www.huelvaysusfotografos.com\/?p=7078"},"modified":"2021-07-21T23:43:51","modified_gmt":"2021-07-21T21:43:51","slug":"la-asociacion-huelva-y-sus-fotografos-se-une-a-la-federacion-andaluza-de-fotografia","status":"publish","type":"post","link":"https:\/\/www.huelvaysusfotografos.com\/?p=7078","title":{"rendered":"La Asociaci\u00f3n Huelva y sus Fot\u00f3grafos se une a la Federaci\u00f3n Andaluza de Fotograf\u00eda."},"content":{"rendered":"\n<p>El pasado 9 de julio se celebraba en la Sala A \u00f3 sal\u00f3n Rojo de la Casa Col\u00f3n de Huelva, la Asamblea Extraordinaria para la aprobaci\u00f3n de los socios de la inclusi\u00f3n de nuestra Asociaci\u00f3n Huelva y sus fot\u00f3grafos en la Federaci\u00f3n Andaluza de Fotograf\u00eda.<\/p>\n\n\n\n<p>Con la unanimidad de los asistentes y los votos delegados por aquellos socios que por diversos motivos no pudieron asistir a esta Asamblea Extraordinaria, qued\u00f3 aprobado la inclusi\u00f3n e inscripci\u00f3n de nuestra Asociaci\u00f3n Huelva y sus Fot\u00f3grafos en la Federaci\u00f3n Andaluza de Fotograf\u00eda.<\/p>\n\n\n\n<p>Hecho que nos dar\u00e1 un impulso no solo a nivel local, sino tambi\u00e9n a nivel regional y nacional.<\/p>\n\n\n\n<p>Una vez realizado todos los tr\u00e1mites, hemos procedido a enviar la documentaci\u00f3n solicitada por la FAF para la inscripci\u00f3n de nuestra asociaci\u00f3n, que a d\u00eda de hoy ya podemos informar que oficialmente estamos dentro de la Federaci\u00f3n Andaluza de Fotograf\u00eda.<\/p>\n\n\n\n<p>Tal como hemos indicado por los distintos canales de la Asociaci\u00f3n, aquellos que lo deseen pueden darse de alta en la FAF para acceder a todos sus contenidos y actividades, as\u00ed como los acuerdos con los distintos colectivos que la FAF tiene cerrados, en la direcci\u00f3n que se os ha enviado. Recibir\u00e9is un correo de confirmaci\u00f3n de alta en la FAF una vez que nos hayan remitido a nosotros vuestra solicitud y demos el visto bueno, siendo requisito primordial estar al corriente de la cuota de socio. Para solicitar el carnet de la FAF, nos deb\u00e9is facilitar la fecha de nacimiento en formato 00\/00\/0000, dato que debemos remitir a la FAF, para la expedici\u00f3n de los carnets personalizados.<\/p>\n\n\n\n<p>Ten\u00e9is hasta final de julio para esta acci\u00f3n, aquellos que lo soliciten posteriormente tendr\u00e1n que abonar la cantidad de 3 euros m\u00e1s 1,50 por gastos de env\u00edo. Aquellos que lo soliciten antes del 31 de julio, la Asociaci\u00f3n pagar\u00e1 la cuota del carnet, al tratarse de un env\u00edo \u00fanico la FAF pagar\u00e1 los gastos de env\u00edo. <\/p>\n\n\n\n<figure class=\"wp-block-image size-large\"><img loading=\"lazy\" decoding=\"async\" width=\"1024\" height=\"1024\" src=\"https:\/\/www.huelvaysusfotografos.com\/wp-content\/uploads\/2021\/07\/BIENVENIDA-A-LA-FAF-1-1024x1024.jpg\" alt=\"\" class=\"wp-image-7081\" srcset=\"https:\/\/www.huelvaysusfotografos.com\/wp-content\/uploads\/2021\/07\/BIENVENIDA-A-LA-FAF-1-1024x1024.jpg 1024w, https:\/\/www.huelvaysusfotografos.com\/wp-content\/uploads\/2021\/07\/BIENVENIDA-A-LA-FAF-1-300x300.jpg 300w, https:\/\/www.huelvaysusfotografos.com\/wp-content\/uploads\/2021\/07\/BIENVENIDA-A-LA-FAF-1-150x150.jpg 150w, https:\/\/www.huelvaysusfotografos.com\/wp-content\/uploads\/2021\/07\/BIENVENIDA-A-LA-FAF-1-768x768.jpg 768w, https:\/\/www.huelvaysusfotografos.com\/wp-content\/uploads\/2021\/07\/BIENVENIDA-A-LA-FAF-1-50x50.jpg 50w, https:\/\/www.huelvaysusfotografos.com\/wp-content\/uploads\/2021\/07\/BIENVENIDA-A-LA-FAF-1-186x186.jpg 186w, https:\/\/www.huelvaysusfotografos.com\/wp-content\/uploads\/2021\/07\/BIENVENIDA-A-LA-FAF-1.jpg 1080w\" sizes=\"auto, (max-width: 1024px) 100vw, 1024px\" \/><\/figure>\n","protected":false},"excerpt":{"rendered":"<p>El pasado 9 de julio se celebraba en la Sala A \u00f3 sal\u00f3n Rojo de la Casa Col\u00f3n de Huelva, la Asamblea Extraordinaria para la aprobaci\u00f3n de los socios de la inclusi\u00f3n de nuestra Asociaci\u00f3n Huelva y sus fot\u00f3grafos en la Federaci\u00f3n Andaluza de Fotograf\u00eda. Con la unanimidad de los asistentes y los votos delegados por aquellos socios que por diversos motivos no pudieron asistir a esta Asamblea Extraordinaria, qued\u00f3<\/p>\n<div class=\"belowpost\"><a class=\"btnmore\" href=\"https:\/\/www.huelvaysusfotografos.com\/?p=7078\">Seguir leyendo<\/a><\/div>\n","protected":false},"author":8279,"featured_media":7079,"comment_status":"open","ping_status":"open","sticky":false,"template":"","format":"standard","meta":{"footnotes":"","_links_to":"","_links_to_target":""},"categories":[3],"tags":[],"class_list":["post-7078","post","type-post","status-publish","format-standard","has-post-thumbnail","hentry","category-noticias"],"_links":{"self":[{"href":"https:\/\/www.huelvaysusfotografos.com\/index.php?rest_route=\/wp\/v2\/posts\/7078","targetHints":{"allow":["GET"]}}],"collection":[{"href":"https:\/\/www.huelvaysusfotografos.com\/index.php?rest_route=\/wp\/v2\/posts"}],"about":[{"href":"https:\/\/www.huelvaysusfotografos.com\/index.php?rest_route=\/wp\/v2\/types\/post"}],"author":[{"embeddable":true,"href":"https:\/\/www.huelvaysusfotografos.com\/index.php?rest_route=\/wp\/v2\/users\/8279"}],"replies":[{"embeddable":true,"href":"https:\/\/www.huelvaysusfotografos.com\/index.php?rest_route=%2Fwp%2Fv2%2Fcomments&post=7078"}],"version-history":[{"count":2,"href":"https:\/\/www.huelvaysusfotografos.com\/index.php?rest_route=\/wp\/v2\/posts\/7078\/revisions"}],"predecessor-version":[{"id":7082,"href":"https:\/\/www.huelvaysusfotografos.com\/index.php?rest_route=\/wp\/v2\/posts\/7078\/revisions\/7082"}],"wp:featuredmedia":[{"embeddable":true,"href":"https:\/\/www.huelvaysusfotografos.com\/index.php?rest_route=\/wp\/v2\/media\/7079"}],"wp:attachment":[{"href":"https:\/\/www.huelvaysusfotografos.com\/index.php?rest_route=%2Fwp%2Fv2%2Fmedia&parent=7078"}],"wp:term":[{"taxonomy":"category","embeddable":true,"href":"https:\/\/www.huelvaysusfotografos.com\/index.php?rest_route=%2Fwp%2Fv2%2Fcategories&post=7078"},{"taxonomy":"post_tag","embeddable":true,"href":"https:\/\/www.huelvaysusfotografos.com\/index.php?rest_route=%2Fwp%2Fv2%2Ftags&post=7078"}],"curies":[{"name":"wp","href":"https:\/\/api.w.org\/{rel}","templated":true}]}}