{"id":6695,"date":"2021-07-10T10:23:31","date_gmt":"2021-07-10T08:23:31","guid":{"rendered":"http:\/\/www.huelvaysusfotografos.com\/?p=6695"},"modified":"2021-07-10T10:23:34","modified_gmt":"2021-07-10T08:23:34","slug":"exitosa-asamblea-extraordinaria","status":"publish","type":"post","link":"https:\/\/www.huelvaysusfotografos.com\/?p=6695","title":{"rendered":"Exitosa Asamblea Extraordinaria."},"content":{"rendered":"\n<p>En la tarde de ayer se celebraba en la Sala A \u00f3 sal\u00f3n Rojo de la Casa Col\u00f3n de Huelva, la Asamblea Extraordinaria para la aprobaci\u00f3n de los socios de la inclusi\u00f3n de nuestra Asociaci\u00f3n Huelva y sus fot\u00f3grafos en la Federaci\u00f3n Andaluza de Fotograf\u00eda. <\/p>\n\n\n\n<p>Con la unanimidad de los asistentes y los votos delegados por aquellos socios que por diversos motivos no pudieron asistir a esta Asamblea Extraordinaria, qued\u00f3 aprobado la inclusi\u00f3n e inscripci\u00f3n de nuestra Asociaci\u00f3n Huelva y sus Fot\u00f3grafos en la Federaci\u00f3n Andaluza de Fotograf\u00eda.<\/p>\n\n\n\n<p>Hecho que nos dar\u00e1 un impulso no solo a nivel local, sino tambi\u00e9n a nivel regional y nacional.<\/p>\n\n\n\n<p>Por pleno derecho todos nuestros socios se ver\u00e1n inscritos en dicha Federaci\u00f3n para poder ser part\u00edcipes de cuantas actividades all\u00ed se desarrollen, as\u00ed como la participaci\u00f3n activa en concursos y actividades que se realicen por dicha Federaci\u00f3n.<\/p>\n\n\n\n<p>Al mismo tiempo la Federaci\u00f3n nos proporcionar\u00e1 un carnet individual, indicando el nombre del socio y la Asociaci\u00f3n a la que pertenece que nos dar\u00e1 acceso a diversas actividades y descuentos promocionales a los que la Federaci\u00f3n haya acordado con las distintas entidades, monitores o tiendas especializadas. <\/p>\n\n\n\n<p>Dicho carnet tiene un coste de 3 euros por socio, que abonar\u00e1 la Asociaci\u00f3n.  <\/p>\n\n\n\n<p>La Federaci\u00f3n Andaluza de Fotograf\u00eda (FAF), est\u00e1 constituida, actualmente por 60 asociaciones fotogr\u00e1ficas andaluzas, y unos 2.200 asociados aproximadamente, perteneciendo a la Confederaci\u00f3n Espa\u00f1ola de Fotograf\u00eda (CEF) y a la Federaci\u00f3n Internacional del Arte Fotogr\u00e1fico (FIAP).<\/p>\n\n\n\n<p>Los objetivos fundamentales de la FAF, son:<br>a\/ Reconocimiento, difusi\u00f3n y potenciaci\u00f3n de la fotograf\u00eda andaluza<br>b\/ Dar apoyo a todas las asociaciones que componen la Federaci\u00f3n en sus actividades fotogr\u00e1ficas.<\/p>\n\n\n\n<p>La finalidad es ofrecer servicios que ayuden a desarrollar nuestros objetivos como son, patrocinios, homologaci\u00f3n de concursos de \u00e1mbito auton\u00f3mico, nacional e internacional, exposiciones, cursos, conferencias, talleres, edici\u00f3n de libros fotogr\u00e1ficos, distinciones de la FAF y de la CEF, tramitaci\u00f3n de t\u00edtulos FAF , organizaci\u00f3n de eventos, etc.<\/p>\n\n\n\n<p>Eventos anuales<\/p>\n\n\n\n<p><strong>Los eventos anuales que realiza la FAF SON:<\/strong><br>A- <strong>Congreso anual FAF (consta de la Asamblea General y Gala de la FAF)<\/strong><br>Se realiza cada a\u00f1o en una localidad o ciudad distinta de Andaluc\u00eda.<br>Se entrega en la GALA el Premio Andaluz de Fotograf\u00eda, las distinciones oficiales FAF, y los premios de la Liga Andaluza.<br>Mes de Marzo, aproximadamente.<\/p>\n\n\n\n<p>B- <strong>Quedada de Fot\u00f3grafos Andaluces FAF<\/strong><br>Evento de un fin de semana completo en una ciudad andaluza.<br>Lo componen unas seis ponencias de fot\u00f3grafos nacionales, Salidas fotogr\u00e1ficas a la ciudad y entorno.<br>Comidas en grupo, con un nivel de participaci\u00f3n medio de unas 400 personas<br>Fechas: mes de Octubre, aproximadamente<\/p>\n\n\n\n<p>C-<strong> I Congreso del Cuerpo de Jurados FAF<\/strong><br>Evento de formaci\u00f3n especifico de aprendizaje y formaci\u00f3n sobre el an\u00e1lisis, evaluaci\u00f3n, estudio de la fotograf\u00eda, impartido por 4 ponentes, en ponencias de una hora.<br>Se realiza en tres d\u00edas, ( jueves, viernes y s\u00e1bado) en estos momentos debido a la Covip-19 ser\u00e1 on-line, y pueden participar todos los asociados de la FAF.<br>Ponentes: Rafael Bad\u00eda, Jos\u00e9 Benito, Fr\u00e9deric Garrido, M\u00f3nica Lozano<br>Fechas: entre finales de Enero y principio de Febrero<\/p>\n\n\n\n<p>D- <strong>Liga Andaluza de Fotograf\u00eda<\/strong><\/p>\n\n\n\n<p>La liga consta de 8 convocatorias, los meses de Octubre, Noviembre, Enero, Febrero, Marzo Abril, Mayo y Junio.<br>Consta de una clasificaci\u00f3n individual general, clasificaci\u00f3n por Asociaciones y clasificaci\u00f3n por cinco temas fotogr\u00e1ficos (ejemplo: naturaleza, retrato, blanco y negro, paisaje, reportaje)<br>Son 6 Jurados nacionales, ninguno andaluz. ( Ej: Raim\u00f3n Moreno, Jos\u00e9 Benito, Paco Membrives, Isabel D\u00edez San Vicente, Laura Len, Laia Abril, Rosa Isabel Vazquez, Judit Prat, Estela de Castro, Rafael Doctor, Jos\u00e9 Beut , etc.)<br>Media de participaci\u00f3n mensual 580 asociados<br>Los premios se entregan en la Gala del Congreso Anual<br>Se realiza exposici\u00f3n fotogr\u00e1fica itinerante con los 50 mejores clasificados.<\/p>\n\n\n\n<p>Estamos en estos momentos trabajando en el proyecto de creaci\u00f3n de la Fototeca de la FAF, en la cual se incluir\u00e1 una representaci\u00f3n del trabajo fotogr\u00e1fico de autores andaluces desde el a\u00f1o 1982, a\u00f1o de creaci\u00f3n de la FAF hasta nuestros d\u00edas.<br>El objetivo es la conservaci\u00f3n, catalogaci\u00f3n, clasificaci\u00f3n y visualizaci\u00f3n a trav\u00e9s de las fotograf\u00edas de la historia fotogr\u00e1fica de la FAF.<br>Este ilusionante proyecto iniciar\u00e1 su andadura a principios del a\u00f1o<br>2021, y su proyecci\u00f3n y crecimiento ser\u00e1 permanente.<br><\/p>\n\n\n\n<p>E- <strong>TALLERES, EXPOSICIONES, CHARLAS, CONCURSOS,<br>ETC.<\/strong><br>Talleres:<br>La propia FAF realiza talleres presenciales y on-line para todos los asociados de la FAF, siempre con el l\u00edmite de plazas de la sala donde se realizan.<br>Apoyamos a los talleres creados por nuestras asociaciones federadas, tanto t\u00e9cnicamente como en publicaci\u00f3n y ayuda en el conseguimiento de los profesionales que los imparten.<br><strong>Exposiciones:<\/strong><br>La FAF ha creado una bolsa de exposiciones de nuestros fot\u00f3grafos\/as y de salas posibles en Andaluc\u00eda que acojan estas exposiciones.<br>Promovemos exposiciones de autores\/as de \u00e1mbito nacional.<br>Dedicaci\u00f3n especial a las exposiciones anal\u00f3gicas, por lo que poseemos una exposici\u00f3n donde participan los fot\u00f3grafos\/as andaluces con Distinci\u00f3n FIAP.<br><strong>Concursos:<\/strong><\/p>\n\n\n\n<p>La FAF certifica la homologaci\u00f3n oficial propia de concursos auton\u00f3micos, de la CEF con \u00e1mbito geogr\u00e1fico nacional y de la FIAP con \u00e1mbito internacional.<br>El objetivo es de incrementar estas homologaciones n el mayor<br>n\u00famero de concursos.<br><\/p>\n\n\n\n<p>En definitiva la FAF tiene como objetivo principal el potenciar el reconocimiento de la fotograf\u00eda andaluza y su visibilizaci\u00f3n en<br>todos los aspectos posibles.<br>\u201ctodos juntos por la fotograf\u00eda andaluza\u00bb.<\/p>\n","protected":false},"excerpt":{"rendered":"<p>En la tarde de ayer se celebraba en la Sala A \u00f3 sal\u00f3n Rojo de la Casa Col\u00f3n de Huelva, la Asamblea Extraordinaria para la aprobaci\u00f3n de los socios de la inclusi\u00f3n de nuestra Asociaci\u00f3n Huelva y sus fot\u00f3grafos en la Federaci\u00f3n Andaluza de Fotograf\u00eda. Con la unanimidad de los asistentes y los votos delegados por aquellos socios que por diversos motivos no pudieron asistir a esta Asamblea Extraordinaria, qued\u00f3<\/p>\n<div class=\"belowpost\"><a class=\"btnmore\" href=\"https:\/\/www.huelvaysusfotografos.com\/?p=6695\">Seguir leyendo<\/a><\/div>\n","protected":false},"author":8279,"featured_media":6696,"comment_status":"open","ping_status":"open","sticky":false,"template":"","format":"standard","meta":{"footnotes":"","_links_to":"","_links_to_target":""},"categories":[163],"tags":[],"class_list":["post-6695","post","type-post","status-publish","format-standard","has-post-thumbnail","hentry","category-asambleas"],"_links":{"self":[{"href":"https:\/\/www.huelvaysusfotografos.com\/index.php?rest_route=\/wp\/v2\/posts\/6695","targetHints":{"allow":["GET"]}}],"collection":[{"href":"https:\/\/www.huelvaysusfotografos.com\/index.php?rest_route=\/wp\/v2\/posts"}],"about":[{"href":"https:\/\/www.huelvaysusfotografos.com\/index.php?rest_route=\/wp\/v2\/types\/post"}],"author":[{"embeddable":true,"href":"https:\/\/www.huelvaysusfotografos.com\/index.php?rest_route=\/wp\/v2\/users\/8279"}],"replies":[{"embeddable":true,"href":"https:\/\/www.huelvaysusfotografos.com\/index.php?rest_route=%2Fwp%2Fv2%2Fcomments&post=6695"}],"version-history":[{"count":1,"href":"https:\/\/www.huelvaysusfotografos.com\/index.php?rest_route=\/wp\/v2\/posts\/6695\/revisions"}],"predecessor-version":[{"id":6697,"href":"https:\/\/www.huelvaysusfotografos.com\/index.php?rest_route=\/wp\/v2\/posts\/6695\/revisions\/6697"}],"wp:featuredmedia":[{"embeddable":true,"href":"https:\/\/www.huelvaysusfotografos.com\/index.php?rest_route=\/wp\/v2\/media\/6696"}],"wp:attachment":[{"href":"https:\/\/www.huelvaysusfotografos.com\/index.php?rest_route=%2Fwp%2Fv2%2Fmedia&parent=6695"}],"wp:term":[{"taxonomy":"category","embeddable":true,"href":"https:\/\/www.huelvaysusfotografos.com\/index.php?rest_route=%2Fwp%2Fv2%2Fcategories&post=6695"},{"taxonomy":"post_tag","embeddable":true,"href":"https:\/\/www.huelvaysusfotografos.com\/index.php?rest_route=%2Fwp%2Fv2%2Ftags&post=6695"}],"curies":[{"name":"wp","href":"https:\/\/api.w.org\/{rel}","templated":true}]}}