{"id":6455,"date":"2021-06-15T22:46:13","date_gmt":"2021-06-15T20:46:13","guid":{"rendered":"http:\/\/www.huelvaysusfotografos.com\/?p=6455"},"modified":"2021-06-15T22:46:15","modified_gmt":"2021-06-15T20:46:15","slug":"paseo-en-catamaran-por-marismas-del-odiel","status":"publish","type":"post","link":"https:\/\/www.huelvaysusfotografos.com\/?p=6455","title":{"rendered":"Paseo en Catamar\u00e1n por Marismas del Odiel."},"content":{"rendered":"\n<p>Nos complace informaros que hemos cerrado con la Autoridad Portuaria de Huelva un paseo en Catamar\u00e1n por el R\u00edo Odiel y Marismas del Odiel.<\/p>\n\n\n\n<p>Un paseo al atardecer para disfrutar de un paisaje espectacular y unos atardeceres \u00fanicos donde podremos dejar fluir nuestra imaginaci\u00f3n, c\u00e1mara en mano.<\/p>\n\n\n\n<p><strong>Evento<\/strong>.- Paseo en Catamar\u00e1n por R\u00edo Odiel y Marismas del Odiel.<\/p>\n\n\n\n<p><strong>D\u00eda.<\/strong>&#8211; domingo 11 de julio de 2021<\/p>\n\n\n\n<p><strong>Hora.<\/strong>&#8211; salida a las 20.30 horas, llegada a las 22.30 horas.<\/p>\n\n\n\n<p><strong>Lugar de salida<\/strong>.- &nbsp;Muelle de Levante Comercial de Huelva (junto a Cervecer\u00eda Bonilla Puerto).<\/p>\n\n\n\n<p><strong>Normas<\/strong>.- debemos estar en el lugar de salida con media hora de antelaci\u00f3n para organizar la subida al catamar\u00e1n, pues los asientos deben llevar el protocolo Covid-19.<\/p>\n\n\n\n<p><strong><u>OBLIGACIONES.-<\/u><\/strong><\/p>\n\n\n\n<p>1.- El grupo se compromete a cumplir los requisitos de seguridad sanitaria- COVID, en particular, la obligatoriedad del uso de la mascarilla y del mismo asiento en todo momento.<\/p>\n\n\n\n<p>2.- Se proh\u00edbe fumar.&nbsp;&nbsp;&nbsp;&nbsp;&nbsp;&nbsp;&nbsp;&nbsp;&nbsp;&nbsp;&nbsp;&nbsp;&nbsp;&nbsp;&nbsp;&nbsp;<\/p>\n\n\n\n<p>3.- Se proh\u00edbe arrojar objetos o basuras por la borda.<\/p>\n\n\n\n<p>4.- Se comunicar\u00e1 cualquier incidencia durante la traves\u00eda a la tripulaci\u00f3n de la embarcaci\u00f3n.<\/p>\n","protected":false},"excerpt":{"rendered":"<p>Nos complace informaros que hemos cerrado con la Autoridad Portuaria de Huelva un paseo en Catamar\u00e1n por el R\u00edo Odiel y Marismas del Odiel. Un paseo al atardecer para disfrutar de un paisaje espectacular y unos atardeceres \u00fanicos donde podremos dejar fluir nuestra imaginaci\u00f3n, c\u00e1mara en mano. Evento.- Paseo en Catamar\u00e1n por R\u00edo Odiel y Marismas del Odiel. D\u00eda.&#8211; domingo 11 de julio de 2021 Hora.&#8211; salida a las 20.30<\/p>\n<div class=\"belowpost\"><a class=\"btnmore\" href=\"https:\/\/www.huelvaysusfotografos.com\/?p=6455\">Seguir leyendo<\/a><\/div>\n","protected":false},"author":8279,"featured_media":6456,"comment_status":"open","ping_status":"open","sticky":false,"template":"","format":"standard","meta":{"footnotes":"","_links_to":"","_links_to_target":""},"categories":[4,6],"tags":[],"class_list":["post-6455","post","type-post","status-publish","format-standard","has-post-thumbnail","hentry","category-actividades","category-quedadas"],"_links":{"self":[{"href":"https:\/\/www.huelvaysusfotografos.com\/index.php?rest_route=\/wp\/v2\/posts\/6455","targetHints":{"allow":["GET"]}}],"collection":[{"href":"https:\/\/www.huelvaysusfotografos.com\/index.php?rest_route=\/wp\/v2\/posts"}],"about":[{"href":"https:\/\/www.huelvaysusfotografos.com\/index.php?rest_route=\/wp\/v2\/types\/post"}],"author":[{"embeddable":true,"href":"https:\/\/www.huelvaysusfotografos.com\/index.php?rest_route=\/wp\/v2\/users\/8279"}],"replies":[{"embeddable":true,"href":"https:\/\/www.huelvaysusfotografos.com\/index.php?rest_route=%2Fwp%2Fv2%2Fcomments&post=6455"}],"version-history":[{"count":1,"href":"https:\/\/www.huelvaysusfotografos.com\/index.php?rest_route=\/wp\/v2\/posts\/6455\/revisions"}],"predecessor-version":[{"id":6457,"href":"https:\/\/www.huelvaysusfotografos.com\/index.php?rest_route=\/wp\/v2\/posts\/6455\/revisions\/6457"}],"wp:featuredmedia":[{"embeddable":true,"href":"https:\/\/www.huelvaysusfotografos.com\/index.php?rest_route=\/wp\/v2\/media\/6456"}],"wp:attachment":[{"href":"https:\/\/www.huelvaysusfotografos.com\/index.php?rest_route=%2Fwp%2Fv2%2Fmedia&parent=6455"}],"wp:term":[{"taxonomy":"category","embeddable":true,"href":"https:\/\/www.huelvaysusfotografos.com\/index.php?rest_route=%2Fwp%2Fv2%2Fcategories&post=6455"},{"taxonomy":"post_tag","embeddable":true,"href":"https:\/\/www.huelvaysusfotografos.com\/index.php?rest_route=%2Fwp%2Fv2%2Ftags&post=6455"}],"curies":[{"name":"wp","href":"https:\/\/api.w.org\/{rel}","templated":true}]}}