{"id":6111,"date":"2021-05-16T12:05:11","date_gmt":"2021-05-16T10:05:11","guid":{"rendered":"http:\/\/www.huelvaysusfotografos.com\/?p=6111"},"modified":"2021-05-16T13:06:00","modified_gmt":"2021-05-16T11:06:00","slug":"magnifica-jornada-fotografica-en-la-ciudad-amurallada-de-niebla","status":"publish","type":"post","link":"https:\/\/www.huelvaysusfotografos.com\/?p=6111","title":{"rendered":"Magn\u00edfica jornada fotogr\u00e1fica en la ciudad amurallada de Niebla."},"content":{"rendered":"\n<p>El s\u00e1bado 15 de mayo a las 10.00 horas, un grupo de socios nos d\u00e1bamos cita a las puertas de la milenaria ciudad condal de Niebla.<\/p>\n\n\n\n<p>Su ciudad amurallada alberga un tesoro arquitect\u00f3nico y cultural, desconocido por muchos viandantes.<\/p>\n\n\n\n<p>Gracias a la generosidad del personal del Excmo. Ayuntamiento de la localidad y m\u00e1s concretamente a D. Manuel P\u00e9rez Bernal, quien nos ense\u00f1\u00f3 y mostr\u00f3 su ciudad, con una pasi\u00f3n, que nos sumergi\u00f3 en los siglos de esplendor de la ciudad amurallada.<\/p>\n\n\n\n<p>En dicha visita acudimos los siguientes socios, Sonia Herencia Anillo, Antonio Hald\u00f3n Garc\u00eda, Paco Gil, Cayetano Burgos Mazo, Jos\u00e9 Prieto Ramblado, Carmelo V\u00e1zquez Garc\u00eda, Antonio Le\u00f1a Guillen, Juan Mariano Garc\u00eda Beltr\u00e1n, Carmen Pascual Barea, Juli\u00e1n L\u00f3pez Maestre y Jos\u00e9 Luis Arizmendi Llanes.<\/p>\n\n\n\n<p>Nuestra visita comenzaba en la puerta del Socorro, una de los principales accesos a la ciudad, donde nos daban la bienvenida como muestra la imagen que ilustra este post. Tras la introducci\u00f3n por parte de D. Manuel P\u00e9rez Bernal, inici\u00e1bamos nuestro recorrido por el exterior de la muralla, que constan de 2 km. de per\u00edmetro, adaptados al terreno y tiene hasta cuarenta torreones, todos de planta rectangular, camino a la puerta del Buey, un camino con m\u00faltiples opciones fotogr\u00e1ficas que recog\u00edan nuestros socios y de las que mostraremos el resultado para el disfrute de todos.<\/p>\n\n\n\n<p>Al margen derecho de la muralla pod\u00edamos contemplar el paso del Rio Tinto, que ba\u00f1a la ciudad con su color anaranjado que embelesa a los m\u00e1s exquisitos fot\u00f3grafos.<\/p>\n\n\n\n<p>Un rio que tendremos que visitar en otra ocasi\u00f3n a su paso por el Puente Romano y el Puente de Hierro recientemente restaurado y que no nos dio tiempo a visitar en el d\u00eda de ayer.<\/p>\n\n\n\n<p>Tras nuestro paso por la puerta del Buey y su magn\u00edfica explicaci\u00f3n de este entorno, donde se alberg\u00f3 un museo a principios del XX por una s\u00fabdita brit\u00e1nica <strong>Elena Whishaw<\/strong>, que qued\u00f3 prendada por esta bella localidad, nuestros pasos nos llevaron a recorrer sus angostas calles, disfrutando de sus singulares casas, con la mirada puesta en el campanario de la Iglesia de Sta. M\u00aa de la Granada, antigua mezquita musulmana de los siglos X-XI sobre la que se construy\u00f3\u00a0el actual templo cristiano. Es una interesant\u00edsima muestra de edificio g\u00f3tico mud\u00e9jar,\u00a0 donde ten\u00edamos nuestra pr\u00f3xima parada.<\/p>\n\n\n\n<p>Una m\u00e1s que emotiva e interesante visita que comenzaba en el patio de los naranjos, donde reposa una pila bautismal de origen visigodo. Tras una introducci\u00f3n del entorno y la iglesia pas\u00e1bamos a su interior para deleitarnos con las im\u00e1genes que alberga esta antigua mezquita.<\/p>\n\n\n\n<p>Sal\u00edamos de aquel majestuoso edificio para sumergirnos en otro no menos singular, el &nbsp;antiguo Hospital de N\u00aa S\u00aa de los \u00c1ngeles, edificio del s. XVI, convertido hoy en Casa de Cultura, donde pudimos disfrutar de todas sus salas y las exposiciones que alberga a d\u00eda de hoy. Un video de la ciudad nos ilustraba de todo cuanto bueno y bello tiene esta villa.<\/p>\n\n\n\n<p>Continu\u00e1bamos nuestro periplo por sus calles para dirigir nuestros pasos hacia la Capilla de S. Mart\u00edn en la que se venera una talla del Se\u00f1or de la Columna.<\/p>\n\n\n\n<p>No terminaba ah\u00ed nuestro paseo, era un respiro para continuar hacia el castillo, paseando por el lateral de sus empedradas paredes que alberga tan majestuoso edificio y llegar a la puerta de Sevilla.<\/p>\n\n\n\n<p>Recordamos que Niebla dispone de cinco puertas &nbsp;&nbsp;principales, la de Sevilla, del Socorro, del Buey, del Embarcadero y del Agua.<\/p>\n\n\n\n<p>Tras esa visita donde nos explic\u00f3 su origen y sentido de orientaci\u00f3n como todos las puertas orientadas a la Mezquita, nuestros pasos nos llevaron al Castillo, donde disfrutamos de su interior, visitando las nuevas zonas restauradas y las de siempre, visitando el patio de caballer\u00eda, el de armas y todas sus dependencias.<\/p>\n\n\n\n<p>All\u00ed terminaba nuestro periplo por la ciudad amurallada de Niebla, desde estas l\u00edneas, quiero agradecer a D. Manuel P\u00e9rez Bernal su trato hac\u00eda nosotros y su exquisito afecto. Y a todos los socios que nos acompa\u00f1aron, mil gracias por hacer que todo esto sea f\u00e1cil, seguiremos avanzando y pido disculpas si algo no sali\u00f3 como esperaban. Nos vemos en la pr\u00f3xima quedada. &nbsp;<\/p>\n\n\n\n<p><strong>Elena Whishaw,<\/strong>&nbsp;<strong>la inglesa de Niebla que era m\u00e1s que arque\u00f3loga<\/strong><\/p>\n\n\n\n<p>Fue una mujer polifac\u00e9tica, brillante e inteligente. Quiz\u00e1s, su faceta m\u00e1s conocida es la arqueolog\u00eda, pero tambi\u00e9n destac\u00f3 en campos tan diversos como la historia, la mitolog\u00eda, las leyendas, las artes populares e incluso la m\u00fasica, la ciencia emp\u00edrica o la historia de la lengua.<\/p>\n\n\n\n<p>Naci\u00f3 en Inglaterra en 1857 en plena \u00e9poca victoriana y form\u00f3 parte de una \u00e9lite social y cultural atra\u00edda por los relatos de los viajeros rom\u00e1nticos que recorr\u00edan Andaluc\u00eda y Espa\u00f1a en general.<\/p>\n\n\n\n<p>Lleg\u00f3 a Espa\u00f1a a principios del siglo XX en busca del origen m\u00e1s antiguo de las poblaciones andaluzas. Tras vivir con su marido en Sevilla, Huelva y Riotinto, se afinc\u00f3 en la ciudad de Niebla (Huelva), donde permaneci\u00f3 hasta su muerte, acaecida en 1937.<\/p>\n\n\n\n<p>Pero no solamente estudi\u00f3 estos or\u00edgenes con una visi\u00f3n de arque\u00f3loga; lo que m\u00e1s le interesaba eran las costumbres de la gente del lugar, sus tradiciones, su manera de vivir. Los onubenses la vieron pasear, investigar, excavar\u2026 y por eso la llamaron \u00abla simp\u00e1tica y exc\u00e9ntrica arque\u00f3loga\u00bb.<\/p>\n\n\n\n<p>La amistad que mantuvo con integrantes de la nobleza, historiadores y personalidades acad\u00e9micas de la \u00e9poca facilit\u00f3 su labor.<\/p>\n\n\n\n<p>Ella y su marido, el famoso arque\u00f3logo Bernard Whishaw, adquirieron en 1916 \u00abla puerta del Buey\u00bb, un recinto de estilo almohade-mud\u00e9jar situado en las murallas de Niebla y fundaron all\u00ed el Museo y la Escuela Anglo-Hispano-Americana de Arqueolog\u00eda.<\/p>\n\n\n\n<p>Dos acontecimientos cruciales en su vida hicieron que Elena Whishaw fijara definitivamente su residencia en Niebla: el estallido de la I Guerra Mundial, que provoc\u00f3 una situaci\u00f3n inc\u00f3moda para las colonias extranjeras en Sevilla, y la muerte de su marido, un duro golpe para ella, que la oblig\u00f3 a adoptar esa decisi\u00f3n.<\/p>\n\n\n\n<p>Dedic\u00f3 gran parte de su vida a la b\u00fasqueda de evidencias sobre la existencia de una colonia atlante en Andaluc\u00eda, y en 1928 public\u00f3 un libro titulado&nbsp;<em>La Atl\u00e1ntida en Andaluc\u00eda: un estudio de los antiguos Reinos del Sol de Espa\u00f1a<\/em>.<\/p>\n\n\n\n<p>El descubrimiento de un \u00abtemplo del Sol\u00bb en Sevilla, a nueve metros de profundidad, le hizo plantearse la idea de que la antigua capital de Tartessos (primer Estado organizado en la Pen\u00ednsula Ib\u00e9rica) podr\u00eda haber estado all\u00ed (como la antigua Roma est\u00e1 enterrada bajo la Roma moderna), ya que consideraba que las obras hidr\u00e1ulicas del puerto interior de Niebla, a orillas del r\u00edo Tinto, pod\u00edan relacionarse con las construcciones hidr\u00e1ulicas mencionadas por Plat\u00f3n.<\/p>\n\n\n\n<p>A finales de los a\u00f1os 30 escribi\u00f3 diversos art\u00edculos para la prensa espa\u00f1ola y brit\u00e1nica donde expuso sus teor\u00edas y descubrimientos. Con esta documentaci\u00f3n se pudo reconstruir una parte importante de la historia y vicisitudes de la arqueolog\u00eda occidental, andaluza y, particularmente, de Niebla.<\/p>\n\n\n\n<p>Describi\u00f3 esa \u00e9poca como \u00ab<em>La \u00e9poca de los excavadores y de los exploradores<\/em>\u00bb, la misma en que Schliemann excav\u00f3 en Troya y en Micenas, Evans en Knossos, y Petrie en Egipto.<\/p>\n\n\n\n<p>Elena Whishaw fue una adelantada a su tiempo, rompedora de esquemas, polifac\u00e9tica en sus actividades y referente cultural en el inicio de los estudios hist\u00f3ricos, arqueol\u00f3gicos y de conservaci\u00f3n del patrimonio de su \u00e9poca.<\/p>\n\n\n\n<p><strong>Bibliograf\u00eda<\/strong><\/p>\n\n\n\n<p>Reportaje de Luc\u00eda Vallellano en&nbsp;<em>El Pa\u00eds Andaluc\u00eda<\/em>, sobre el libro&nbsp;<em>Entre el enigma y la realidad<\/em>, de Juan Mar\u00eda Acosta, que repasa la trayectoria de la arque\u00f3loga Elena Whishaw. Huelva, 23 de junio de 2003.<\/p>\n\n\n\n<p>huelvaya.es (el periodico digital de Huelva). Art\u00edculo \u00abElena Whishaw en Niebla, 75 a\u00f1os despu\u00e9s\u00bb, de Juan Mar\u00eda Acosta Ferrero. 22 de enero de 2013.<\/p>\n\n\n\n<p>Historia y arqueologia en www.historiayarqueologia.com, \u00abAtlantis en Andaluc\u00eda\u00bb (teor\u00eda de la ubicaci\u00f3n de la ciudad de Tartessos), por Elena Whishaw. Un art\u00edculo publicado por Mar\u00eda Reyes Lora, 26 de octubre de 2014.<\/p>\n\n\n\n<p>Blog de Oscar F\u00e1brega (Oskarele). \u00abLa Atl\u00e1ntida. Parte 36. La Atl\u00e1ntida y Tartessos. La se\u00f1ora Whishaw\u00bb.<\/p>\n\n\n\n<p>Huelva Buenas Noticias (peri\u00f3dico digital). Reportaje de Mari Paz D\u00edaz. 17 de marzo de 2013.<\/p>\n\n\n\n<figure class=\"wp-block-gallery columns-3 is-cropped wp-block-gallery-1 is-layout-flex wp-block-gallery-is-layout-flex\"><ul class=\"blocks-gallery-grid\"><li class=\"blocks-gallery-item\"><figure><img loading=\"lazy\" decoding=\"async\" width=\"815\" height=\"1024\" src=\"https:\/\/www.huelvaysusfotografos.com\/wp-content\/uploads\/2021\/05\/1-815x1024.jpg\" alt=\"\" data-id=\"6114\" data-full-url=\"https:\/\/www.huelvaysusfotografos.com\/wp-content\/uploads\/2021\/05\/1.jpg\" data-link=\"https:\/\/www.huelvaysusfotografos.com\/?attachment_id=6114\" class=\"wp-image-6114\" srcset=\"https:\/\/www.huelvaysusfotografos.com\/wp-content\/uploads\/2021\/05\/1-815x1024.jpg 815w, https:\/\/www.huelvaysusfotografos.com\/wp-content\/uploads\/2021\/05\/1-239x300.jpg 239w, https:\/\/www.huelvaysusfotografos.com\/wp-content\/uploads\/2021\/05\/1-768x965.jpg 768w, https:\/\/www.huelvaysusfotografos.com\/wp-content\/uploads\/2021\/05\/1-1222x1536.jpg 1222w, https:\/\/www.huelvaysusfotografos.com\/wp-content\/uploads\/2021\/05\/1.jpg 1273w\" sizes=\"auto, (max-width: 815px) 100vw, 815px\" \/><\/figure><\/li><li class=\"blocks-gallery-item\"><figure><img loading=\"lazy\" decoding=\"async\" width=\"977\" height=\"1024\" src=\"https:\/\/www.huelvaysusfotografos.com\/wp-content\/uploads\/2021\/05\/2-977x1024.jpg\" alt=\"\" data-id=\"6115\" data-full-url=\"https:\/\/www.huelvaysusfotografos.com\/wp-content\/uploads\/2021\/05\/2.jpg\" data-link=\"https:\/\/www.huelvaysusfotografos.com\/?attachment_id=6115\" class=\"wp-image-6115\" srcset=\"https:\/\/www.huelvaysusfotografos.com\/wp-content\/uploads\/2021\/05\/2-977x1024.jpg 977w, https:\/\/www.huelvaysusfotografos.com\/wp-content\/uploads\/2021\/05\/2-286x300.jpg 286w, https:\/\/www.huelvaysusfotografos.com\/wp-content\/uploads\/2021\/05\/2-768x805.jpg 768w, https:\/\/www.huelvaysusfotografos.com\/wp-content\/uploads\/2021\/05\/2-1466x1536.jpg 1466w, https:\/\/www.huelvaysusfotografos.com\/wp-content\/uploads\/2021\/05\/2.jpg 1527w\" sizes=\"auto, (max-width: 977px) 100vw, 977px\" \/><\/figure><\/li><li class=\"blocks-gallery-item\"><figure><img loading=\"lazy\" decoding=\"async\" width=\"731\" height=\"1024\" src=\"https:\/\/www.huelvaysusfotografos.com\/wp-content\/uploads\/2021\/05\/3-731x1024.jpg\" alt=\"\" data-id=\"6116\" data-full-url=\"https:\/\/www.huelvaysusfotografos.com\/wp-content\/uploads\/2021\/05\/3.jpg\" data-link=\"https:\/\/www.huelvaysusfotografos.com\/?attachment_id=6116\" class=\"wp-image-6116\" srcset=\"https:\/\/www.huelvaysusfotografos.com\/wp-content\/uploads\/2021\/05\/3-731x1024.jpg 731w, https:\/\/www.huelvaysusfotografos.com\/wp-content\/uploads\/2021\/05\/3-214x300.jpg 214w, https:\/\/www.huelvaysusfotografos.com\/wp-content\/uploads\/2021\/05\/3-768x1076.jpg 768w, https:\/\/www.huelvaysusfotografos.com\/wp-content\/uploads\/2021\/05\/3-1096x1536.jpg 1096w, https:\/\/www.huelvaysusfotografos.com\/wp-content\/uploads\/2021\/05\/3.jpg 1142w\" sizes=\"auto, (max-width: 731px) 100vw, 731px\" \/><\/figure><\/li><li class=\"blocks-gallery-item\"><figure><img loading=\"lazy\" decoding=\"async\" width=\"1067\" height=\"1600\" src=\"https:\/\/www.huelvaysusfotografos.com\/wp-content\/uploads\/2021\/05\/4-683x1024.jpg\" alt=\"\" data-id=\"6117\" data-full-url=\"https:\/\/www.huelvaysusfotografos.com\/wp-content\/uploads\/2021\/05\/4.jpg\" data-link=\"https:\/\/www.huelvaysusfotografos.com\/?attachment_id=6117\" class=\"wp-image-6117\" srcset=\"https:\/\/www.huelvaysusfotografos.com\/wp-content\/uploads\/2021\/05\/4-683x1024.jpg 683w, https:\/\/www.huelvaysusfotografos.com\/wp-content\/uploads\/2021\/05\/4-200x300.jpg 200w, https:\/\/www.huelvaysusfotografos.com\/wp-content\/uploads\/2021\/05\/4-768x1152.jpg 768w, https:\/\/www.huelvaysusfotografos.com\/wp-content\/uploads\/2021\/05\/4-1024x1536.jpg 1024w, https:\/\/www.huelvaysusfotografos.com\/wp-content\/uploads\/2021\/05\/4.jpg 1067w\" sizes=\"auto, (max-width: 1067px) 100vw, 1067px\" \/><\/figure><\/li><li class=\"blocks-gallery-item\"><figure><img loading=\"lazy\" decoding=\"async\" width=\"746\" height=\"1024\" src=\"https:\/\/www.huelvaysusfotografos.com\/wp-content\/uploads\/2021\/05\/5-746x1024.jpg\" alt=\"\" data-id=\"6118\" data-full-url=\"https:\/\/www.huelvaysusfotografos.com\/wp-content\/uploads\/2021\/05\/5.jpg\" data-link=\"https:\/\/www.huelvaysusfotografos.com\/?attachment_id=6118\" class=\"wp-image-6118\" srcset=\"https:\/\/www.huelvaysusfotografos.com\/wp-content\/uploads\/2021\/05\/5-746x1024.jpg 746w, https:\/\/www.huelvaysusfotografos.com\/wp-content\/uploads\/2021\/05\/5-218x300.jpg 218w, https:\/\/www.huelvaysusfotografos.com\/wp-content\/uploads\/2021\/05\/5-768x1055.jpg 768w, https:\/\/www.huelvaysusfotografos.com\/wp-content\/uploads\/2021\/05\/5-1118x1536.jpg 1118w, https:\/\/www.huelvaysusfotografos.com\/wp-content\/uploads\/2021\/05\/5.jpg 1165w\" sizes=\"auto, (max-width: 746px) 100vw, 746px\" \/><\/figure><\/li><li class=\"blocks-gallery-item\"><figure><img loading=\"lazy\" decoding=\"async\" width=\"1024\" height=\"685\" src=\"https:\/\/www.huelvaysusfotografos.com\/wp-content\/uploads\/2021\/05\/6-1024x685.jpg\" alt=\"\" data-id=\"6119\" data-full-url=\"https:\/\/www.huelvaysusfotografos.com\/wp-content\/uploads\/2021\/05\/6.jpg\" data-link=\"https:\/\/www.huelvaysusfotografos.com\/?attachment_id=6119\" class=\"wp-image-6119\" srcset=\"https:\/\/www.huelvaysusfotografos.com\/wp-content\/uploads\/2021\/05\/6-1024x685.jpg 1024w, https:\/\/www.huelvaysusfotografos.com\/wp-content\/uploads\/2021\/05\/6-300x201.jpg 300w, https:\/\/www.huelvaysusfotografos.com\/wp-content\/uploads\/2021\/05\/6-768x514.jpg 768w, https:\/\/www.huelvaysusfotografos.com\/wp-content\/uploads\/2021\/05\/6-1536x1028.jpg 1536w, https:\/\/www.huelvaysusfotografos.com\/wp-content\/uploads\/2021\/05\/6-120x80.jpg 120w, https:\/\/www.huelvaysusfotografos.com\/wp-content\/uploads\/2021\/05\/6.jpg 1600w\" sizes=\"auto, (max-width: 1024px) 100vw, 1024px\" \/><\/figure><\/li><li class=\"blocks-gallery-item\"><figure><img loading=\"lazy\" decoding=\"async\" width=\"800\" height=\"1024\" src=\"https:\/\/www.huelvaysusfotografos.com\/wp-content\/uploads\/2021\/05\/7-800x1024.jpg\" alt=\"\" data-id=\"6120\" data-full-url=\"https:\/\/www.huelvaysusfotografos.com\/wp-content\/uploads\/2021\/05\/7.jpg\" data-link=\"https:\/\/www.huelvaysusfotografos.com\/?attachment_id=6120\" class=\"wp-image-6120\" srcset=\"https:\/\/www.huelvaysusfotografos.com\/wp-content\/uploads\/2021\/05\/7-800x1024.jpg 800w, https:\/\/www.huelvaysusfotografos.com\/wp-content\/uploads\/2021\/05\/7-234x300.jpg 234w, https:\/\/www.huelvaysusfotografos.com\/wp-content\/uploads\/2021\/05\/7-768x983.jpg 768w, https:\/\/www.huelvaysusfotografos.com\/wp-content\/uploads\/2021\/05\/7-1200x1536.jpg 1200w, https:\/\/www.huelvaysusfotografos.com\/wp-content\/uploads\/2021\/05\/7.jpg 1250w\" sizes=\"auto, (max-width: 800px) 100vw, 800px\" \/><\/figure><\/li><li class=\"blocks-gallery-item\"><figure><img loading=\"lazy\" decoding=\"async\" width=\"870\" height=\"1024\" src=\"https:\/\/www.huelvaysusfotografos.com\/wp-content\/uploads\/2021\/05\/8-870x1024.jpg\" alt=\"\" data-id=\"6121\" data-full-url=\"https:\/\/www.huelvaysusfotografos.com\/wp-content\/uploads\/2021\/05\/8.jpg\" data-link=\"https:\/\/www.huelvaysusfotografos.com\/?attachment_id=6121\" class=\"wp-image-6121\" srcset=\"https:\/\/www.huelvaysusfotografos.com\/wp-content\/uploads\/2021\/05\/8-870x1024.jpg 870w, https:\/\/www.huelvaysusfotografos.com\/wp-content\/uploads\/2021\/05\/8-255x300.jpg 255w, https:\/\/www.huelvaysusfotografos.com\/wp-content\/uploads\/2021\/05\/8-768x904.jpg 768w, https:\/\/www.huelvaysusfotografos.com\/wp-content\/uploads\/2021\/05\/8-1306x1536.jpg 1306w, https:\/\/www.huelvaysusfotografos.com\/wp-content\/uploads\/2021\/05\/8.jpg 1360w\" sizes=\"auto, (max-width: 870px) 100vw, 870px\" \/><\/figure><\/li><li class=\"blocks-gallery-item\"><figure><img loading=\"lazy\" decoding=\"async\" width=\"989\" height=\"1024\" src=\"https:\/\/www.huelvaysusfotografos.com\/wp-content\/uploads\/2021\/05\/9-989x1024.jpg\" alt=\"\" data-id=\"6122\" data-full-url=\"https:\/\/www.huelvaysusfotografos.com\/wp-content\/uploads\/2021\/05\/9.jpg\" data-link=\"https:\/\/www.huelvaysusfotografos.com\/?attachment_id=6122\" class=\"wp-image-6122\" srcset=\"https:\/\/www.huelvaysusfotografos.com\/wp-content\/uploads\/2021\/05\/9-989x1024.jpg 989w, https:\/\/www.huelvaysusfotografos.com\/wp-content\/uploads\/2021\/05\/9-290x300.jpg 290w, https:\/\/www.huelvaysusfotografos.com\/wp-content\/uploads\/2021\/05\/9-768x795.jpg 768w, https:\/\/www.huelvaysusfotografos.com\/wp-content\/uploads\/2021\/05\/9-1484x1536.jpg 1484w, https:\/\/www.huelvaysusfotografos.com\/wp-content\/uploads\/2021\/05\/9.jpg 1546w\" sizes=\"auto, (max-width: 989px) 100vw, 989px\" \/><\/figure><\/li><li class=\"blocks-gallery-item\"><figure><img loading=\"lazy\" decoding=\"async\" width=\"922\" height=\"1024\" src=\"https:\/\/www.huelvaysusfotografos.com\/wp-content\/uploads\/2021\/05\/10-922x1024.jpg\" alt=\"\" data-id=\"6124\" data-full-url=\"https:\/\/www.huelvaysusfotografos.com\/wp-content\/uploads\/2021\/05\/10.jpg\" data-link=\"https:\/\/www.huelvaysusfotografos.com\/?attachment_id=6124\" class=\"wp-image-6124\" srcset=\"https:\/\/www.huelvaysusfotografos.com\/wp-content\/uploads\/2021\/05\/10-922x1024.jpg 922w, https:\/\/www.huelvaysusfotografos.com\/wp-content\/uploads\/2021\/05\/10-270x300.jpg 270w, https:\/\/www.huelvaysusfotografos.com\/wp-content\/uploads\/2021\/05\/10-768x853.jpg 768w, https:\/\/www.huelvaysusfotografos.com\/wp-content\/uploads\/2021\/05\/10-1382x1536.jpg 1382w, https:\/\/www.huelvaysusfotografos.com\/wp-content\/uploads\/2021\/05\/10.jpg 1440w\" sizes=\"auto, (max-width: 922px) 100vw, 922px\" \/><\/figure><\/li><li class=\"blocks-gallery-item\"><figure><img loading=\"lazy\" decoding=\"async\" width=\"1024\" height=\"731\" src=\"https:\/\/www.huelvaysusfotografos.com\/wp-content\/uploads\/2021\/05\/11-1024x731.jpg\" alt=\"\" data-id=\"6125\" data-full-url=\"https:\/\/www.huelvaysusfotografos.com\/wp-content\/uploads\/2021\/05\/11.jpg\" data-link=\"https:\/\/www.huelvaysusfotografos.com\/?attachment_id=6125\" class=\"wp-image-6125\" srcset=\"https:\/\/www.huelvaysusfotografos.com\/wp-content\/uploads\/2021\/05\/11-1024x731.jpg 1024w, https:\/\/www.huelvaysusfotografos.com\/wp-content\/uploads\/2021\/05\/11-300x214.jpg 300w, https:\/\/www.huelvaysusfotografos.com\/wp-content\/uploads\/2021\/05\/11-768x548.jpg 768w, https:\/\/www.huelvaysusfotografos.com\/wp-content\/uploads\/2021\/05\/11-1536x1096.jpg 1536w, https:\/\/www.huelvaysusfotografos.com\/wp-content\/uploads\/2021\/05\/11.jpg 1600w\" sizes=\"auto, (max-width: 1024px) 100vw, 1024px\" \/><\/figure><\/li><li class=\"blocks-gallery-item\"><figure><img loading=\"lazy\" decoding=\"async\" width=\"699\" height=\"1024\" src=\"https:\/\/www.huelvaysusfotografos.com\/wp-content\/uploads\/2021\/05\/12-699x1024.jpg\" alt=\"\" data-id=\"6126\" data-full-url=\"https:\/\/www.huelvaysusfotografos.com\/wp-content\/uploads\/2021\/05\/12.jpg\" data-link=\"https:\/\/www.huelvaysusfotografos.com\/?attachment_id=6126\" class=\"wp-image-6126\" srcset=\"https:\/\/www.huelvaysusfotografos.com\/wp-content\/uploads\/2021\/05\/12-699x1024.jpg 699w, https:\/\/www.huelvaysusfotografos.com\/wp-content\/uploads\/2021\/05\/12-205x300.jpg 205w, https:\/\/www.huelvaysusfotografos.com\/wp-content\/uploads\/2021\/05\/12-768x1125.jpg 768w, https:\/\/www.huelvaysusfotografos.com\/wp-content\/uploads\/2021\/05\/12-1048x1536.jpg 1048w, https:\/\/www.huelvaysusfotografos.com\/wp-content\/uploads\/2021\/05\/12.jpg 1092w\" sizes=\"auto, (max-width: 699px) 100vw, 699px\" \/><\/figure><\/li><li class=\"blocks-gallery-item\"><figure><img loading=\"lazy\" decoding=\"async\" width=\"747\" height=\"1024\" src=\"https:\/\/www.huelvaysusfotografos.com\/wp-content\/uploads\/2021\/05\/13-747x1024.jpg\" alt=\"\" data-id=\"6127\" data-full-url=\"https:\/\/www.huelvaysusfotografos.com\/wp-content\/uploads\/2021\/05\/13.jpg\" data-link=\"https:\/\/www.huelvaysusfotografos.com\/?attachment_id=6127\" class=\"wp-image-6127\" srcset=\"https:\/\/www.huelvaysusfotografos.com\/wp-content\/uploads\/2021\/05\/13-747x1024.jpg 747w, https:\/\/www.huelvaysusfotografos.com\/wp-content\/uploads\/2021\/05\/13-219x300.jpg 219w, https:\/\/www.huelvaysusfotografos.com\/wp-content\/uploads\/2021\/05\/13-768x1053.jpg 768w, https:\/\/www.huelvaysusfotografos.com\/wp-content\/uploads\/2021\/05\/13-1120x1536.jpg 1120w, https:\/\/www.huelvaysusfotografos.com\/wp-content\/uploads\/2021\/05\/13.jpg 1167w\" sizes=\"auto, (max-width: 747px) 100vw, 747px\" \/><\/figure><\/li><li class=\"blocks-gallery-item\"><figure><img loading=\"lazy\" decoding=\"async\" width=\"854\" height=\"1024\" src=\"https:\/\/www.huelvaysusfotografos.com\/wp-content\/uploads\/2021\/05\/14-854x1024.jpg\" alt=\"\" data-id=\"6128\" data-full-url=\"https:\/\/www.huelvaysusfotografos.com\/wp-content\/uploads\/2021\/05\/14.jpg\" data-link=\"https:\/\/www.huelvaysusfotografos.com\/?attachment_id=6128\" class=\"wp-image-6128\" srcset=\"https:\/\/www.huelvaysusfotografos.com\/wp-content\/uploads\/2021\/05\/14-854x1024.jpg 854w, https:\/\/www.huelvaysusfotografos.com\/wp-content\/uploads\/2021\/05\/14-250x300.jpg 250w, https:\/\/www.huelvaysusfotografos.com\/wp-content\/uploads\/2021\/05\/14-768x921.jpg 768w, https:\/\/www.huelvaysusfotografos.com\/wp-content\/uploads\/2021\/05\/14-1281x1536.jpg 1281w, https:\/\/www.huelvaysusfotografos.com\/wp-content\/uploads\/2021\/05\/14.jpg 1334w\" sizes=\"auto, (max-width: 854px) 100vw, 854px\" \/><\/figure><\/li><li class=\"blocks-gallery-item\"><figure><img loading=\"lazy\" decoding=\"async\" width=\"1024\" height=\"1024\" src=\"https:\/\/www.huelvaysusfotografos.com\/wp-content\/uploads\/2021\/05\/15-1024x1024.jpg\" alt=\"\" data-id=\"6129\" data-full-url=\"https:\/\/www.huelvaysusfotografos.com\/wp-content\/uploads\/2021\/05\/15.jpg\" data-link=\"https:\/\/www.huelvaysusfotografos.com\/?attachment_id=6129\" class=\"wp-image-6129\" srcset=\"https:\/\/www.huelvaysusfotografos.com\/wp-content\/uploads\/2021\/05\/15-1024x1024.jpg 1024w, https:\/\/www.huelvaysusfotografos.com\/wp-content\/uploads\/2021\/05\/15-300x300.jpg 300w, https:\/\/www.huelvaysusfotografos.com\/wp-content\/uploads\/2021\/05\/15-150x150.jpg 150w, https:\/\/www.huelvaysusfotografos.com\/wp-content\/uploads\/2021\/05\/15-768x768.jpg 768w, https:\/\/www.huelvaysusfotografos.com\/wp-content\/uploads\/2021\/05\/15-1536x1536.jpg 1536w, https:\/\/www.huelvaysusfotografos.com\/wp-content\/uploads\/2021\/05\/15-50x50.jpg 50w, https:\/\/www.huelvaysusfotografos.com\/wp-content\/uploads\/2021\/05\/15-186x186.jpg 186w, https:\/\/www.huelvaysusfotografos.com\/wp-content\/uploads\/2021\/05\/15.jpg 1599w\" sizes=\"auto, (max-width: 1024px) 100vw, 1024px\" \/><\/figure><\/li><li class=\"blocks-gallery-item\"><figure><img loading=\"lazy\" decoding=\"async\" width=\"696\" height=\"1024\" src=\"https:\/\/www.huelvaysusfotografos.com\/wp-content\/uploads\/2021\/05\/16-696x1024.jpg\" alt=\"\" data-id=\"6130\" data-full-url=\"https:\/\/www.huelvaysusfotografos.com\/wp-content\/uploads\/2021\/05\/16.jpg\" data-link=\"https:\/\/www.huelvaysusfotografos.com\/?attachment_id=6130\" class=\"wp-image-6130\" srcset=\"https:\/\/www.huelvaysusfotografos.com\/wp-content\/uploads\/2021\/05\/16-696x1024.jpg 696w, https:\/\/www.huelvaysusfotografos.com\/wp-content\/uploads\/2021\/05\/16-204x300.jpg 204w, https:\/\/www.huelvaysusfotografos.com\/wp-content\/uploads\/2021\/05\/16-768x1129.jpg 768w, https:\/\/www.huelvaysusfotografos.com\/wp-content\/uploads\/2021\/05\/16-1044x1536.jpg 1044w, https:\/\/www.huelvaysusfotografos.com\/wp-content\/uploads\/2021\/05\/16.jpg 1088w\" sizes=\"auto, (max-width: 696px) 100vw, 696px\" \/><\/figure><\/li><li class=\"blocks-gallery-item\"><figure><img loading=\"lazy\" decoding=\"async\" width=\"728\" height=\"1024\" src=\"https:\/\/www.huelvaysusfotografos.com\/wp-content\/uploads\/2021\/05\/17-728x1024.jpg\" alt=\"\" data-id=\"6131\" data-full-url=\"https:\/\/www.huelvaysusfotografos.com\/wp-content\/uploads\/2021\/05\/17.jpg\" data-link=\"https:\/\/www.huelvaysusfotografos.com\/?attachment_id=6131\" class=\"wp-image-6131\" srcset=\"https:\/\/www.huelvaysusfotografos.com\/wp-content\/uploads\/2021\/05\/17-728x1024.jpg 728w, https:\/\/www.huelvaysusfotografos.com\/wp-content\/uploads\/2021\/05\/17-213x300.jpg 213w, https:\/\/www.huelvaysusfotografos.com\/wp-content\/uploads\/2021\/05\/17-768x1081.jpg 768w, https:\/\/www.huelvaysusfotografos.com\/wp-content\/uploads\/2021\/05\/17-1092x1536.jpg 1092w, https:\/\/www.huelvaysusfotografos.com\/wp-content\/uploads\/2021\/05\/17.jpg 1137w\" sizes=\"auto, (max-width: 728px) 100vw, 728px\" \/><\/figure><\/li><li class=\"blocks-gallery-item\"><figure><img loading=\"lazy\" decoding=\"async\" width=\"783\" height=\"1024\" src=\"https:\/\/www.huelvaysusfotografos.com\/wp-content\/uploads\/2021\/05\/18-783x1024.jpg\" alt=\"\" data-id=\"6132\" data-full-url=\"https:\/\/www.huelvaysusfotografos.com\/wp-content\/uploads\/2021\/05\/18.jpg\" data-link=\"https:\/\/www.huelvaysusfotografos.com\/?attachment_id=6132\" class=\"wp-image-6132\" srcset=\"https:\/\/www.huelvaysusfotografos.com\/wp-content\/uploads\/2021\/05\/18-783x1024.jpg 783w, https:\/\/www.huelvaysusfotografos.com\/wp-content\/uploads\/2021\/05\/18-230x300.jpg 230w, https:\/\/www.huelvaysusfotografos.com\/wp-content\/uploads\/2021\/05\/18-768x1004.jpg 768w, https:\/\/www.huelvaysusfotografos.com\/wp-content\/uploads\/2021\/05\/18-1175x1536.jpg 1175w, https:\/\/www.huelvaysusfotografos.com\/wp-content\/uploads\/2021\/05\/18.jpg 1224w\" sizes=\"auto, (max-width: 783px) 100vw, 783px\" \/><\/figure><\/li><li class=\"blocks-gallery-item\"><figure><img loading=\"lazy\" decoding=\"async\" width=\"683\" height=\"1024\" src=\"https:\/\/www.huelvaysusfotografos.com\/wp-content\/uploads\/2021\/05\/19-683x1024.jpg\" alt=\"\" data-id=\"6133\" data-full-url=\"https:\/\/www.huelvaysusfotografos.com\/wp-content\/uploads\/2021\/05\/19.jpg\" data-link=\"https:\/\/www.huelvaysusfotografos.com\/?attachment_id=6133\" class=\"wp-image-6133\" srcset=\"https:\/\/www.huelvaysusfotografos.com\/wp-content\/uploads\/2021\/05\/19-683x1024.jpg 683w, https:\/\/www.huelvaysusfotografos.com\/wp-content\/uploads\/2021\/05\/19-200x300.jpg 200w, https:\/\/www.huelvaysusfotografos.com\/wp-content\/uploads\/2021\/05\/19-768x1152.jpg 768w, https:\/\/www.huelvaysusfotografos.com\/wp-content\/uploads\/2021\/05\/19-1024x1536.jpg 1024w, https:\/\/www.huelvaysusfotografos.com\/wp-content\/uploads\/2021\/05\/19.jpg 1067w\" sizes=\"auto, (max-width: 683px) 100vw, 683px\" \/><\/figure><\/li><li class=\"blocks-gallery-item\"><figure><img loading=\"lazy\" decoding=\"async\" width=\"687\" height=\"1024\" src=\"https:\/\/www.huelvaysusfotografos.com\/wp-content\/uploads\/2021\/05\/20-687x1024.jpg\" alt=\"\" data-id=\"6134\" data-full-url=\"https:\/\/www.huelvaysusfotografos.com\/wp-content\/uploads\/2021\/05\/20.jpg\" data-link=\"https:\/\/www.huelvaysusfotografos.com\/?attachment_id=6134\" class=\"wp-image-6134\" srcset=\"https:\/\/www.huelvaysusfotografos.com\/wp-content\/uploads\/2021\/05\/20-687x1024.jpg 687w, https:\/\/www.huelvaysusfotografos.com\/wp-content\/uploads\/2021\/05\/20-201x300.jpg 201w, https:\/\/www.huelvaysusfotografos.com\/wp-content\/uploads\/2021\/05\/20-768x1145.jpg 768w, https:\/\/www.huelvaysusfotografos.com\/wp-content\/uploads\/2021\/05\/20-1030x1536.jpg 1030w, https:\/\/www.huelvaysusfotografos.com\/wp-content\/uploads\/2021\/05\/20.jpg 1073w\" sizes=\"auto, (max-width: 687px) 100vw, 687px\" \/><\/figure><\/li><li class=\"blocks-gallery-item\"><figure><img loading=\"lazy\" decoding=\"async\" width=\"722\" height=\"1024\" src=\"https:\/\/www.huelvaysusfotografos.com\/wp-content\/uploads\/2021\/05\/21-722x1024.jpg\" alt=\"\" data-id=\"6135\" data-full-url=\"https:\/\/www.huelvaysusfotografos.com\/wp-content\/uploads\/2021\/05\/21.jpg\" data-link=\"https:\/\/www.huelvaysusfotografos.com\/?attachment_id=6135\" class=\"wp-image-6135\" srcset=\"https:\/\/www.huelvaysusfotografos.com\/wp-content\/uploads\/2021\/05\/21-722x1024.jpg 722w, https:\/\/www.huelvaysusfotografos.com\/wp-content\/uploads\/2021\/05\/21-212x300.jpg 212w, https:\/\/www.huelvaysusfotografos.com\/wp-content\/uploads\/2021\/05\/21-768x1089.jpg 768w, https:\/\/www.huelvaysusfotografos.com\/wp-content\/uploads\/2021\/05\/21-1083x1536.jpg 1083w, https:\/\/www.huelvaysusfotografos.com\/wp-content\/uploads\/2021\/05\/21.jpg 1128w\" sizes=\"auto, (max-width: 722px) 100vw, 722px\" \/><\/figure><\/li><\/ul><\/figure>\n","protected":false},"excerpt":{"rendered":"<p>El s\u00e1bado 15 de mayo a las 10.00 horas, un grupo de socios nos d\u00e1bamos cita a las puertas de la milenaria ciudad condal de Niebla. Su ciudad amurallada alberga un tesoro arquitect\u00f3nico y cultural, desconocido por muchos viandantes. Gracias a la generosidad del personal del Excmo. Ayuntamiento de la localidad y m\u00e1s concretamente a D. Manuel P\u00e9rez Bernal, quien nos ense\u00f1\u00f3 y mostr\u00f3 su ciudad, con una pasi\u00f3n, que<\/p>\n<div class=\"belowpost\"><a class=\"btnmore\" href=\"https:\/\/www.huelvaysusfotografos.com\/?p=6111\">Seguir leyendo<\/a><\/div>\n","protected":false},"author":8279,"featured_media":6112,"comment_status":"open","ping_status":"open","sticky":false,"template":"","format":"standard","meta":{"footnotes":"","_links_to":"","_links_to_target":""},"categories":[4],"tags":[],"class_list":["post-6111","post","type-post","status-publish","format-standard","has-post-thumbnail","hentry","category-actividades"],"_links":{"self":[{"href":"https:\/\/www.huelvaysusfotografos.com\/index.php?rest_route=\/wp\/v2\/posts\/6111","targetHints":{"allow":["GET"]}}],"collection":[{"href":"https:\/\/www.huelvaysusfotografos.com\/index.php?rest_route=\/wp\/v2\/posts"}],"about":[{"href":"https:\/\/www.huelvaysusfotografos.com\/index.php?rest_route=\/wp\/v2\/types\/post"}],"author":[{"embeddable":true,"href":"https:\/\/www.huelvaysusfotografos.com\/index.php?rest_route=\/wp\/v2\/users\/8279"}],"replies":[{"embeddable":true,"href":"https:\/\/www.huelvaysusfotografos.com\/index.php?rest_route=%2Fwp%2Fv2%2Fcomments&post=6111"}],"version-history":[{"count":3,"href":"https:\/\/www.huelvaysusfotografos.com\/index.php?rest_route=\/wp\/v2\/posts\/6111\/revisions"}],"predecessor-version":[{"id":6137,"href":"https:\/\/www.huelvaysusfotografos.com\/index.php?rest_route=\/wp\/v2\/posts\/6111\/revisions\/6137"}],"wp:featuredmedia":[{"embeddable":true,"href":"https:\/\/www.huelvaysusfotografos.com\/index.php?rest_route=\/wp\/v2\/media\/6112"}],"wp:attachment":[{"href":"https:\/\/www.huelvaysusfotografos.com\/index.php?rest_route=%2Fwp%2Fv2%2Fmedia&parent=6111"}],"wp:term":[{"taxonomy":"category","embeddable":true,"href":"https:\/\/www.huelvaysusfotografos.com\/index.php?rest_route=%2Fwp%2Fv2%2Fcategories&post=6111"},{"taxonomy":"post_tag","embeddable":true,"href":"https:\/\/www.huelvaysusfotografos.com\/index.php?rest_route=%2Fwp%2Fv2%2Ftags&post=6111"}],"curies":[{"name":"wp","href":"https:\/\/api.w.org\/{rel}","templated":true}]}}