{"id":6103,"date":"2020-11-02T00:27:20","date_gmt":"2020-11-01T23:27:20","guid":{"rendered":"http:\/\/www.huelvaysusfotografos.com\/?p=6103"},"modified":"2020-11-02T00:27:24","modified_gmt":"2020-11-01T23:27:24","slug":"i-ruta-fotografica-virtual-hispanolusa-miradas-fronterizas","status":"publish","type":"post","link":"https:\/\/www.huelvaysusfotografos.com\/?p=6103","title":{"rendered":"I Ruta Fotogr\u00e1fica Virtual Hispanolusa \u00abMiradas Fronterizas\u00bb"},"content":{"rendered":"\n<p>Si vives o pasas en alg\u00fan momento y durante las pr\u00f3ximas semanas por alguno de los municipios de El And\u00e9valo (Espa\u00f1a) o por los concejos de Alcoutim y M\u00e9rtola (Portugal), saca tu c\u00e1mara de fotos o tu m\u00f3vil, pon creatividad en tu mirada, fotograf\u00eda este espacio de frontera \u00fanico y singular, env\u00edanos de 1 a 5 fotos, y podr\u00e1s ganar hasta 300 euros y participar en una Exposici\u00f3n Fotogr\u00e1fica Creativa, Colectiva y Fronteriza.<\/p>\n\n\n\n<p>Programa AFLUENTES: CULTURA EN EL ESPACIO RURAL TRANSFRONTERIZO<\/p>\n\n\n\n<figure class=\"wp-block-image size-large\"><img loading=\"lazy\" decoding=\"async\" width=\"479\" height=\"678\" src=\"https:\/\/www.huelvaysusfotografos.com\/wp-content\/uploads\/2020\/11\/I-Ruta-Fotografica-Virtual-Hispanolusa-Miradas-Fronterizas.-BASES.jpg\" alt=\"\" class=\"wp-image-6105\" srcset=\"https:\/\/www.huelvaysusfotografos.com\/wp-content\/uploads\/2020\/11\/I-Ruta-Fotografica-Virtual-Hispanolusa-Miradas-Fronterizas.-BASES.jpg 479w, https:\/\/www.huelvaysusfotografos.com\/wp-content\/uploads\/2020\/11\/I-Ruta-Fotografica-Virtual-Hispanolusa-Miradas-Fronterizas.-BASES-212x300.jpg 212w\" sizes=\"auto, (max-width: 479px) 100vw, 479px\" \/><\/figure>\n","protected":false},"excerpt":{"rendered":"<p>Si vives o pasas en alg\u00fan momento y durante las pr\u00f3ximas semanas por alguno de los municipios de El And\u00e9valo (Espa\u00f1a) o por los concejos de Alcoutim y M\u00e9rtola (Portugal), saca tu c\u00e1mara de fotos o tu m\u00f3vil, pon creatividad en tu mirada, fotograf\u00eda este espacio de frontera \u00fanico y singular, env\u00edanos de 1 a 5 fotos, y podr\u00e1s ganar hasta 300 euros y participar en una Exposici\u00f3n Fotogr\u00e1fica Creativa,<\/p>\n<div class=\"belowpost\"><a class=\"btnmore\" href=\"https:\/\/www.huelvaysusfotografos.com\/?p=6103\">Seguir leyendo<\/a><\/div>\n","protected":false},"author":8279,"featured_media":6104,"comment_status":"open","ping_status":"open","sticky":false,"template":"","format":"standard","meta":{"footnotes":"","_links_to":"","_links_to_target":""},"categories":[3],"tags":[],"class_list":["post-6103","post","type-post","status-publish","format-standard","has-post-thumbnail","hentry","category-noticias"],"_links":{"self":[{"href":"https:\/\/www.huelvaysusfotografos.com\/index.php?rest_route=\/wp\/v2\/posts\/6103","targetHints":{"allow":["GET"]}}],"collection":[{"href":"https:\/\/www.huelvaysusfotografos.com\/index.php?rest_route=\/wp\/v2\/posts"}],"about":[{"href":"https:\/\/www.huelvaysusfotografos.com\/index.php?rest_route=\/wp\/v2\/types\/post"}],"author":[{"embeddable":true,"href":"https:\/\/www.huelvaysusfotografos.com\/index.php?rest_route=\/wp\/v2\/users\/8279"}],"replies":[{"embeddable":true,"href":"https:\/\/www.huelvaysusfotografos.com\/index.php?rest_route=%2Fwp%2Fv2%2Fcomments&post=6103"}],"version-history":[{"count":1,"href":"https:\/\/www.huelvaysusfotografos.com\/index.php?rest_route=\/wp\/v2\/posts\/6103\/revisions"}],"predecessor-version":[{"id":6106,"href":"https:\/\/www.huelvaysusfotografos.com\/index.php?rest_route=\/wp\/v2\/posts\/6103\/revisions\/6106"}],"wp:featuredmedia":[{"embeddable":true,"href":"https:\/\/www.huelvaysusfotografos.com\/index.php?rest_route=\/wp\/v2\/media\/6104"}],"wp:attachment":[{"href":"https:\/\/www.huelvaysusfotografos.com\/index.php?rest_route=%2Fwp%2Fv2%2Fmedia&parent=6103"}],"wp:term":[{"taxonomy":"category","embeddable":true,"href":"https:\/\/www.huelvaysusfotografos.com\/index.php?rest_route=%2Fwp%2Fv2%2Fcategories&post=6103"},{"taxonomy":"post_tag","embeddable":true,"href":"https:\/\/www.huelvaysusfotografos.com\/index.php?rest_route=%2Fwp%2Fv2%2Ftags&post=6103"}],"curies":[{"name":"wp","href":"https:\/\/api.w.org\/{rel}","templated":true}]}}