{"id":6091,"date":"2020-10-24T13:29:00","date_gmt":"2020-10-24T11:29:00","guid":{"rendered":"http:\/\/www.huelvaysusfotografos.com\/?p=6091"},"modified":"2020-11-01T13:41:13","modified_gmt":"2020-11-01T12:41:13","slug":"manuel-pascual-se-alza-con-el-primer-premio-de-bodegas-iglesias","status":"publish","type":"post","link":"https:\/\/www.huelvaysusfotografos.com\/?p=6091","title":{"rendered":"Manuel Pascual se alza con el primer premio de Bodegas Iglesias."},"content":{"rendered":"\n<p>Nuestro compa\u00f1ero Manuel Pacual se alzaba con el primer premio de Bodegas Iglesias, que representar\u00e1 el almanaque de 2021 de dicha bodega.<\/p>\n\n\n\n<p>El concurso nac\u00eda a ra\u00edz de la visita realizada por miembros de esta Asociaci\u00f3n el pasado mes de Julio. <\/p>\n\n\n\n<p>As\u00ed reza el acta del jurado, donde se otorgan los premios de este primer concurso de Bodegas Iglesias.<\/p>\n\n\n\n<p>Reunidos en nuestra bodega el jurado del I Certamen de Fotograf\u00eda Bodegas Iglesias y los participantes de dicho concurso, pertenecientes a la Asociaci\u00f3n Huelva y sus Fot\u00f3grafos, se procedi\u00f3 al visionado de las tres fotograf\u00edas ganadoras del primer, segundo y tercer premio, y, posteriormente, a la entrega de premios y obsequios a sus autores. <\/p>\n\n\n\n<p><img loading=\"lazy\" decoding=\"async\" height=\"16\" width=\"16\" alt=\"\ud83e\udd47\" src=\"https:\/\/static.xx.fbcdn.net\/images\/emoji.php\/v9\/t94\/1\/16\/1f947.png\"> PRIMER PREMIO: Manuel Pascual Bonaque. 250 euros y obsequio conmemorativo.<img loading=\"lazy\" decoding=\"async\" height=\"16\" width=\"16\" alt=\"\ud83e\udd48\" src=\"https:\/\/static.xx.fbcdn.net\/images\/emoji.php\/v9\/t15\/1\/16\/1f948.png\"> SEGUNDO PREMIO: Manuel Pascual Bonaque. 125 euros y obsequio conmemorativo.<img loading=\"lazy\" decoding=\"async\" height=\"16\" width=\"16\" alt=\"\ud83e\udd49\" src=\"https:\/\/static.xx.fbcdn.net\/images\/emoji.php\/v9\/t96\/1\/16\/1f949.png\"> TERCER PREMIO: Jos\u00e9 Luis Arizmendi Llanes. Su peso en vino de Bodegas Iglesias y obsequio.<img loading=\"lazy\" decoding=\"async\" height=\"16\" width=\"16\" alt=\"\ud83c\udf77\" src=\"https:\/\/static.xx.fbcdn.net\/images\/emoji.php\/v9\/teb\/1\/16\/1f377.png\"> <\/p>\n\n\n\n<p>El acto estuvo marcado por un excelente ambiente en torno a la fotograf\u00eda y al vino, por un maravilloso brindis con PAR y RICAHEMBRA y, por supuesto, por las normas de seguridad e higiene pertinentes. <img loading=\"lazy\" decoding=\"async\" height=\"16\" width=\"16\" alt=\"\ud83d\udc4f\" src=\"https:\/\/static.xx.fbcdn.net\/images\/emoji.php\/v9\/tfe\/1\/16\/1f44f.png\"> Nuestra enhorabuena a los ganadores del certamen y las gracias a tod@s l@s participantes.<\/p>\n\n\n\n<p>Pr\u00f3ximamente mostraremos las fotograf\u00edas ganadoras.<\/p>\n\n\n\n<figure class=\"wp-block-gallery columns-3 is-cropped wp-block-gallery-1 is-layout-flex wp-block-gallery-is-layout-flex\"><ul class=\"blocks-gallery-grid\"><li class=\"blocks-gallery-item\"><figure><img loading=\"lazy\" decoding=\"async\" width=\"1024\" height=\"768\" src=\"https:\/\/www.huelvaysusfotografos.com\/wp-content\/uploads\/2020\/11\/galardones-1024x768.jpg\" alt=\"\" data-id=\"6093\" data-link=\"https:\/\/www.huelvaysusfotografos.com\/?attachment_id=6093\" class=\"wp-image-6093\" srcset=\"https:\/\/www.huelvaysusfotografos.com\/wp-content\/uploads\/2020\/11\/galardones-1024x768.jpg 1024w, https:\/\/www.huelvaysusfotografos.com\/wp-content\/uploads\/2020\/11\/galardones-300x225.jpg 300w, https:\/\/www.huelvaysusfotografos.com\/wp-content\/uploads\/2020\/11\/galardones-768x576.jpg 768w, https:\/\/www.huelvaysusfotografos.com\/wp-content\/uploads\/2020\/11\/galardones-1536x1152.jpg 1536w, https:\/\/www.huelvaysusfotografos.com\/wp-content\/uploads\/2020\/11\/galardones-160x120.jpg 160w, https:\/\/www.huelvaysusfotografos.com\/wp-content\/uploads\/2020\/11\/galardones.jpg 2048w\" sizes=\"auto, (max-width: 1024px) 100vw, 1024px\" \/><\/figure><\/li><li class=\"blocks-gallery-item\"><figure><img loading=\"lazy\" decoding=\"async\" width=\"1024\" height=\"768\" src=\"https:\/\/www.huelvaysusfotografos.com\/wp-content\/uploads\/2020\/11\/previa-entrega-1024x768.jpg\" alt=\"\" data-id=\"6094\" data-link=\"https:\/\/www.huelvaysusfotografos.com\/?attachment_id=6094\" class=\"wp-image-6094\" srcset=\"https:\/\/www.huelvaysusfotografos.com\/wp-content\/uploads\/2020\/11\/previa-entrega-1024x768.jpg 1024w, https:\/\/www.huelvaysusfotografos.com\/wp-content\/uploads\/2020\/11\/previa-entrega-300x225.jpg 300w, https:\/\/www.huelvaysusfotografos.com\/wp-content\/uploads\/2020\/11\/previa-entrega-768x576.jpg 768w, https:\/\/www.huelvaysusfotografos.com\/wp-content\/uploads\/2020\/11\/previa-entrega-1536x1152.jpg 1536w, https:\/\/www.huelvaysusfotografos.com\/wp-content\/uploads\/2020\/11\/previa-entrega-160x120.jpg 160w, https:\/\/www.huelvaysusfotografos.com\/wp-content\/uploads\/2020\/11\/previa-entrega.jpg 2048w\" sizes=\"auto, (max-width: 1024px) 100vw, 1024px\" \/><\/figure><\/li><li class=\"blocks-gallery-item\"><figure><img loading=\"lazy\" decoding=\"async\" width=\"1024\" height=\"768\" src=\"https:\/\/www.huelvaysusfotografos.com\/wp-content\/uploads\/2020\/11\/visionado-1024x768.jpg\" alt=\"\" data-id=\"6095\" data-link=\"https:\/\/www.huelvaysusfotografos.com\/?attachment_id=6095\" class=\"wp-image-6095\" srcset=\"https:\/\/www.huelvaysusfotografos.com\/wp-content\/uploads\/2020\/11\/visionado-1024x768.jpg 1024w, https:\/\/www.huelvaysusfotografos.com\/wp-content\/uploads\/2020\/11\/visionado-300x225.jpg 300w, https:\/\/www.huelvaysusfotografos.com\/wp-content\/uploads\/2020\/11\/visionado-768x576.jpg 768w, https:\/\/www.huelvaysusfotografos.com\/wp-content\/uploads\/2020\/11\/visionado-1536x1152.jpg 1536w, https:\/\/www.huelvaysusfotografos.com\/wp-content\/uploads\/2020\/11\/visionado-160x120.jpg 160w, https:\/\/www.huelvaysusfotografos.com\/wp-content\/uploads\/2020\/11\/visionado.jpg 2048w\" sizes=\"auto, (max-width: 1024px) 100vw, 1024px\" \/><\/figure><\/li><li class=\"blocks-gallery-item\"><figure><img loading=\"lazy\" decoding=\"async\" width=\"768\" height=\"1024\" src=\"https:\/\/www.huelvaysusfotografos.com\/wp-content\/uploads\/2020\/11\/primer-premio-1-768x1024.jpg\" alt=\"\" data-id=\"6096\" data-full-url=\"https:\/\/www.huelvaysusfotografos.com\/wp-content\/uploads\/2020\/11\/primer-premio-1.jpg\" data-link=\"https:\/\/www.huelvaysusfotografos.com\/?attachment_id=6096\" class=\"wp-image-6096\" srcset=\"https:\/\/www.huelvaysusfotografos.com\/wp-content\/uploads\/2020\/11\/primer-premio-1-768x1024.jpg 768w, https:\/\/www.huelvaysusfotografos.com\/wp-content\/uploads\/2020\/11\/primer-premio-1-225x300.jpg 225w, https:\/\/www.huelvaysusfotografos.com\/wp-content\/uploads\/2020\/11\/primer-premio-1-1152x1536.jpg 1152w, https:\/\/www.huelvaysusfotografos.com\/wp-content\/uploads\/2020\/11\/primer-premio-1.jpg 1536w\" sizes=\"auto, (max-width: 768px) 100vw, 768px\" \/><\/figure><\/li><li class=\"blocks-gallery-item\"><figure><img loading=\"lazy\" decoding=\"async\" width=\"768\" height=\"1024\" src=\"https:\/\/www.huelvaysusfotografos.com\/wp-content\/uploads\/2020\/11\/segundo-premio-768x1024.jpg\" alt=\"\" data-id=\"6097\" data-full-url=\"https:\/\/www.huelvaysusfotografos.com\/wp-content\/uploads\/2020\/11\/segundo-premio.jpg\" data-link=\"https:\/\/www.huelvaysusfotografos.com\/?attachment_id=6097\" class=\"wp-image-6097\" srcset=\"https:\/\/www.huelvaysusfotografos.com\/wp-content\/uploads\/2020\/11\/segundo-premio-768x1024.jpg 768w, https:\/\/www.huelvaysusfotografos.com\/wp-content\/uploads\/2020\/11\/segundo-premio-225x300.jpg 225w, https:\/\/www.huelvaysusfotografos.com\/wp-content\/uploads\/2020\/11\/segundo-premio-1152x1536.jpg 1152w, https:\/\/www.huelvaysusfotografos.com\/wp-content\/uploads\/2020\/11\/segundo-premio.jpg 1536w\" sizes=\"auto, (max-width: 768px) 100vw, 768px\" \/><\/figure><\/li><li class=\"blocks-gallery-item\"><figure><img loading=\"lazy\" decoding=\"async\" width=\"768\" height=\"1024\" src=\"https:\/\/www.huelvaysusfotografos.com\/wp-content\/uploads\/2020\/11\/tercer-premio-768x1024.jpg\" alt=\"\" data-id=\"6098\" data-full-url=\"https:\/\/www.huelvaysusfotografos.com\/wp-content\/uploads\/2020\/11\/tercer-premio.jpg\" data-link=\"https:\/\/www.huelvaysusfotografos.com\/?attachment_id=6098\" class=\"wp-image-6098\" srcset=\"https:\/\/www.huelvaysusfotografos.com\/wp-content\/uploads\/2020\/11\/tercer-premio-768x1024.jpg 768w, https:\/\/www.huelvaysusfotografos.com\/wp-content\/uploads\/2020\/11\/tercer-premio-225x300.jpg 225w, https:\/\/www.huelvaysusfotografos.com\/wp-content\/uploads\/2020\/11\/tercer-premio-1152x1536.jpg 1152w, https:\/\/www.huelvaysusfotografos.com\/wp-content\/uploads\/2020\/11\/tercer-premio.jpg 1536w\" sizes=\"auto, (max-width: 768px) 100vw, 768px\" \/><\/figure><\/li><\/ul><\/figure>\n","protected":false},"excerpt":{"rendered":"<p>Nuestro compa\u00f1ero Manuel Pacual se alzaba con el primer premio de Bodegas Iglesias, que representar\u00e1 el almanaque de 2021 de dicha bodega. El concurso nac\u00eda a ra\u00edz de la visita realizada por miembros de esta Asociaci\u00f3n el pasado mes de Julio. As\u00ed reza el acta del jurado, donde se otorgan los premios de este primer concurso de Bodegas Iglesias. Reunidos en nuestra bodega el jurado del I Certamen de Fotograf\u00eda<\/p>\n<div class=\"belowpost\"><a class=\"btnmore\" href=\"https:\/\/www.huelvaysusfotografos.com\/?p=6091\">Seguir leyendo<\/a><\/div>\n","protected":false},"author":8279,"featured_media":6092,"comment_status":"open","ping_status":"open","sticky":false,"template":"","format":"standard","meta":{"footnotes":"","_links_to":"","_links_to_target":""},"categories":[12],"tags":[],"class_list":["post-6091","post","type-post","status-publish","format-standard","has-post-thumbnail","hentry","category-concursos"],"_links":{"self":[{"href":"https:\/\/www.huelvaysusfotografos.com\/index.php?rest_route=\/wp\/v2\/posts\/6091","targetHints":{"allow":["GET"]}}],"collection":[{"href":"https:\/\/www.huelvaysusfotografos.com\/index.php?rest_route=\/wp\/v2\/posts"}],"about":[{"href":"https:\/\/www.huelvaysusfotografos.com\/index.php?rest_route=\/wp\/v2\/types\/post"}],"author":[{"embeddable":true,"href":"https:\/\/www.huelvaysusfotografos.com\/index.php?rest_route=\/wp\/v2\/users\/8279"}],"replies":[{"embeddable":true,"href":"https:\/\/www.huelvaysusfotografos.com\/index.php?rest_route=%2Fwp%2Fv2%2Fcomments&post=6091"}],"version-history":[{"count":1,"href":"https:\/\/www.huelvaysusfotografos.com\/index.php?rest_route=\/wp\/v2\/posts\/6091\/revisions"}],"predecessor-version":[{"id":6099,"href":"https:\/\/www.huelvaysusfotografos.com\/index.php?rest_route=\/wp\/v2\/posts\/6091\/revisions\/6099"}],"wp:featuredmedia":[{"embeddable":true,"href":"https:\/\/www.huelvaysusfotografos.com\/index.php?rest_route=\/wp\/v2\/media\/6092"}],"wp:attachment":[{"href":"https:\/\/www.huelvaysusfotografos.com\/index.php?rest_route=%2Fwp%2Fv2%2Fmedia&parent=6091"}],"wp:term":[{"taxonomy":"category","embeddable":true,"href":"https:\/\/www.huelvaysusfotografos.com\/index.php?rest_route=%2Fwp%2Fv2%2Fcategories&post=6091"},{"taxonomy":"post_tag","embeddable":true,"href":"https:\/\/www.huelvaysusfotografos.com\/index.php?rest_route=%2Fwp%2Fv2%2Ftags&post=6091"}],"curies":[{"name":"wp","href":"https:\/\/api.w.org\/{rel}","templated":true}]}}