{"id":5978,"date":"2020-10-20T21:35:14","date_gmt":"2020-10-20T19:35:14","guid":{"rendered":"http:\/\/www.huelvaysusfotografos.com\/?p=5978"},"modified":"2020-10-20T21:44:26","modified_gmt":"2020-10-20T19:44:26","slug":"marismas-del-odiel-nuestra-proxima-visita-fotografica","status":"publish","type":"post","link":"https:\/\/www.huelvaysusfotografos.com\/?p=5978","title":{"rendered":"Marismas del Odiel, nuestra pr\u00f3xima visita fotogr\u00e1fica."},"content":{"rendered":"\n<p>El paraje Natural Marismas del Odiel, reserva de la Biosfera, ser\u00e1 nuestra pr\u00f3xima parada fotogr\u00e1fica de la Asociaci\u00f3n Huelva y sus fot\u00f3grafos.<\/p>\n\n\n\n<p>Un paraje natural donde disfrutar de la flora y fauna que nos rodea en este id\u00edlico lugar, al tiempo que podremos disfrutar de las espectaculares puestas de sol, en las lagunas del paraje y las salinas.<\/p>\n\n\n\n<p>En el entorno nos encontramos tambi\u00e9n con las salinas, donde podremos fotografiar el trabajo que realizan en el entorno, as\u00ed como los reflejos que se pueden apreciar en el ocaso de la tarde sobre sus aguas saladas. <\/p>\n\n\n\n<p><strong>D\u00eda.<\/strong>\u2013 S\u00e1bado 24 de Octubre<\/p>\n\n\n\n<p><strong>Hora de comienzo<\/strong>.- A las 17.30 de la tarde.<\/p>\n\n\n\n<p><strong>Lugar para recepci\u00f3n<\/strong>.- Centro de visitantes Anastasio Senra. Carretera, Dique de Contenci\u00f3n de Arenas Pr\u00edncipe Juan Carlos I, Km. 3, 21001 Huelva.<\/p>\n\n\n\n<p>El Centro de visitantes se puede entrar a visitar <strong>desde las 16.00 hasta las 18.00 horas<\/strong>, si lo dese\u00e1is pod\u00e9is ir un poco antes de comenzar la ruta fotogr\u00e1fica, para ver su interior. Dispon\u00e9is de m\u00e1s informaci\u00f3n unas l\u00edneas m\u00e1s abajo.<\/p>\n\n\n\n<p>A escasos minutos de la capital se encuentra el Paraje Natural de las Marismas del Odiel. Declarado Reserva de la Biosfera por la Unesco en 1983, constituye una de las mayores extensiones de marismas de Espa\u00f1a, con gran diversidad de especies animales y vegetales.<\/p>\n\n\n\n<p>El encuentro del mar con las desembocaduras de los r\u00edos Tinto y Odiel, moldea el entorno creando espacios como islas, playas, lagunas o suelos fangosos. La oscilaci\u00f3n de las mareas hace que se inunden o emerjan alternativamente algunos de estos h\u00e1bitats.<\/p>\n\n\n\n<p>Marismas del Odiel es un enclave estrat\u00e9gico para las aves en sus rutas migratorias entre Europa y \u00c1frica. M\u00e1s de 250 especies, muchas de ellas en peligro de extinci\u00f3n, pueden avistarse en el paraje. Entre las m\u00e1s representativas est\u00e1n el flamenco, la esp\u00e1tula, la garza y el \u00e1guila pescadora. Adem\u00e1s de aves, la zona alberga una de las mayores colonias del sur de Europa de camaleones y hasta una especie end\u00e9mica de mariposa, s\u00f3lo descrita en Marismas del Odiel.<\/p>\n\n\n\n<p><strong>Salinas y marismas<\/strong><\/p>\n\n\n\n<p>Las salinas de Marismas del Odiel aprovechan la evaporaci\u00f3n natural del agua marina para la producci\u00f3n de sal. El marisqueo, la apicultura y la pesca son otras de las actividades sostenibles que el hombre ha realizado tradicionalmente en unos territorios que han visto el paso de numerosas culturas. Se cree que la antigua ciudad de Tartessos se asent\u00f3 por estos parajes. De los romanos quedan restos de piletas de salazones de pescado y, de los musulmanes, un yacimiento arqueol\u00f3gico en la isla Salt\u00e9s. Se trata de una importante ciudad que fue capital de un reino taifa en los siglos X y XI.<\/p>\n\n\n\n<p>Antiguamente consideradas como insalubres, las marismas son ecosistemas de gran importancia en el equilibrio clim\u00e1tico. Nutren los terrenos mediante la retenci\u00f3n de sedimentos y minimizan los efectos de inundaciones y sequ\u00edas, ya que act\u00faan como grandes esponjas, almacenando el agua de las lluvias en invierno y liber\u00e1ndola en las temporadas m\u00e1s secas.<\/p>\n\n\n\n<p>El <strong>centro de visitantes Anastasio Senra <\/strong>se encuentra en una zona del\u00a0<a href=\"http:\/\/www.juntadeandalucia.es\/medioambiente\/servtc5\/ventana\/mostrarFicha.do?idEspacio=7393\">Paraje Natural Marismas del Odiel<\/a>\u00a0conocida como Calatilla. La exhibici\u00f3n existente tanto en el interior del edificio como en sus alrededores permitir\u00e1 al visitante profundizar en este extenso sistema de marismas mareales asociados a la desembocadura de los r\u00edos Tinto y Odiel. La muestra refleja la importancia de este humedal para la supervivencia de muchas especies de aves que, en sus rutas migratorias, hacen parada en este entorno, uno de los mejores conservados de Espa\u00f1a.<\/p>\n\n\n\n<p>Los distintos ecosistemas que dan forma a Marismas del Odiel se encuentran recogidos en Anastasio Senra, dando especial \u00e9nfasis a la relevancia que tienen las mareas en la formaci\u00f3n y din\u00e1mica de las marismas y a la abundante fauna, especialmente marina y ornitol\u00f3gica que aqu\u00ed habita. Se presentan datos sobre la enorme productividad biol\u00f3gica de estos ecosistemas, as\u00ed como de la relevancia para la gesti\u00f3n de su especial ubicaci\u00f3n a orillas de un \u00e1rea urbana sometida a todo tipo de actividades productivas. Se destaca el papel de la red de voluntarios ambientales del paraje en las diferentes actividades de seguimiento de fauna y educaci\u00f3n ambiental y se presenta el espacio protegido a trav\u00e9s de un sistema multimedia en el que los protagonistas son las personas que desarrollan actividades en su interior. Por \u00faltimo, el visitante podr\u00e1 realizar una retrospectiva sobre las marismas y su patrimonio hist\u00f3rico art\u00edstico centrado en Tartessos, Saltes y el descubrimiento de Am\u00e9rica.<\/p>\n\n\n\n<p>Los exteriores del edificio presentan un itinerario interpretativo que da continuidad al centro, que recorre una amplia parcela dotada de itinerario bot\u00e1nico, lagunas con observatorio de aves, vivero demostrativo de vegetaci\u00f3n aut\u00f3ctona, etc.<\/p>\n\n\n\n<p>Cercano al centro de visitantes y para completar la jornada en Marismas del Odiel, se encuentra\u00a0<a href=\"http:\/\/www.juntadeandalucia.es\/medioambiente\/servtc5\/ventana\/mostrarFicha.do?idEquipamiento=19530\">el \u00e1rea recreativa Calatilla<\/a>\u00a0y\u00a0<a href=\"http:\/\/www.juntadeandalucia.es\/medioambiente\/servtc5\/ventana\/mostrarFicha.do?idEquipamiento=19721\">el sendero se\u00f1alizado Calatilla de Bacuta,<\/a>\u00a0que se introduce en las salinas industriales, as\u00ed como\u00a0<a href=\"http:\/\/www.juntadeandalucia.es\/medioambiente\/servtc5\/ventana\/mostrarFicha.do?idEquipamiento=21833\">el sendero Salinas de Bacuta,<\/a>\u00a0dotado de itinerario ornitol\u00f3gico, observatorio, miradores y centro de interpretaci\u00f3n de la salina.<\/p>\n\n\n\n<p><strong>Recordamos el uso obligatorio de mascarilla y distancia social.<\/strong><\/p>\n","protected":false},"excerpt":{"rendered":"<p>El paraje Natural Marismas del Odiel, reserva de la Biosfera, ser\u00e1 nuestra pr\u00f3xima parada fotogr\u00e1fica de la Asociaci\u00f3n Huelva y sus fot\u00f3grafos. Un paraje natural donde disfrutar de la flora y fauna que nos rodea en este id\u00edlico lugar, al tiempo que podremos disfrutar de las espectaculares puestas de sol, en las lagunas del paraje y las salinas. En el entorno nos encontramos tambi\u00e9n con las salinas, donde podremos fotografiar<\/p>\n<div class=\"belowpost\"><a class=\"btnmore\" href=\"https:\/\/www.huelvaysusfotografos.com\/?p=5978\">Seguir leyendo<\/a><\/div>\n","protected":false},"author":8279,"featured_media":5980,"comment_status":"open","ping_status":"open","sticky":false,"template":"","format":"standard","meta":{"footnotes":"","_links_to":"","_links_to_target":""},"categories":[4],"tags":[],"class_list":["post-5978","post","type-post","status-publish","format-standard","has-post-thumbnail","hentry","category-actividades"],"_links":{"self":[{"href":"https:\/\/www.huelvaysusfotografos.com\/index.php?rest_route=\/wp\/v2\/posts\/5978","targetHints":{"allow":["GET"]}}],"collection":[{"href":"https:\/\/www.huelvaysusfotografos.com\/index.php?rest_route=\/wp\/v2\/posts"}],"about":[{"href":"https:\/\/www.huelvaysusfotografos.com\/index.php?rest_route=\/wp\/v2\/types\/post"}],"author":[{"embeddable":true,"href":"https:\/\/www.huelvaysusfotografos.com\/index.php?rest_route=\/wp\/v2\/users\/8279"}],"replies":[{"embeddable":true,"href":"https:\/\/www.huelvaysusfotografos.com\/index.php?rest_route=%2Fwp%2Fv2%2Fcomments&post=5978"}],"version-history":[{"count":2,"href":"https:\/\/www.huelvaysusfotografos.com\/index.php?rest_route=\/wp\/v2\/posts\/5978\/revisions"}],"predecessor-version":[{"id":5982,"href":"https:\/\/www.huelvaysusfotografos.com\/index.php?rest_route=\/wp\/v2\/posts\/5978\/revisions\/5982"}],"wp:featuredmedia":[{"embeddable":true,"href":"https:\/\/www.huelvaysusfotografos.com\/index.php?rest_route=\/wp\/v2\/media\/5980"}],"wp:attachment":[{"href":"https:\/\/www.huelvaysusfotografos.com\/index.php?rest_route=%2Fwp%2Fv2%2Fmedia&parent=5978"}],"wp:term":[{"taxonomy":"category","embeddable":true,"href":"https:\/\/www.huelvaysusfotografos.com\/index.php?rest_route=%2Fwp%2Fv2%2Fcategories&post=5978"},{"taxonomy":"post_tag","embeddable":true,"href":"https:\/\/www.huelvaysusfotografos.com\/index.php?rest_route=%2Fwp%2Fv2%2Ftags&post=5978"}],"curies":[{"name":"wp","href":"https:\/\/api.w.org\/{rel}","templated":true}]}}