{"id":5729,"date":"2020-10-03T16:35:00","date_gmt":"2020-10-03T14:35:00","guid":{"rendered":"http:\/\/www.huelvaysusfotografos.com\/?p=5729"},"modified":"2020-10-08T16:39:46","modified_gmt":"2020-10-08T14:39:46","slug":"descubre-los-lugares-ocultos-de-la-rabida","status":"publish","type":"post","link":"https:\/\/www.huelvaysusfotografos.com\/?p=5729","title":{"rendered":"Descubre los lugares ocultos de La R\u00e1bida."},"content":{"rendered":"\n<p><strong><u>QUEDADA FOTOGR\u00c1FIA Y VISITA GUIADA<\/u><\/strong><\/p>\n\n\n\n<p>La Asociaci\u00f3n Huelva Fot\u00f3grafos programa una visita guiada a La R\u00e1bida. Se trata de una salida fotogr\u00e1fica con una visita a los lugares ocultos del entorno a la Monasterio de La R\u00e1bida (Huelva).<\/p>\n\n\n\n<p>La actividad est\u00e1 programada para el:<\/p>\n\n\n\n<p><strong>D\u00eda.<\/strong>&#8211; S\u00e1bado 10 de Octubre<\/p>\n\n\n\n<p><strong>Hora de comienzo<\/strong>.- A las 11.00 de la ma\u00f1ana.<\/p>\n\n\n\n<p><strong>Lugar para recepci\u00f3n<\/strong>.- En el Monolito de La R\u00e1bida.<\/p>\n\n\n\n<p><strong>Gu\u00eda<\/strong>.- Cristina Garc\u00eda Jurado<\/p>\n\n\n\n<p><strong>Duraci\u00f3n de la actividad<\/strong>.- Entre 90 y 120 minutos aprox.<\/p>\n\n\n\n<p><strong>Precio por persona<\/strong>.- Cinco (5) euros, que se abonar\u00e1 a la llegada a la actividad a la gu\u00eda antes mencionada.Aquellos que deseen acudir, iros apuntando en el hilo abierto en Facebook en las p\u00e1ginas de la Asociaci\u00f3n.<\/p>\n\n\n\n<p><strong><u>DATOS PARA LA VISITA<\/u><\/strong><\/p>\n\n\n\n<p>La ruta comenzar\u00e1 en el Monumento a los Descubridores, d\u00f3nde realizar\u00e9 una peque\u00f1a introducci\u00f3n sobre la haza\u00f1a que realizaron Crist\u00f3bal Col\u00f3n y los dem\u00e1s marineros. Posteriormente veremos el monumento a Col\u00f3n y el Monasterio de la R\u00e1bida, un convento franciscano que tuvo un papel importante en el Descubrimiento de Am\u00e9rica.<\/p>\n\n\n\n<p>Tras conocer la historia de Col\u00f3n, descubriremos otros importantes hitos que sucedieron all\u00ed, como el vuelo de la Guacamaya, un helic\u00f3ptero que cruz\u00f3 el Atl\u00e1ntico; y el Plus Ultra, monumento en homenaje a los que surcaron por primera vez el Atl\u00e1ntico en hidroavi\u00f3n.<\/p>\n\n\n\n<p>Desde el mismo lugar, podremos observar las r\u00e9plicas a tama\u00f1o real de los barcos de Col\u00f3n, las Carabelas Pinta y Ni\u00f1a, y la Nao Santamar\u00eda.<\/p>\n\n\n\n<p>Posteriormente, podremos ver el Foro Iberoamericano de La R\u00e1bida, un auditorio que se realiz\u00f3 con motivo del V Centenario del descubrimiento de Am\u00e9rica.<\/p>\n\n\n\n<p>En el mismo paraje de la R\u00e1bida, se encuentra el Jard\u00edn Bot\u00e1nico Celestino Mutis, un para\u00edso que une Espa\u00f1a con Am\u00e9rica, donde puedes desconectar mientras contemplas una gran variedad de especies vegetales, principalmente de la Pen\u00ednsula Ib\u00e9rica y de Am\u00e9rica del Sur, aunque hay especies de los cinco continentes.<\/p>\n\n\n\n<p>Dejando atr\u00e1s toda la historia con Am\u00e9rica, veremos otros puntos de inter\u00e9s de la zona, como el Pebetero Ol\u00edmpico, construido por el paso de la antorcha ol\u00edmpica en 1992 en su recorrido a Barcelona. Otro punto de inter\u00e9s se trata de la Casa de Zenobia Camprub\u00ed, d\u00f3nde est\u00e1 vivi\u00f3 en 1909.<\/p>\n","protected":false},"excerpt":{"rendered":"<p>QUEDADA FOTOGR\u00c1FIA Y VISITA GUIADA La Asociaci\u00f3n Huelva Fot\u00f3grafos programa una visita guiada a La R\u00e1bida. Se trata de una salida fotogr\u00e1fica con una visita a los lugares ocultos del entorno a la Monasterio de La R\u00e1bida (Huelva). La actividad est\u00e1 programada para el: D\u00eda.&#8211; S\u00e1bado 10 de Octubre Hora de comienzo.- A las 11.00 de la ma\u00f1ana. Lugar para recepci\u00f3n.- En el Monolito de La R\u00e1bida. Gu\u00eda.- Cristina Garc\u00eda<\/p>\n<div class=\"belowpost\"><a class=\"btnmore\" href=\"https:\/\/www.huelvaysusfotografos.com\/?p=5729\">Seguir leyendo<\/a><\/div>\n","protected":false},"author":8279,"featured_media":5730,"comment_status":"open","ping_status":"open","sticky":false,"template":"","format":"standard","meta":{"footnotes":"","_links_to":"","_links_to_target":""},"categories":[4],"tags":[166,169,168,85,167],"class_list":["post-5729","post","type-post","status-publish","format-standard","has-post-thumbnail","hentry","category-actividades","tag-asociacion-huelva-y-sus-fotografos","tag-huelva-fotografia","tag-la-rabida","tag-palos-de-la-frontera","tag-visita-guiada"],"_links":{"self":[{"href":"https:\/\/www.huelvaysusfotografos.com\/index.php?rest_route=\/wp\/v2\/posts\/5729","targetHints":{"allow":["GET"]}}],"collection":[{"href":"https:\/\/www.huelvaysusfotografos.com\/index.php?rest_route=\/wp\/v2\/posts"}],"about":[{"href":"https:\/\/www.huelvaysusfotografos.com\/index.php?rest_route=\/wp\/v2\/types\/post"}],"author":[{"embeddable":true,"href":"https:\/\/www.huelvaysusfotografos.com\/index.php?rest_route=\/wp\/v2\/users\/8279"}],"replies":[{"embeddable":true,"href":"https:\/\/www.huelvaysusfotografos.com\/index.php?rest_route=%2Fwp%2Fv2%2Fcomments&post=5729"}],"version-history":[{"count":1,"href":"https:\/\/www.huelvaysusfotografos.com\/index.php?rest_route=\/wp\/v2\/posts\/5729\/revisions"}],"predecessor-version":[{"id":5731,"href":"https:\/\/www.huelvaysusfotografos.com\/index.php?rest_route=\/wp\/v2\/posts\/5729\/revisions\/5731"}],"wp:featuredmedia":[{"embeddable":true,"href":"https:\/\/www.huelvaysusfotografos.com\/index.php?rest_route=\/wp\/v2\/media\/5730"}],"wp:attachment":[{"href":"https:\/\/www.huelvaysusfotografos.com\/index.php?rest_route=%2Fwp%2Fv2%2Fmedia&parent=5729"}],"wp:term":[{"taxonomy":"category","embeddable":true,"href":"https:\/\/www.huelvaysusfotografos.com\/index.php?rest_route=%2Fwp%2Fv2%2Fcategories&post=5729"},{"taxonomy":"post_tag","embeddable":true,"href":"https:\/\/www.huelvaysusfotografos.com\/index.php?rest_route=%2Fwp%2Fv2%2Ftags&post=5729"}],"curies":[{"name":"wp","href":"https:\/\/api.w.org\/{rel}","templated":true}]}}