{"id":5697,"date":"2020-07-12T11:22:21","date_gmt":"2020-07-12T09:22:21","guid":{"rendered":"http:\/\/www.huelvaysusfotografos.com\/?p=5697"},"modified":"2020-07-12T11:42:01","modified_gmt":"2020-07-12T09:42:01","slug":"exitosa-visita-a-bodegas-iglesias","status":"publish","type":"post","link":"https:\/\/www.huelvaysusfotografos.com\/?p=5697","title":{"rendered":"Exitosa visita a Bodegas Iglesias"},"content":{"rendered":"\n<p>El s\u00e1bado 11 de julio, la Asociaci\u00f3n Huelva y sus fot\u00f3grafos realizaban su primera salida grupal, tras el confinamiento.<\/p>\n\n\n\n<p>Una actividad fotogr\u00e1fica, cultural y enol\u00f3gica en una de las bodegas m\u00e1s antiguas del condado de Huelva. Bodega de tercera generaci\u00f3n que dirige magistralmente Manuel Iglesias, un extraordinario anfitri\u00f3n y mejor comunicador, que nos hizo pasar una jornada inolvidable, llena de cultura, sapiencia del mundo del vino, regadas con mil an\u00e9cdotas, salpicadas con su uso del verbo f\u00e1cil y las lecciones de B2 que domina con soltura.<\/p>\n\n\n\n<p>Contamos con la colaboraci\u00f3n inestimable del Notario, que daba f\u00e9 de los caldos que antes de la cata pudo degustar en exclusiva (motivos sanitarios), y daba buena cuenta e informaci\u00f3n, del color, el olfato y el gusto&#8230;<\/p>\n\n\n\n<p>Previo a todo ello tuvimos la actividad fotogr\u00e1fica, como no pod\u00eda ser de otra manera, al ser nosotros una asociaci\u00f3n fotogr\u00e1fica, para ello y gracias a la colaboraci\u00f3n de Antonio Mart\u00edn y las modelos que nos acompa\u00f1aron, Lucia Borr\u00e1s, Paula Tejada, Jimena Arag\u00f3n, Sara Parre\u00f1o y Miryam Bodalo, pudimos realizar una sesi\u00f3n de modelos en diversos espacios de la bodega dando realce al espacio y los elementos que en ella podemos visitar.<\/p>\n\n\n\n<p>Tras la sesi\u00f3n fotogr\u00e1fica y la visita guiada a la bodega de manos de Man\u00e9, tuvo lugar la degustaci\u00f3n de los caldos de la bodega, vinos blanco joven (UZ), Vino Blanco (UZT), Oloroso Dulce (RicaHembra), Oloroso Viejo (Letrado), vermut, y Par (vino naranja), amenizado con jam\u00f3n bellota, salchich\u00f3n ib\u00e9rico, queso viejo, tortilla de patatas y olivas. <\/p>\n\n\n\n<p>Gracias a cada una de las personas que nos acompa\u00f1aron en esta jornada y sus acompa\u00f1antes por hacer de este un gran d\u00eda para la familia fotogr\u00e1fica, Sonia Herencia, Jos\u00e9 Luis Arizmendi, Caye Santana, Fran Alonso Correa, Manuel Pascual, Cayetano Burgos, Antonio Le\u00f1a, Claudi Puigfel, Antonio Hald\u00f3n, Antonio Mart\u00edn y Francisco Borge.<\/p>\n\n\n\n<p>Amenazamos con volver a esta bodega, en breve os diremos el motivo.<\/p>\n\n\n\n<ul class=\"wp-block-gallery columns-3 is-cropped wp-block-gallery-1 is-layout-flex wp-block-gallery-is-layout-flex\"><li class=\"blocks-gallery-item\"><figure><img loading=\"lazy\" decoding=\"async\" width=\"700\" height=\"467\" src=\"https:\/\/www.huelvaysusfotografos.com\/wp-content\/uploads\/2020\/07\/DSC_2238.jpg\" alt=\"\" data-id=\"5700\" data-link=\"https:\/\/www.huelvaysusfotografos.com\/?attachment_id=5700\" class=\"wp-image-5700\" srcset=\"https:\/\/www.huelvaysusfotografos.com\/wp-content\/uploads\/2020\/07\/DSC_2238.jpg 700w, https:\/\/www.huelvaysusfotografos.com\/wp-content\/uploads\/2020\/07\/DSC_2238-300x200.jpg 300w, https:\/\/www.huelvaysusfotografos.com\/wp-content\/uploads\/2020\/07\/DSC_2238-120x80.jpg 120w\" sizes=\"auto, (max-width: 700px) 100vw, 700px\" \/><\/figure><\/li><li class=\"blocks-gallery-item\"><figure><img loading=\"lazy\" decoding=\"async\" width=\"700\" height=\"467\" src=\"https:\/\/www.huelvaysusfotografos.com\/wp-content\/uploads\/2020\/07\/DSC_2385.jpg\" alt=\"\" data-id=\"5701\" data-link=\"https:\/\/www.huelvaysusfotografos.com\/?attachment_id=5701\" class=\"wp-image-5701\" srcset=\"https:\/\/www.huelvaysusfotografos.com\/wp-content\/uploads\/2020\/07\/DSC_2385.jpg 700w, https:\/\/www.huelvaysusfotografos.com\/wp-content\/uploads\/2020\/07\/DSC_2385-300x200.jpg 300w, https:\/\/www.huelvaysusfotografos.com\/wp-content\/uploads\/2020\/07\/DSC_2385-120x80.jpg 120w\" sizes=\"auto, (max-width: 700px) 100vw, 700px\" \/><\/figure><\/li><li class=\"blocks-gallery-item\"><figure><img loading=\"lazy\" decoding=\"async\" width=\"700\" height=\"467\" src=\"https:\/\/www.huelvaysusfotografos.com\/wp-content\/uploads\/2020\/07\/DSC_2388.jpg\" alt=\"\" data-id=\"5702\" data-link=\"https:\/\/www.huelvaysusfotografos.com\/?attachment_id=5702\" class=\"wp-image-5702\" srcset=\"https:\/\/www.huelvaysusfotografos.com\/wp-content\/uploads\/2020\/07\/DSC_2388.jpg 700w, https:\/\/www.huelvaysusfotografos.com\/wp-content\/uploads\/2020\/07\/DSC_2388-300x200.jpg 300w, https:\/\/www.huelvaysusfotografos.com\/wp-content\/uploads\/2020\/07\/DSC_2388-120x80.jpg 120w\" sizes=\"auto, (max-width: 700px) 100vw, 700px\" \/><\/figure><\/li><li class=\"blocks-gallery-item\"><figure><img loading=\"lazy\" decoding=\"async\" width=\"700\" height=\"467\" src=\"https:\/\/www.huelvaysusfotografos.com\/wp-content\/uploads\/2020\/07\/DSC_2393.jpg\" alt=\"\" data-id=\"5703\" data-link=\"https:\/\/www.huelvaysusfotografos.com\/?attachment_id=5703\" class=\"wp-image-5703\" srcset=\"https:\/\/www.huelvaysusfotografos.com\/wp-content\/uploads\/2020\/07\/DSC_2393.jpg 700w, https:\/\/www.huelvaysusfotografos.com\/wp-content\/uploads\/2020\/07\/DSC_2393-300x200.jpg 300w, https:\/\/www.huelvaysusfotografos.com\/wp-content\/uploads\/2020\/07\/DSC_2393-120x80.jpg 120w\" sizes=\"auto, (max-width: 700px) 100vw, 700px\" \/><\/figure><\/li><li class=\"blocks-gallery-item\"><figure><img loading=\"lazy\" decoding=\"async\" width=\"700\" height=\"467\" src=\"https:\/\/www.huelvaysusfotografos.com\/wp-content\/uploads\/2020\/07\/DSC_2395.jpg\" alt=\"\" data-id=\"5704\" data-link=\"https:\/\/www.huelvaysusfotografos.com\/?attachment_id=5704\" class=\"wp-image-5704\" srcset=\"https:\/\/www.huelvaysusfotografos.com\/wp-content\/uploads\/2020\/07\/DSC_2395.jpg 700w, https:\/\/www.huelvaysusfotografos.com\/wp-content\/uploads\/2020\/07\/DSC_2395-300x200.jpg 300w, https:\/\/www.huelvaysusfotografos.com\/wp-content\/uploads\/2020\/07\/DSC_2395-120x80.jpg 120w\" sizes=\"auto, (max-width: 700px) 100vw, 700px\" \/><\/figure><\/li><li class=\"blocks-gallery-item\"><figure><img loading=\"lazy\" decoding=\"async\" width=\"700\" height=\"467\" src=\"https:\/\/www.huelvaysusfotografos.com\/wp-content\/uploads\/2020\/07\/DSC_2396.jpg\" alt=\"\" data-id=\"5705\" data-link=\"https:\/\/www.huelvaysusfotografos.com\/?attachment_id=5705\" class=\"wp-image-5705\" srcset=\"https:\/\/www.huelvaysusfotografos.com\/wp-content\/uploads\/2020\/07\/DSC_2396.jpg 700w, https:\/\/www.huelvaysusfotografos.com\/wp-content\/uploads\/2020\/07\/DSC_2396-300x200.jpg 300w, https:\/\/www.huelvaysusfotografos.com\/wp-content\/uploads\/2020\/07\/DSC_2396-120x80.jpg 120w\" sizes=\"auto, (max-width: 700px) 100vw, 700px\" \/><\/figure><\/li><li class=\"blocks-gallery-item\"><figure><img loading=\"lazy\" decoding=\"async\" width=\"700\" height=\"467\" src=\"https:\/\/www.huelvaysusfotografos.com\/wp-content\/uploads\/2020\/07\/DSC_2397.jpg\" alt=\"\" data-id=\"5706\" data-link=\"https:\/\/www.huelvaysusfotografos.com\/?attachment_id=5706\" class=\"wp-image-5706\" srcset=\"https:\/\/www.huelvaysusfotografos.com\/wp-content\/uploads\/2020\/07\/DSC_2397.jpg 700w, https:\/\/www.huelvaysusfotografos.com\/wp-content\/uploads\/2020\/07\/DSC_2397-300x200.jpg 300w, https:\/\/www.huelvaysusfotografos.com\/wp-content\/uploads\/2020\/07\/DSC_2397-120x80.jpg 120w\" sizes=\"auto, (max-width: 700px) 100vw, 700px\" \/><\/figure><\/li><li class=\"blocks-gallery-item\"><figure><img loading=\"lazy\" decoding=\"async\" width=\"700\" height=\"467\" src=\"https:\/\/www.huelvaysusfotografos.com\/wp-content\/uploads\/2020\/07\/DSC_2398.jpg\" alt=\"\" data-id=\"5707\" data-link=\"https:\/\/www.huelvaysusfotografos.com\/?attachment_id=5707\" class=\"wp-image-5707\" srcset=\"https:\/\/www.huelvaysusfotografos.com\/wp-content\/uploads\/2020\/07\/DSC_2398.jpg 700w, https:\/\/www.huelvaysusfotografos.com\/wp-content\/uploads\/2020\/07\/DSC_2398-300x200.jpg 300w, https:\/\/www.huelvaysusfotografos.com\/wp-content\/uploads\/2020\/07\/DSC_2398-120x80.jpg 120w\" sizes=\"auto, (max-width: 700px) 100vw, 700px\" \/><\/figure><\/li><li class=\"blocks-gallery-item\"><figure><img loading=\"lazy\" decoding=\"async\" width=\"467\" height=\"700\" src=\"https:\/\/www.huelvaysusfotografos.com\/wp-content\/uploads\/2020\/07\/DSC_2401.jpg\" alt=\"\" data-id=\"5708\" data-link=\"https:\/\/www.huelvaysusfotografos.com\/?attachment_id=5708\" class=\"wp-image-5708\" srcset=\"https:\/\/www.huelvaysusfotografos.com\/wp-content\/uploads\/2020\/07\/DSC_2401.jpg 467w, https:\/\/www.huelvaysusfotografos.com\/wp-content\/uploads\/2020\/07\/DSC_2401-200x300.jpg 200w\" sizes=\"auto, (max-width: 467px) 100vw, 467px\" \/><\/figure><\/li><li class=\"blocks-gallery-item\"><figure><img loading=\"lazy\" decoding=\"async\" width=\"700\" height=\"467\" src=\"https:\/\/www.huelvaysusfotografos.com\/wp-content\/uploads\/2020\/07\/DSC_2402.jpg\" alt=\"\" data-id=\"5709\" data-link=\"https:\/\/www.huelvaysusfotografos.com\/?attachment_id=5709\" class=\"wp-image-5709\" srcset=\"https:\/\/www.huelvaysusfotografos.com\/wp-content\/uploads\/2020\/07\/DSC_2402.jpg 700w, https:\/\/www.huelvaysusfotografos.com\/wp-content\/uploads\/2020\/07\/DSC_2402-300x200.jpg 300w, https:\/\/www.huelvaysusfotografos.com\/wp-content\/uploads\/2020\/07\/DSC_2402-120x80.jpg 120w\" sizes=\"auto, (max-width: 700px) 100vw, 700px\" \/><\/figure><\/li><li class=\"blocks-gallery-item\"><figure><img loading=\"lazy\" decoding=\"async\" width=\"700\" height=\"467\" src=\"https:\/\/www.huelvaysusfotografos.com\/wp-content\/uploads\/2020\/07\/DSC_2404.jpg\" alt=\"\" data-id=\"5711\" data-link=\"https:\/\/www.huelvaysusfotografos.com\/?attachment_id=5711\" class=\"wp-image-5711\" srcset=\"https:\/\/www.huelvaysusfotografos.com\/wp-content\/uploads\/2020\/07\/DSC_2404.jpg 700w, https:\/\/www.huelvaysusfotografos.com\/wp-content\/uploads\/2020\/07\/DSC_2404-300x200.jpg 300w, https:\/\/www.huelvaysusfotografos.com\/wp-content\/uploads\/2020\/07\/DSC_2404-120x80.jpg 120w\" sizes=\"auto, (max-width: 700px) 100vw, 700px\" \/><\/figure><\/li><li class=\"blocks-gallery-item\"><figure><img loading=\"lazy\" decoding=\"async\" width=\"700\" height=\"467\" src=\"https:\/\/www.huelvaysusfotografos.com\/wp-content\/uploads\/2020\/07\/DSC_2405.jpg\" alt=\"\" data-id=\"5712\" data-link=\"https:\/\/www.huelvaysusfotografos.com\/?attachment_id=5712\" class=\"wp-image-5712\" srcset=\"https:\/\/www.huelvaysusfotografos.com\/wp-content\/uploads\/2020\/07\/DSC_2405.jpg 700w, https:\/\/www.huelvaysusfotografos.com\/wp-content\/uploads\/2020\/07\/DSC_2405-300x200.jpg 300w, https:\/\/www.huelvaysusfotografos.com\/wp-content\/uploads\/2020\/07\/DSC_2405-120x80.jpg 120w\" sizes=\"auto, (max-width: 700px) 100vw, 700px\" \/><\/figure><\/li><li class=\"blocks-gallery-item\"><figure><img loading=\"lazy\" decoding=\"async\" width=\"700\" height=\"467\" src=\"https:\/\/www.huelvaysusfotografos.com\/wp-content\/uploads\/2020\/07\/DSC_2407.jpg\" alt=\"\" data-id=\"5714\" data-link=\"https:\/\/www.huelvaysusfotografos.com\/?attachment_id=5714\" class=\"wp-image-5714\" srcset=\"https:\/\/www.huelvaysusfotografos.com\/wp-content\/uploads\/2020\/07\/DSC_2407.jpg 700w, https:\/\/www.huelvaysusfotografos.com\/wp-content\/uploads\/2020\/07\/DSC_2407-300x200.jpg 300w, https:\/\/www.huelvaysusfotografos.com\/wp-content\/uploads\/2020\/07\/DSC_2407-120x80.jpg 120w\" sizes=\"auto, (max-width: 700px) 100vw, 700px\" \/><\/figure><\/li><li class=\"blocks-gallery-item\"><figure><img loading=\"lazy\" decoding=\"async\" width=\"700\" height=\"467\" src=\"https:\/\/www.huelvaysusfotografos.com\/wp-content\/uploads\/2020\/07\/DSC_2409.jpg\" alt=\"\" data-id=\"5715\" data-link=\"https:\/\/www.huelvaysusfotografos.com\/?attachment_id=5715\" class=\"wp-image-5715\" srcset=\"https:\/\/www.huelvaysusfotografos.com\/wp-content\/uploads\/2020\/07\/DSC_2409.jpg 700w, https:\/\/www.huelvaysusfotografos.com\/wp-content\/uploads\/2020\/07\/DSC_2409-300x200.jpg 300w, https:\/\/www.huelvaysusfotografos.com\/wp-content\/uploads\/2020\/07\/DSC_2409-120x80.jpg 120w\" sizes=\"auto, (max-width: 700px) 100vw, 700px\" \/><\/figure><\/li><li class=\"blocks-gallery-item\"><figure><img loading=\"lazy\" decoding=\"async\" width=\"700\" height=\"467\" src=\"https:\/\/www.huelvaysusfotografos.com\/wp-content\/uploads\/2020\/07\/DSC_2411.jpg\" alt=\"\" data-id=\"5716\" data-link=\"https:\/\/www.huelvaysusfotografos.com\/?attachment_id=5716\" class=\"wp-image-5716\" srcset=\"https:\/\/www.huelvaysusfotografos.com\/wp-content\/uploads\/2020\/07\/DSC_2411.jpg 700w, https:\/\/www.huelvaysusfotografos.com\/wp-content\/uploads\/2020\/07\/DSC_2411-300x200.jpg 300w, https:\/\/www.huelvaysusfotografos.com\/wp-content\/uploads\/2020\/07\/DSC_2411-120x80.jpg 120w\" sizes=\"auto, (max-width: 700px) 100vw, 700px\" \/><\/figure><\/li><li class=\"blocks-gallery-item\"><figure><img loading=\"lazy\" decoding=\"async\" width=\"700\" height=\"467\" src=\"https:\/\/www.huelvaysusfotografos.com\/wp-content\/uploads\/2020\/07\/DSC_2414.jpg\" alt=\"\" data-id=\"5717\" data-link=\"https:\/\/www.huelvaysusfotografos.com\/?attachment_id=5717\" class=\"wp-image-5717\" srcset=\"https:\/\/www.huelvaysusfotografos.com\/wp-content\/uploads\/2020\/07\/DSC_2414.jpg 700w, https:\/\/www.huelvaysusfotografos.com\/wp-content\/uploads\/2020\/07\/DSC_2414-300x200.jpg 300w, https:\/\/www.huelvaysusfotografos.com\/wp-content\/uploads\/2020\/07\/DSC_2414-120x80.jpg 120w\" sizes=\"auto, (max-width: 700px) 100vw, 700px\" \/><\/figure><\/li><li class=\"blocks-gallery-item\"><figure><img loading=\"lazy\" decoding=\"async\" width=\"700\" height=\"467\" src=\"https:\/\/www.huelvaysusfotografos.com\/wp-content\/uploads\/2020\/07\/DSC_2415.jpg\" alt=\"\" data-id=\"5718\" data-link=\"https:\/\/www.huelvaysusfotografos.com\/?attachment_id=5718\" class=\"wp-image-5718\" srcset=\"https:\/\/www.huelvaysusfotografos.com\/wp-content\/uploads\/2020\/07\/DSC_2415.jpg 700w, https:\/\/www.huelvaysusfotografos.com\/wp-content\/uploads\/2020\/07\/DSC_2415-300x200.jpg 300w, https:\/\/www.huelvaysusfotografos.com\/wp-content\/uploads\/2020\/07\/DSC_2415-120x80.jpg 120w\" sizes=\"auto, (max-width: 700px) 100vw, 700px\" \/><\/figure><\/li><li class=\"blocks-gallery-item\"><figure><img loading=\"lazy\" decoding=\"async\" width=\"700\" height=\"467\" src=\"https:\/\/www.huelvaysusfotografos.com\/wp-content\/uploads\/2020\/07\/DSC_2416.jpg\" alt=\"\" data-id=\"5719\" data-link=\"https:\/\/www.huelvaysusfotografos.com\/?attachment_id=5719\" class=\"wp-image-5719\" srcset=\"https:\/\/www.huelvaysusfotografos.com\/wp-content\/uploads\/2020\/07\/DSC_2416.jpg 700w, https:\/\/www.huelvaysusfotografos.com\/wp-content\/uploads\/2020\/07\/DSC_2416-300x200.jpg 300w, https:\/\/www.huelvaysusfotografos.com\/wp-content\/uploads\/2020\/07\/DSC_2416-120x80.jpg 120w\" sizes=\"auto, (max-width: 700px) 100vw, 700px\" \/><\/figure><\/li><li class=\"blocks-gallery-item\"><figure><img loading=\"lazy\" decoding=\"async\" width=\"700\" height=\"467\" src=\"https:\/\/www.huelvaysusfotografos.com\/wp-content\/uploads\/2020\/07\/DSC_2420.jpg\" alt=\"\" data-id=\"5720\" data-link=\"https:\/\/www.huelvaysusfotografos.com\/?attachment_id=5720\" class=\"wp-image-5720\" srcset=\"https:\/\/www.huelvaysusfotografos.com\/wp-content\/uploads\/2020\/07\/DSC_2420.jpg 700w, https:\/\/www.huelvaysusfotografos.com\/wp-content\/uploads\/2020\/07\/DSC_2420-300x200.jpg 300w, https:\/\/www.huelvaysusfotografos.com\/wp-content\/uploads\/2020\/07\/DSC_2420-120x80.jpg 120w\" sizes=\"auto, (max-width: 700px) 100vw, 700px\" \/><\/figure><\/li><li class=\"blocks-gallery-item\"><figure><img loading=\"lazy\" decoding=\"async\" width=\"700\" height=\"467\" src=\"https:\/\/www.huelvaysusfotografos.com\/wp-content\/uploads\/2020\/07\/DSC_2421.jpg\" alt=\"\" data-id=\"5721\" data-link=\"https:\/\/www.huelvaysusfotografos.com\/?attachment_id=5721\" class=\"wp-image-5721\" srcset=\"https:\/\/www.huelvaysusfotografos.com\/wp-content\/uploads\/2020\/07\/DSC_2421.jpg 700w, https:\/\/www.huelvaysusfotografos.com\/wp-content\/uploads\/2020\/07\/DSC_2421-300x200.jpg 300w, https:\/\/www.huelvaysusfotografos.com\/wp-content\/uploads\/2020\/07\/DSC_2421-120x80.jpg 120w\" sizes=\"auto, (max-width: 700px) 100vw, 700px\" \/><\/figure><\/li><li class=\"blocks-gallery-item\"><figure><img loading=\"lazy\" decoding=\"async\" width=\"700\" height=\"467\" src=\"https:\/\/www.huelvaysusfotografos.com\/wp-content\/uploads\/2020\/07\/DSC_2422.jpg\" alt=\"\" data-id=\"5722\" data-link=\"https:\/\/www.huelvaysusfotografos.com\/?attachment_id=5722\" class=\"wp-image-5722\" srcset=\"https:\/\/www.huelvaysusfotografos.com\/wp-content\/uploads\/2020\/07\/DSC_2422.jpg 700w, https:\/\/www.huelvaysusfotografos.com\/wp-content\/uploads\/2020\/07\/DSC_2422-300x200.jpg 300w, https:\/\/www.huelvaysusfotografos.com\/wp-content\/uploads\/2020\/07\/DSC_2422-120x80.jpg 120w\" sizes=\"auto, (max-width: 700px) 100vw, 700px\" \/><\/figure><\/li><li class=\"blocks-gallery-item\"><figure><img loading=\"lazy\" decoding=\"async\" width=\"700\" height=\"467\" src=\"https:\/\/www.huelvaysusfotografos.com\/wp-content\/uploads\/2020\/07\/DSC_2423.jpg\" alt=\"\" data-id=\"5723\" data-link=\"https:\/\/www.huelvaysusfotografos.com\/?attachment_id=5723\" class=\"wp-image-5723\" srcset=\"https:\/\/www.huelvaysusfotografos.com\/wp-content\/uploads\/2020\/07\/DSC_2423.jpg 700w, https:\/\/www.huelvaysusfotografos.com\/wp-content\/uploads\/2020\/07\/DSC_2423-300x200.jpg 300w, https:\/\/www.huelvaysusfotografos.com\/wp-content\/uploads\/2020\/07\/DSC_2423-120x80.jpg 120w\" sizes=\"auto, (max-width: 700px) 100vw, 700px\" \/><\/figure><\/li><li class=\"blocks-gallery-item\"><figure><img loading=\"lazy\" decoding=\"async\" width=\"700\" height=\"467\" src=\"https:\/\/www.huelvaysusfotografos.com\/wp-content\/uploads\/2020\/07\/DSC_2424.jpg\" alt=\"\" data-id=\"5724\" data-link=\"https:\/\/www.huelvaysusfotografos.com\/?attachment_id=5724\" class=\"wp-image-5724\" srcset=\"https:\/\/www.huelvaysusfotografos.com\/wp-content\/uploads\/2020\/07\/DSC_2424.jpg 700w, https:\/\/www.huelvaysusfotografos.com\/wp-content\/uploads\/2020\/07\/DSC_2424-300x200.jpg 300w, https:\/\/www.huelvaysusfotografos.com\/wp-content\/uploads\/2020\/07\/DSC_2424-120x80.jpg 120w\" sizes=\"auto, (max-width: 700px) 100vw, 700px\" \/><\/figure><\/li><li class=\"blocks-gallery-item\"><figure><img loading=\"lazy\" decoding=\"async\" width=\"700\" height=\"467\" src=\"https:\/\/www.huelvaysusfotografos.com\/wp-content\/uploads\/2020\/07\/DSC_2425.jpg\" alt=\"\" data-id=\"5725\" data-link=\"https:\/\/www.huelvaysusfotografos.com\/?attachment_id=5725\" class=\"wp-image-5725\" srcset=\"https:\/\/www.huelvaysusfotografos.com\/wp-content\/uploads\/2020\/07\/DSC_2425.jpg 700w, https:\/\/www.huelvaysusfotografos.com\/wp-content\/uploads\/2020\/07\/DSC_2425-300x200.jpg 300w, https:\/\/www.huelvaysusfotografos.com\/wp-content\/uploads\/2020\/07\/DSC_2425-120x80.jpg 120w\" sizes=\"auto, (max-width: 700px) 100vw, 700px\" \/><\/figure><\/li><\/ul>\n\n\n\n<ul class=\"wp-block-gallery columns-2 is-cropped wp-block-gallery-2 is-layout-flex wp-block-gallery-is-layout-flex\"><li class=\"blocks-gallery-item\"><figure><img loading=\"lazy\" decoding=\"async\" width=\"1024\" height=\"768\" src=\"https:\/\/www.huelvaysusfotografos.com\/wp-content\/uploads\/2020\/07\/GRUPAL-DE-CAYETANO-BURGOS-1-1024x768.jpg\" alt=\"\" data-id=\"5726\" data-link=\"https:\/\/www.huelvaysusfotografos.com\/?attachment_id=5726\" class=\"wp-image-5726\" srcset=\"https:\/\/www.huelvaysusfotografos.com\/wp-content\/uploads\/2020\/07\/GRUPAL-DE-CAYETANO-BURGOS-1-1024x768.jpg 1024w, https:\/\/www.huelvaysusfotografos.com\/wp-content\/uploads\/2020\/07\/GRUPAL-DE-CAYETANO-BURGOS-1-300x225.jpg 300w, https:\/\/www.huelvaysusfotografos.com\/wp-content\/uploads\/2020\/07\/GRUPAL-DE-CAYETANO-BURGOS-1-768x576.jpg 768w, https:\/\/www.huelvaysusfotografos.com\/wp-content\/uploads\/2020\/07\/GRUPAL-DE-CAYETANO-BURGOS-1-1536x1152.jpg 1536w, https:\/\/www.huelvaysusfotografos.com\/wp-content\/uploads\/2020\/07\/GRUPAL-DE-CAYETANO-BURGOS-1-160x120.jpg 160w, https:\/\/www.huelvaysusfotografos.com\/wp-content\/uploads\/2020\/07\/GRUPAL-DE-CAYETANO-BURGOS-1.jpg 1600w\" sizes=\"auto, (max-width: 1024px) 100vw, 1024px\" \/><\/figure><\/li><li class=\"blocks-gallery-item\"><figure><img loading=\"lazy\" decoding=\"async\" width=\"1024\" height=\"1024\" src=\"https:\/\/www.huelvaysusfotografos.com\/wp-content\/uploads\/2020\/07\/DEGUSTACION-BODEGA-1-1024x1024.jpg\" alt=\"\" data-id=\"5727\" data-link=\"https:\/\/www.huelvaysusfotografos.com\/?attachment_id=5727\" class=\"wp-image-5727\" srcset=\"https:\/\/www.huelvaysusfotografos.com\/wp-content\/uploads\/2020\/07\/DEGUSTACION-BODEGA-1-1024x1024.jpg 1024w, https:\/\/www.huelvaysusfotografos.com\/wp-content\/uploads\/2020\/07\/DEGUSTACION-BODEGA-1-300x300.jpg 300w, https:\/\/www.huelvaysusfotografos.com\/wp-content\/uploads\/2020\/07\/DEGUSTACION-BODEGA-1-150x150.jpg 150w, https:\/\/www.huelvaysusfotografos.com\/wp-content\/uploads\/2020\/07\/DEGUSTACION-BODEGA-1-768x768.jpg 768w, https:\/\/www.huelvaysusfotografos.com\/wp-content\/uploads\/2020\/07\/DEGUSTACION-BODEGA-1-1536x1536.jpg 1536w, https:\/\/www.huelvaysusfotografos.com\/wp-content\/uploads\/2020\/07\/DEGUSTACION-BODEGA-1-50x50.jpg 50w, https:\/\/www.huelvaysusfotografos.com\/wp-content\/uploads\/2020\/07\/DEGUSTACION-BODEGA-1-186x186.jpg 186w, https:\/\/www.huelvaysusfotografos.com\/wp-content\/uploads\/2020\/07\/DEGUSTACION-BODEGA-1.jpg 1600w\" sizes=\"auto, (max-width: 1024px) 100vw, 1024px\" \/><\/figure><\/li><\/ul>\n","protected":false},"excerpt":{"rendered":"<p>El s\u00e1bado 11 de julio, la Asociaci\u00f3n Huelva y sus fot\u00f3grafos realizaban su primera salida grupal, tras el confinamiento. Una actividad fotogr\u00e1fica, cultural y enol\u00f3gica en una de las bodegas m\u00e1s antiguas del condado de Huelva. Bodega de tercera generaci\u00f3n que dirige magistralmente Manuel Iglesias, un extraordinario anfitri\u00f3n y mejor comunicador, que nos hizo pasar una jornada inolvidable, llena de cultura, sapiencia del mundo del vino, regadas con mil an\u00e9cdotas,<\/p>\n<div class=\"belowpost\"><a class=\"btnmore\" href=\"https:\/\/www.huelvaysusfotografos.com\/?p=5697\">Seguir leyendo<\/a><\/div>\n","protected":false},"author":8279,"featured_media":5698,"comment_status":"open","ping_status":"open","sticky":false,"template":"","format":"standard","meta":{"footnotes":"","_links_to":"","_links_to_target":""},"categories":[4,6],"tags":[],"class_list":["post-5697","post","type-post","status-publish","format-standard","has-post-thumbnail","hentry","category-actividades","category-quedadas"],"_links":{"self":[{"href":"https:\/\/www.huelvaysusfotografos.com\/index.php?rest_route=\/wp\/v2\/posts\/5697","targetHints":{"allow":["GET"]}}],"collection":[{"href":"https:\/\/www.huelvaysusfotografos.com\/index.php?rest_route=\/wp\/v2\/posts"}],"about":[{"href":"https:\/\/www.huelvaysusfotografos.com\/index.php?rest_route=\/wp\/v2\/types\/post"}],"author":[{"embeddable":true,"href":"https:\/\/www.huelvaysusfotografos.com\/index.php?rest_route=\/wp\/v2\/users\/8279"}],"replies":[{"embeddable":true,"href":"https:\/\/www.huelvaysusfotografos.com\/index.php?rest_route=%2Fwp%2Fv2%2Fcomments&post=5697"}],"version-history":[{"count":2,"href":"https:\/\/www.huelvaysusfotografos.com\/index.php?rest_route=\/wp\/v2\/posts\/5697\/revisions"}],"predecessor-version":[{"id":5728,"href":"https:\/\/www.huelvaysusfotografos.com\/index.php?rest_route=\/wp\/v2\/posts\/5697\/revisions\/5728"}],"wp:featuredmedia":[{"embeddable":true,"href":"https:\/\/www.huelvaysusfotografos.com\/index.php?rest_route=\/wp\/v2\/media\/5698"}],"wp:attachment":[{"href":"https:\/\/www.huelvaysusfotografos.com\/index.php?rest_route=%2Fwp%2Fv2%2Fmedia&parent=5697"}],"wp:term":[{"taxonomy":"category","embeddable":true,"href":"https:\/\/www.huelvaysusfotografos.com\/index.php?rest_route=%2Fwp%2Fv2%2Fcategories&post=5697"},{"taxonomy":"post_tag","embeddable":true,"href":"https:\/\/www.huelvaysusfotografos.com\/index.php?rest_route=%2Fwp%2Fv2%2Ftags&post=5697"}],"curies":[{"name":"wp","href":"https:\/\/api.w.org\/{rel}","templated":true}]}}