{"id":5679,"date":"2020-07-02T20:14:25","date_gmt":"2020-07-02T18:14:25","guid":{"rendered":"http:\/\/www.huelvaysusfotografos.com\/?p=5679"},"modified":"2020-07-02T20:14:27","modified_gmt":"2020-07-02T18:14:27","slug":"los-miembros-de-la-asociacion-huelva-y-sus-fotografos-entregan-sus-obras-en-el-otono-cultural","status":"publish","type":"post","link":"https:\/\/www.huelvaysusfotografos.com\/?p=5679","title":{"rendered":"Los miembros de la Asociaci\u00f3n Huelva y sus fot\u00f3grafos entregan sus obras en el Oto\u00f1o Cultural."},"content":{"rendered":"\n<p>En la ma\u00f1ana de hoy jueves 2 de\njulio en el centro cultural Valdocco de la capital onubense un nutrido grupo de\nartistas, empresas colaboradores, asociaciones y particulares se daban cita en\neste evento solidario para recaudar fondos para obras sociales.<\/p>\n\n\n\n<p>Un total de 99 artistas que han\ndonado 136 obras para la causa, alcanzando un gran n\u00famero de compras de las\nmismas en torno a 115 obras y recaudaci\u00f3n rondando los veinticuatro mil euros. <\/p>\n\n\n\n<p>Sin duda alguna un gran \u00e9xito,\ntanto de participaci\u00f3n como de adquirientes solidarios los que han hecho que\ntodo esto sea posible. <\/p>\n\n\n\n<p>Dar las gracias a los socios\nque han participado en esta iniciativa, pues todos ellos han podido vender sus\nobras. <\/p>\n\n\n\n<p>Los autores de las obras\nfotogr\u00e1ficas son&nbsp;<strong><em>Sonia Herencia Anillo, Carmen Torres Chaguaceda,\nFlor N\u00fa\u00f1ez Nieto, Francisco Gil Salguero, Jos\u00e9 M. Orube Miguel, Jos\u00e9 Luis\nArizmendi Llanes, Narciso Perera Ant\u00fanez, Jer\u00f3nimo Carrasco Brejano, Cayetano\nBurgos Mazo y Abdellah Doulfikar Moutassim.<\/em><\/strong><\/p>\n\n\n\n<p>Las personas que se adjudicaron\nlas obras podr\u00e1n se\u00f1alar a qu\u00e9 entidades ben\u00e9ficas se destinar\u00e1n los fondos\nrecaudados entre una relaci\u00f3n en las que se encuentran, entre otras,&nbsp;<strong><em>Banco\nde Alimentos de Huelva, Fundaci\u00f3n Valdocco, Cruz Roja Huelva, Asociaci\u00f3n\nEspa\u00f1ola Contra el C\u00e1ncer, Asociaci\u00f3n Anumayores, C\u00e1ritas, Asociaci\u00f3n Madre\nCoraje Huelva\u2026<\/em><\/strong><\/p>\n\n\n\n<p>En nombre de la Asociaci\u00f3n Huelva y sus Fot\u00f3grafos damos las gracias al Oto\u00f1o Cultural Solidario por contar con nosotros para este proyecto solidario.<\/p>\n\n\n\n<p>Fotos Juanmi Canterla<\/p>\n\n\n\n<ul class=\"wp-block-gallery columns-3 is-cropped wp-block-gallery-1 is-layout-flex wp-block-gallery-is-layout-flex\"><li class=\"blocks-gallery-item\"><figure><img loading=\"lazy\" decoding=\"async\" width=\"1024\" height=\"671\" src=\"https:\/\/www.huelvaysusfotografos.com\/wp-content\/uploads\/2020\/07\/2020.07.02-Oto\u00f1o-cultural-Valdocco4-1024x671.jpg\" alt=\"\" data-id=\"5681\" data-link=\"https:\/\/www.huelvaysusfotografos.com\/?attachment_id=5681\" class=\"wp-image-5681\" srcset=\"https:\/\/www.huelvaysusfotografos.com\/wp-content\/uploads\/2020\/07\/2020.07.02-Oto\u00f1o-cultural-Valdocco4-1024x671.jpg 1024w, https:\/\/www.huelvaysusfotografos.com\/wp-content\/uploads\/2020\/07\/2020.07.02-Oto\u00f1o-cultural-Valdocco4-300x197.jpg 300w, https:\/\/www.huelvaysusfotografos.com\/wp-content\/uploads\/2020\/07\/2020.07.02-Oto\u00f1o-cultural-Valdocco4-768x503.jpg 768w, https:\/\/www.huelvaysusfotografos.com\/wp-content\/uploads\/2020\/07\/2020.07.02-Oto\u00f1o-cultural-Valdocco4-1536x1007.jpg 1536w, https:\/\/www.huelvaysusfotografos.com\/wp-content\/uploads\/2020\/07\/2020.07.02-Oto\u00f1o-cultural-Valdocco4-2048x1342.jpg 2048w, https:\/\/www.huelvaysusfotografos.com\/wp-content\/uploads\/2020\/07\/2020.07.02-Oto\u00f1o-cultural-Valdocco4-120x80.jpg 120w\" sizes=\"auto, (max-width: 1024px) 100vw, 1024px\" \/><\/figure><\/li><li class=\"blocks-gallery-item\"><figure><img loading=\"lazy\" decoding=\"async\" width=\"1024\" height=\"653\" src=\"https:\/\/www.huelvaysusfotografos.com\/wp-content\/uploads\/2020\/07\/2020.07.02-Oto\u00f1o-cultural-Valdocco6-1024x653.jpg\" alt=\"\" data-id=\"5682\" data-link=\"https:\/\/www.huelvaysusfotografos.com\/?attachment_id=5682\" class=\"wp-image-5682\" srcset=\"https:\/\/www.huelvaysusfotografos.com\/wp-content\/uploads\/2020\/07\/2020.07.02-Oto\u00f1o-cultural-Valdocco6-1024x653.jpg 1024w, https:\/\/www.huelvaysusfotografos.com\/wp-content\/uploads\/2020\/07\/2020.07.02-Oto\u00f1o-cultural-Valdocco6-300x191.jpg 300w, https:\/\/www.huelvaysusfotografos.com\/wp-content\/uploads\/2020\/07\/2020.07.02-Oto\u00f1o-cultural-Valdocco6-768x490.jpg 768w, https:\/\/www.huelvaysusfotografos.com\/wp-content\/uploads\/2020\/07\/2020.07.02-Oto\u00f1o-cultural-Valdocco6-1536x980.jpg 1536w, https:\/\/www.huelvaysusfotografos.com\/wp-content\/uploads\/2020\/07\/2020.07.02-Oto\u00f1o-cultural-Valdocco6-2048x1306.jpg 2048w\" sizes=\"auto, (max-width: 1024px) 100vw, 1024px\" \/><\/figure><\/li><li class=\"blocks-gallery-item\"><figure><img loading=\"lazy\" decoding=\"async\" width=\"1024\" height=\"671\" src=\"https:\/\/www.huelvaysusfotografos.com\/wp-content\/uploads\/2020\/07\/2020.07.02-Oto\u00f1o-cultural-Valdocco11-1024x671.jpg\" alt=\"\" data-id=\"5683\" data-link=\"https:\/\/www.huelvaysusfotografos.com\/?attachment_id=5683\" class=\"wp-image-5683\" srcset=\"https:\/\/www.huelvaysusfotografos.com\/wp-content\/uploads\/2020\/07\/2020.07.02-Oto\u00f1o-cultural-Valdocco11-1024x671.jpg 1024w, https:\/\/www.huelvaysusfotografos.com\/wp-content\/uploads\/2020\/07\/2020.07.02-Oto\u00f1o-cultural-Valdocco11-300x197.jpg 300w, https:\/\/www.huelvaysusfotografos.com\/wp-content\/uploads\/2020\/07\/2020.07.02-Oto\u00f1o-cultural-Valdocco11-768x503.jpg 768w, https:\/\/www.huelvaysusfotografos.com\/wp-content\/uploads\/2020\/07\/2020.07.02-Oto\u00f1o-cultural-Valdocco11-1536x1006.jpg 1536w, https:\/\/www.huelvaysusfotografos.com\/wp-content\/uploads\/2020\/07\/2020.07.02-Oto\u00f1o-cultural-Valdocco11-2048x1342.jpg 2048w, https:\/\/www.huelvaysusfotografos.com\/wp-content\/uploads\/2020\/07\/2020.07.02-Oto\u00f1o-cultural-Valdocco11-120x80.jpg 120w\" sizes=\"auto, (max-width: 1024px) 100vw, 1024px\" \/><\/figure><\/li><li class=\"blocks-gallery-item\"><figure><img loading=\"lazy\" decoding=\"async\" width=\"1024\" height=\"680\" src=\"https:\/\/www.huelvaysusfotografos.com\/wp-content\/uploads\/2020\/07\/2020.07.02-Oto\u00f1o-cultural-Valdocco12-1024x680.jpg\" alt=\"\" data-id=\"5684\" data-link=\"https:\/\/www.huelvaysusfotografos.com\/?attachment_id=5684\" class=\"wp-image-5684\" srcset=\"https:\/\/www.huelvaysusfotografos.com\/wp-content\/uploads\/2020\/07\/2020.07.02-Oto\u00f1o-cultural-Valdocco12-1024x680.jpg 1024w, https:\/\/www.huelvaysusfotografos.com\/wp-content\/uploads\/2020\/07\/2020.07.02-Oto\u00f1o-cultural-Valdocco12-300x199.jpg 300w, https:\/\/www.huelvaysusfotografos.com\/wp-content\/uploads\/2020\/07\/2020.07.02-Oto\u00f1o-cultural-Valdocco12-768x510.jpg 768w, https:\/\/www.huelvaysusfotografos.com\/wp-content\/uploads\/2020\/07\/2020.07.02-Oto\u00f1o-cultural-Valdocco12-1536x1020.jpg 1536w, https:\/\/www.huelvaysusfotografos.com\/wp-content\/uploads\/2020\/07\/2020.07.02-Oto\u00f1o-cultural-Valdocco12-2048x1360.jpg 2048w, https:\/\/www.huelvaysusfotografos.com\/wp-content\/uploads\/2020\/07\/2020.07.02-Oto\u00f1o-cultural-Valdocco12-120x80.jpg 120w\" sizes=\"auto, (max-width: 1024px) 100vw, 1024px\" \/><\/figure><\/li><li class=\"blocks-gallery-item\"><figure><img loading=\"lazy\" decoding=\"async\" width=\"1024\" height=\"673\" src=\"https:\/\/www.huelvaysusfotografos.com\/wp-content\/uploads\/2020\/07\/2020.07.02-Oto\u00f1o-cultural-Valdocco16-1024x673.jpg\" alt=\"\" data-id=\"5685\" data-link=\"https:\/\/www.huelvaysusfotografos.com\/?attachment_id=5685\" class=\"wp-image-5685\" srcset=\"https:\/\/www.huelvaysusfotografos.com\/wp-content\/uploads\/2020\/07\/2020.07.02-Oto\u00f1o-cultural-Valdocco16-1024x673.jpg 1024w, https:\/\/www.huelvaysusfotografos.com\/wp-content\/uploads\/2020\/07\/2020.07.02-Oto\u00f1o-cultural-Valdocco16-300x197.jpg 300w, https:\/\/www.huelvaysusfotografos.com\/wp-content\/uploads\/2020\/07\/2020.07.02-Oto\u00f1o-cultural-Valdocco16-768x504.jpg 768w, https:\/\/www.huelvaysusfotografos.com\/wp-content\/uploads\/2020\/07\/2020.07.02-Oto\u00f1o-cultural-Valdocco16-1536x1009.jpg 1536w, https:\/\/www.huelvaysusfotografos.com\/wp-content\/uploads\/2020\/07\/2020.07.02-Oto\u00f1o-cultural-Valdocco16-2048x1345.jpg 2048w, https:\/\/www.huelvaysusfotografos.com\/wp-content\/uploads\/2020\/07\/2020.07.02-Oto\u00f1o-cultural-Valdocco16-120x80.jpg 120w\" sizes=\"auto, (max-width: 1024px) 100vw, 1024px\" \/><\/figure><\/li><li class=\"blocks-gallery-item\"><figure><img loading=\"lazy\" decoding=\"async\" width=\"1024\" height=\"670\" src=\"https:\/\/www.huelvaysusfotografos.com\/wp-content\/uploads\/2020\/07\/2020.07.02-Oto\u00f1o-cultural-Valdocco21-1024x670.jpg\" alt=\"\" data-id=\"5686\" data-link=\"https:\/\/www.huelvaysusfotografos.com\/?attachment_id=5686\" class=\"wp-image-5686\" srcset=\"https:\/\/www.huelvaysusfotografos.com\/wp-content\/uploads\/2020\/07\/2020.07.02-Oto\u00f1o-cultural-Valdocco21-1024x670.jpg 1024w, https:\/\/www.huelvaysusfotografos.com\/wp-content\/uploads\/2020\/07\/2020.07.02-Oto\u00f1o-cultural-Valdocco21-300x196.jpg 300w, https:\/\/www.huelvaysusfotografos.com\/wp-content\/uploads\/2020\/07\/2020.07.02-Oto\u00f1o-cultural-Valdocco21-768x502.jpg 768w, https:\/\/www.huelvaysusfotografos.com\/wp-content\/uploads\/2020\/07\/2020.07.02-Oto\u00f1o-cultural-Valdocco21-1536x1004.jpg 1536w, https:\/\/www.huelvaysusfotografos.com\/wp-content\/uploads\/2020\/07\/2020.07.02-Oto\u00f1o-cultural-Valdocco21-2048x1339.jpg 2048w, https:\/\/www.huelvaysusfotografos.com\/wp-content\/uploads\/2020\/07\/2020.07.02-Oto\u00f1o-cultural-Valdocco21-120x80.jpg 120w\" sizes=\"auto, (max-width: 1024px) 100vw, 1024px\" \/><\/figure><\/li><li class=\"blocks-gallery-item\"><figure><img loading=\"lazy\" decoding=\"async\" width=\"1024\" height=\"683\" src=\"https:\/\/www.huelvaysusfotografos.com\/wp-content\/uploads\/2020\/07\/2020.07.02-Oto\u00f1o-cultural-Valdocco30-1024x683.jpg\" alt=\"\" data-id=\"5687\" data-link=\"https:\/\/www.huelvaysusfotografos.com\/?attachment_id=5687\" class=\"wp-image-5687\" srcset=\"https:\/\/www.huelvaysusfotografos.com\/wp-content\/uploads\/2020\/07\/2020.07.02-Oto\u00f1o-cultural-Valdocco30-1024x683.jpg 1024w, https:\/\/www.huelvaysusfotografos.com\/wp-content\/uploads\/2020\/07\/2020.07.02-Oto\u00f1o-cultural-Valdocco30-300x200.jpg 300w, https:\/\/www.huelvaysusfotografos.com\/wp-content\/uploads\/2020\/07\/2020.07.02-Oto\u00f1o-cultural-Valdocco30-768x512.jpg 768w, https:\/\/www.huelvaysusfotografos.com\/wp-content\/uploads\/2020\/07\/2020.07.02-Oto\u00f1o-cultural-Valdocco30-1536x1024.jpg 1536w, https:\/\/www.huelvaysusfotografos.com\/wp-content\/uploads\/2020\/07\/2020.07.02-Oto\u00f1o-cultural-Valdocco30-2048x1365.jpg 2048w, https:\/\/www.huelvaysusfotografos.com\/wp-content\/uploads\/2020\/07\/2020.07.02-Oto\u00f1o-cultural-Valdocco30-120x80.jpg 120w\" sizes=\"auto, (max-width: 1024px) 100vw, 1024px\" \/><\/figure><\/li><li class=\"blocks-gallery-item\"><figure><img loading=\"lazy\" decoding=\"async\" width=\"1024\" height=\"683\" src=\"https:\/\/www.huelvaysusfotografos.com\/wp-content\/uploads\/2020\/07\/2020.07.02-Oto\u00f1o-cultural-Valdocco26-1024x683.jpg\" alt=\"\" data-id=\"5689\" data-link=\"https:\/\/www.huelvaysusfotografos.com\/?attachment_id=5689\" class=\"wp-image-5689\" srcset=\"https:\/\/www.huelvaysusfotografos.com\/wp-content\/uploads\/2020\/07\/2020.07.02-Oto\u00f1o-cultural-Valdocco26-1024x683.jpg 1024w, https:\/\/www.huelvaysusfotografos.com\/wp-content\/uploads\/2020\/07\/2020.07.02-Oto\u00f1o-cultural-Valdocco26-300x200.jpg 300w, https:\/\/www.huelvaysusfotografos.com\/wp-content\/uploads\/2020\/07\/2020.07.02-Oto\u00f1o-cultural-Valdocco26-768x512.jpg 768w, https:\/\/www.huelvaysusfotografos.com\/wp-content\/uploads\/2020\/07\/2020.07.02-Oto\u00f1o-cultural-Valdocco26-1536x1024.jpg 1536w, https:\/\/www.huelvaysusfotografos.com\/wp-content\/uploads\/2020\/07\/2020.07.02-Oto\u00f1o-cultural-Valdocco26-2048x1365.jpg 2048w, https:\/\/www.huelvaysusfotografos.com\/wp-content\/uploads\/2020\/07\/2020.07.02-Oto\u00f1o-cultural-Valdocco26-120x80.jpg 120w\" sizes=\"auto, (max-width: 1024px) 100vw, 1024px\" \/><\/figure><\/li><li class=\"blocks-gallery-item\"><figure><img loading=\"lazy\" decoding=\"async\" width=\"1024\" height=\"657\" src=\"https:\/\/www.huelvaysusfotografos.com\/wp-content\/uploads\/2020\/07\/2020.07.02-Oto\u00f1o-cultural-Valdocco18-1024x657.jpg\" alt=\"\" data-id=\"5690\" data-link=\"https:\/\/www.huelvaysusfotografos.com\/?attachment_id=5690\" class=\"wp-image-5690\" srcset=\"https:\/\/www.huelvaysusfotografos.com\/wp-content\/uploads\/2020\/07\/2020.07.02-Oto\u00f1o-cultural-Valdocco18-1024x657.jpg 1024w, https:\/\/www.huelvaysusfotografos.com\/wp-content\/uploads\/2020\/07\/2020.07.02-Oto\u00f1o-cultural-Valdocco18-300x193.jpg 300w, https:\/\/www.huelvaysusfotografos.com\/wp-content\/uploads\/2020\/07\/2020.07.02-Oto\u00f1o-cultural-Valdocco18-768x493.jpg 768w, https:\/\/www.huelvaysusfotografos.com\/wp-content\/uploads\/2020\/07\/2020.07.02-Oto\u00f1o-cultural-Valdocco18-1536x986.jpg 1536w, https:\/\/www.huelvaysusfotografos.com\/wp-content\/uploads\/2020\/07\/2020.07.02-Oto\u00f1o-cultural-Valdocco18-2048x1315.jpg 2048w\" sizes=\"auto, (max-width: 1024px) 100vw, 1024px\" \/><\/figure><\/li><li class=\"blocks-gallery-item\"><figure><img loading=\"lazy\" decoding=\"async\" width=\"1024\" height=\"671\" src=\"https:\/\/www.huelvaysusfotografos.com\/wp-content\/uploads\/2020\/07\/2020.07.02-Oto\u00f1o-cultural-Valdocco4-1-1024x671.jpg\" alt=\"\" data-id=\"5691\" data-link=\"https:\/\/www.huelvaysusfotografos.com\/?attachment_id=5691\" class=\"wp-image-5691\" srcset=\"https:\/\/www.huelvaysusfotografos.com\/wp-content\/uploads\/2020\/07\/2020.07.02-Oto\u00f1o-cultural-Valdocco4-1-1024x671.jpg 1024w, https:\/\/www.huelvaysusfotografos.com\/wp-content\/uploads\/2020\/07\/2020.07.02-Oto\u00f1o-cultural-Valdocco4-1-300x197.jpg 300w, https:\/\/www.huelvaysusfotografos.com\/wp-content\/uploads\/2020\/07\/2020.07.02-Oto\u00f1o-cultural-Valdocco4-1-768x503.jpg 768w, https:\/\/www.huelvaysusfotografos.com\/wp-content\/uploads\/2020\/07\/2020.07.02-Oto\u00f1o-cultural-Valdocco4-1-1536x1007.jpg 1536w, https:\/\/www.huelvaysusfotografos.com\/wp-content\/uploads\/2020\/07\/2020.07.02-Oto\u00f1o-cultural-Valdocco4-1-2048x1342.jpg 2048w, https:\/\/www.huelvaysusfotografos.com\/wp-content\/uploads\/2020\/07\/2020.07.02-Oto\u00f1o-cultural-Valdocco4-1-120x80.jpg 120w\" sizes=\"auto, (max-width: 1024px) 100vw, 1024px\" \/><\/figure><\/li><li class=\"blocks-gallery-item\"><figure><img loading=\"lazy\" decoding=\"async\" width=\"1024\" height=\"703\" src=\"https:\/\/www.huelvaysusfotografos.com\/wp-content\/uploads\/2020\/07\/2020.07.02-Oto\u00f1o-cultural-Valdocco7-1024x703.jpg\" alt=\"\" data-id=\"5692\" data-link=\"https:\/\/www.huelvaysusfotografos.com\/?attachment_id=5692\" class=\"wp-image-5692\" srcset=\"https:\/\/www.huelvaysusfotografos.com\/wp-content\/uploads\/2020\/07\/2020.07.02-Oto\u00f1o-cultural-Valdocco7-1024x703.jpg 1024w, https:\/\/www.huelvaysusfotografos.com\/wp-content\/uploads\/2020\/07\/2020.07.02-Oto\u00f1o-cultural-Valdocco7-300x206.jpg 300w, https:\/\/www.huelvaysusfotografos.com\/wp-content\/uploads\/2020\/07\/2020.07.02-Oto\u00f1o-cultural-Valdocco7-768x527.jpg 768w, https:\/\/www.huelvaysusfotografos.com\/wp-content\/uploads\/2020\/07\/2020.07.02-Oto\u00f1o-cultural-Valdocco7-1536x1055.jpg 1536w, https:\/\/www.huelvaysusfotografos.com\/wp-content\/uploads\/2020\/07\/2020.07.02-Oto\u00f1o-cultural-Valdocco7-2048x1406.jpg 2048w\" sizes=\"auto, (max-width: 1024px) 100vw, 1024px\" \/><\/figure><\/li><\/ul>\n","protected":false},"excerpt":{"rendered":"<p>En la ma\u00f1ana de hoy jueves 2 de julio en el centro cultural Valdocco de la capital onubense un nutrido grupo de artistas, empresas colaboradores, asociaciones y particulares se daban cita en este evento solidario para recaudar fondos para obras sociales. Un total de 99 artistas que han donado 136 obras para la causa, alcanzando un gran n\u00famero de compras de las mismas en torno a 115 obras y recaudaci\u00f3n<\/p>\n<div class=\"belowpost\"><a class=\"btnmore\" href=\"https:\/\/www.huelvaysusfotografos.com\/?p=5679\">Seguir leyendo<\/a><\/div>\n","protected":false},"author":8279,"featured_media":5680,"comment_status":"open","ping_status":"open","sticky":false,"template":"","format":"standard","meta":{"footnotes":"","_links_to":"","_links_to_target":""},"categories":[3],"tags":[],"class_list":["post-5679","post","type-post","status-publish","format-standard","has-post-thumbnail","hentry","category-noticias"],"_links":{"self":[{"href":"https:\/\/www.huelvaysusfotografos.com\/index.php?rest_route=\/wp\/v2\/posts\/5679","targetHints":{"allow":["GET"]}}],"collection":[{"href":"https:\/\/www.huelvaysusfotografos.com\/index.php?rest_route=\/wp\/v2\/posts"}],"about":[{"href":"https:\/\/www.huelvaysusfotografos.com\/index.php?rest_route=\/wp\/v2\/types\/post"}],"author":[{"embeddable":true,"href":"https:\/\/www.huelvaysusfotografos.com\/index.php?rest_route=\/wp\/v2\/users\/8279"}],"replies":[{"embeddable":true,"href":"https:\/\/www.huelvaysusfotografos.com\/index.php?rest_route=%2Fwp%2Fv2%2Fcomments&post=5679"}],"version-history":[{"count":1,"href":"https:\/\/www.huelvaysusfotografos.com\/index.php?rest_route=\/wp\/v2\/posts\/5679\/revisions"}],"predecessor-version":[{"id":5693,"href":"https:\/\/www.huelvaysusfotografos.com\/index.php?rest_route=\/wp\/v2\/posts\/5679\/revisions\/5693"}],"wp:featuredmedia":[{"embeddable":true,"href":"https:\/\/www.huelvaysusfotografos.com\/index.php?rest_route=\/wp\/v2\/media\/5680"}],"wp:attachment":[{"href":"https:\/\/www.huelvaysusfotografos.com\/index.php?rest_route=%2Fwp%2Fv2%2Fmedia&parent=5679"}],"wp:term":[{"taxonomy":"category","embeddable":true,"href":"https:\/\/www.huelvaysusfotografos.com\/index.php?rest_route=%2Fwp%2Fv2%2Fcategories&post=5679"},{"taxonomy":"post_tag","embeddable":true,"href":"https:\/\/www.huelvaysusfotografos.com\/index.php?rest_route=%2Fwp%2Fv2%2Ftags&post=5679"}],"curies":[{"name":"wp","href":"https:\/\/api.w.org\/{rel}","templated":true}]}}