{"id":5660,"date":"2020-05-18T13:11:37","date_gmt":"2020-05-18T11:11:37","guid":{"rendered":"http:\/\/www.huelvaysusfotografos.com\/?p=5660"},"modified":"2020-05-18T13:11:39","modified_gmt":"2020-05-18T11:11:39","slug":"la-asociacion-huelva-y-sus-fotografos-llevan-dos-meses-ininterrumpidos-de-actividades","status":"publish","type":"post","link":"https:\/\/www.huelvaysusfotografos.com\/?p=5660","title":{"rendered":"La Asociaci\u00f3n Huelva y sus Fot\u00f3grafos llevan dos meses ininterrumpidos de Actividades."},"content":{"rendered":"\n<p><em>Los\nmiembros de la Asociaci\u00f3n Huelva y sus Fot\u00f3grafos no han parado de hacer\nactividades diarias desde pocos d\u00edas despu\u00e9s de ser declarada la pandemia. <\/em><\/p>\n\n\n\n<p>A causa del estado de alarma\ndecretado en Espa\u00f1a por la pandemia del Covid 19, diversas actividades y\nquedadas que se estaban organizando en la Asociaci\u00f3n se vieron paralizadas.<\/p>\n\n\n\n<p>Con motivo de esta situaci\u00f3n\ntan excepcional, se vieron paralizadas diversas actividades programadas para\nnuestra asociaci\u00f3n, excepto el mencionado prop\u00f3sito de reactivar las redes\nsociales, Whatsapp, Facebook e Instagram.<\/p>\n\n\n\n<p>Desde el pasado 19 de marzo dio\ncomienzo una actividad diaria en Facebook e Instagram que a\u00fan continua. <\/p>\n\n\n\n<p>Para ello se crea en Facebook,\ndentro de la p\u00e1gina Grupo Socios Asociaci\u00f3n Huelva y sus Fot\u00f3grafos, un \u00e1lbum\ndiario donde los socios suben fotos seg\u00fan la tem\u00e1tica propuesta. Cada d\u00eda se\nelige una foto que ser\u00e1 portada de la p\u00e1gina de Facebook y es subida a la cuenta\nde Instagram. M\u00e1s que un concurso, es un entretenimiento para sacar a la luz\nlos archivos fotogr\u00e1ficos de los socios. <\/p>\n\n\n\n<p>Hasta ahora, han sido sesenta\nd\u00edas, donde las tem\u00e1ticas han sido muy diversas y la participaci\u00f3n de los\nsocios muy alta:&nbsp; <\/p>\n\n\n\n<p>La tem\u00e1tica de cada d\u00eda ha sido\ndistinta: flores, agua, ventanas, colores, pueblos, bodegones, mascotas, Semana\nSanta, lluvia, conciertos, paisajes, gastronom\u00eda, arcos, coches, caballos,\nfamilia, esculturas, monumentos, escaleras, tauromaquia, deportes, tradiciones,\ncaminos y senderos, fuego, etc.<\/p>\n\n\n\n<p>Cerca de 7500 im\u00e1genes pueden\nrecorrer toda la provincia con las diversas y variadas propuestas que se han\nlanzado cada d\u00eda a los socios de esta activa asociaci\u00f3n. <\/p>\n\n\n\n<p>Agradecemos la alta\nparticipaci\u00f3n de los socios y su generosidad al aportar el material fotogr\u00e1fico\npara el porfolio de la asociaci\u00f3n, una ventana abierta para el aprendizaje de\ndiferentes sensibilidades y t\u00e9cnicas fotogr\u00e1ficas para disfrute de todos\nnuestros seguidores. <\/p>\n\n\n\n<p><strong>Cuenta\nde Instagram: @Huelvaysf<\/strong><\/p>\n\n\n\n<p>Adem\u00e1s de lo realizado en\nnuestras cuentas de redes sociales. Otras actividades y participaciones\nllevadas a cabo han sido<\/p>\n\n\n\n<p>III Concurso fotograf\u00eda <em>\u201cSemana Santa Huelva y su Provincia<\/em>\u201d\npara los socios de la Asociaci\u00f3n, con un m\u00e1ximo de tres fotograf\u00edas a color o blanco\ny negro de Semana Santa de 2018 y 2019.&nbsp;\nLa decisi\u00f3n de las fotograf\u00edas ganadoras, 1\u00ba, 2\u00ba y 3\u00ba premio, estuvo a\ncargo de un jurado compuesto por fot\u00f3grafos de renombre en Huelva. <\/p>\n\n\n\n<p>En Facebook se abri\u00f3 una p\u00e1gina\np\u00fablica de la Asociaci\u00f3n Huelva y sus Fot\u00f3grafos para subir fotos referidas a\nRomer\u00edas y Fiestas populares y otra de Semana Santa para mostrar las cofrad\u00edas\nque recorren Huelva y su provincia con un \u00e1lbum dedicado a cada uno de los d\u00edas\nde la Semana Grande. En ambos casos con una alta participaci\u00f3n, que se puede\nvisitar. <\/p>\n\n\n\n<p>A trav\u00e9s de Whatsapp se ha\nrealizado entre todos los socios intercambio de noticias, exposiciones, libros\u2026\nreferidos a fotograf\u00edas y fot\u00f3grafos. <\/p>\n\n\n\n<p>En la actualidad, continuamos\ncon la actividad diaria de \u00e1lbumes fotogr\u00e1ficos tem\u00e1ticos. <\/p>\n\n\n\n<p>La Asociaci\u00f3n Huelva y sus\nFot\u00f3grafos tambi\u00e9n participa en la subasta del \ud835\udde2\ud835\udde7\ud835\udde2\u00d1\ud835\udde2 \ud835\uddd6\ud835\udde8\ud835\udddf\ud835\udde7\ud835\udde8\ud835\udde5\ud835\uddd4\ud835\udddf \ud835\udde6\ud835\udde2\ud835\udddf\ud835\udddc\ud835\uddd7\ud835\uddd4\ud835\udde5\ud835\udddc\ud835\udde2 en la\nque un total de 92 artistas, entre ellos un n\u00famero importantes de nuestros\nsocios, han aportado generosamente 136 obras de artes pl\u00e1sticas y fotograf\u00eda\npara que sean subastadas de forma telem\u00e1tica desde el 10 al 31 de mayo.<\/p>\n\n\n\n<p>Si desean saber m\u00e1s de nosotros\no hacerse socios, visiten nuestra web.- <a href=\"https:\/\/www.huelvaysusfotografos.com\/\">https:\/\/www.huelvaysusfotografos.com\/<\/a><\/p>\n","protected":false},"excerpt":{"rendered":"<p>Los miembros de la Asociaci\u00f3n Huelva y sus Fot\u00f3grafos no han parado de hacer actividades diarias desde pocos d\u00edas despu\u00e9s de ser declarada la pandemia. A causa del estado de alarma decretado en Espa\u00f1a por la pandemia del Covid 19, diversas actividades y quedadas que se estaban organizando en la Asociaci\u00f3n se vieron paralizadas. Con motivo de esta situaci\u00f3n tan excepcional, se vieron paralizadas diversas actividades programadas para nuestra asociaci\u00f3n,<\/p>\n<div class=\"belowpost\"><a class=\"btnmore\" href=\"https:\/\/www.huelvaysusfotografos.com\/?p=5660\">Seguir leyendo<\/a><\/div>\n","protected":false},"author":8279,"featured_media":5661,"comment_status":"open","ping_status":"open","sticky":false,"template":"","format":"standard","meta":{"footnotes":"","_links_to":"","_links_to_target":""},"categories":[4],"tags":[],"class_list":["post-5660","post","type-post","status-publish","format-standard","has-post-thumbnail","hentry","category-actividades"],"_links":{"self":[{"href":"https:\/\/www.huelvaysusfotografos.com\/index.php?rest_route=\/wp\/v2\/posts\/5660","targetHints":{"allow":["GET"]}}],"collection":[{"href":"https:\/\/www.huelvaysusfotografos.com\/index.php?rest_route=\/wp\/v2\/posts"}],"about":[{"href":"https:\/\/www.huelvaysusfotografos.com\/index.php?rest_route=\/wp\/v2\/types\/post"}],"author":[{"embeddable":true,"href":"https:\/\/www.huelvaysusfotografos.com\/index.php?rest_route=\/wp\/v2\/users\/8279"}],"replies":[{"embeddable":true,"href":"https:\/\/www.huelvaysusfotografos.com\/index.php?rest_route=%2Fwp%2Fv2%2Fcomments&post=5660"}],"version-history":[{"count":1,"href":"https:\/\/www.huelvaysusfotografos.com\/index.php?rest_route=\/wp\/v2\/posts\/5660\/revisions"}],"predecessor-version":[{"id":5662,"href":"https:\/\/www.huelvaysusfotografos.com\/index.php?rest_route=\/wp\/v2\/posts\/5660\/revisions\/5662"}],"wp:featuredmedia":[{"embeddable":true,"href":"https:\/\/www.huelvaysusfotografos.com\/index.php?rest_route=\/wp\/v2\/media\/5661"}],"wp:attachment":[{"href":"https:\/\/www.huelvaysusfotografos.com\/index.php?rest_route=%2Fwp%2Fv2%2Fmedia&parent=5660"}],"wp:term":[{"taxonomy":"category","embeddable":true,"href":"https:\/\/www.huelvaysusfotografos.com\/index.php?rest_route=%2Fwp%2Fv2%2Fcategories&post=5660"},{"taxonomy":"post_tag","embeddable":true,"href":"https:\/\/www.huelvaysusfotografos.com\/index.php?rest_route=%2Fwp%2Fv2%2Ftags&post=5660"}],"curies":[{"name":"wp","href":"https:\/\/api.w.org\/{rel}","templated":true}]}}