{"id":5625,"date":"2020-05-08T13:08:17","date_gmt":"2020-05-08T11:08:17","guid":{"rendered":"http:\/\/www.huelvaysusfotografos.com\/?p=5625"},"modified":"2020-05-08T13:40:55","modified_gmt":"2020-05-08T11:40:55","slug":"la-asociacion-huelva-y-sus-fotografos-se-suma-al-otono-cultural-solidario","status":"publish","type":"post","link":"https:\/\/www.huelvaysusfotografos.com\/?p=5625","title":{"rendered":"La Asociaci\u00f3n Huelva y sus Fot\u00f3grafos se suma al Oto\u00f1o Cultural Solidario."},"content":{"rendered":"\n<p>Una decena de fot\u00f3grafos de la <strong><em>Asociaci\u00f3n\nHuelva y sus Fot\u00f3grafos<\/em><\/strong> ceden sus obras para esta noble acci\u00f3n. <\/p>\n\n\n\n<p>Los miembros de esta Asociaci\u00f3n\nonubense quieren de este modo aportar sus obras y hacer posible que el importe recaudado\nde esta subasta solidar\u00eda llegue al mayor n\u00famero de asociaciones humanitarias posibles.<\/p>\n\n\n\n<p>Los autores de las obras fotogr\u00e1ficas son <strong><em>Sonia Herencia Anillo, Carmen Torres Chaguaceda, Flor N\u00fa\u00f1ez Nieto, Francisco Gil Salguero, Jos\u00e9 M. Orube Miguel, Jos\u00e9 Luis Arizmendi Llanes, Narciso Perera Ant\u00fanez, Jer\u00f3nimo Carrasco Brejano, Cayetano Burgos Mazo, Ana Mar\u00eda C\u00e1liz Serrano y Abdellah Doulfikar Moutassim. <\/em><\/strong><\/p>\n\n\n\n<p>Con esta acci\u00f3n de los socios\nde esta asociaci\u00f3n, queremos ayudar en la medida de lo posible para recaudar\nlos fondos necesarios en la subasta que dar\u00e1 comienzo el pr\u00f3ximo 10 de mayo. <\/p>\n\n\n\n<p>Las obras se podr\u00e1n ver en los\ncanales que se han habilitado para esta esta subasta en la direcci\u00f3n &nbsp;<a href=\"https:\/\/l.facebook.com\/l.php?u=https%3A%2F%2Fkulturasolidaria.blogspot.com%2F%3Ffbclid%3DIwAR1YyMrNUVHzRG8P2Seu8Azf7oMYZ-Bs-wkbUAZc9gBcCDl_ruaX4hPNTCA&amp;h=AT20a9oQRde6MAp6B81rsqvtc90sODXvFtPYZ5njHKT5Bb3_pyB2au5nzN07ZdrWNz_HYV-yrVtIp-9hcEeS9FBfTeNMrT_jP5c1_-MaK8zIC8wtEfvGZ8ZtxvQCGL389kMGISdbDKbP_Q0rQS5ejl-YUM1ZyEXyYk2i6PWGph6dra3aQn2NNe3HtHMq5sd7aIG-Z8IWxXZF3WgUvUiVm3UFe28soPrfY94WRiDN6c5Z_cwNophB3bJCZ1TnPD5ffc1CgYPIsxZHuzqUf5VckiWMggEMH8caAcX-9ThSlW8TsZz0qeIDStICSD5RRa0wJajOr0VjG81gP19VI5d43F-dQMNjwL5cHMDxNY28uvY6a-c88IhwDblPcLSdHNoHXa4hcEPA3glkbQ_tDZa2VjTcUcOO5HzEsLzxzmJYyNueMi3BORFqFFc2ibDk0Tvt1n0R4y6FvPKFFaZV9Y7XyeaOMF4jtwW-oiEhtMH_J-7ZQZcpdsCZqqPzot8RId3Ep3ou7-Af8bMG6-gQeUJdBj_M9V8zfFlWRkVhscDGwpzmzxfo-mD7gTWCbePN0e9MAVmqY20OdjUQ5_2PY_481kwNexFqkBlayAJh1aCyx3e60MAZ9h-ARtxucwrkHXlJ\" target=\"_blank\" rel=\"noreferrer noopener\">https:\/\/kulturasolidaria.blogspot.com<\/a>, en la que los\nprecios ser\u00e1n actualizados d\u00eda a d\u00eda.<\/p>\n\n\n\n<p>Un centenar de artistas\npl\u00e1sticos y fot\u00f3grafos se han unido a la iniciativa de la <strong><em>Asociaci\u00f3n Cultural Iberoamericana<\/em><\/strong>, a la\nque nos sumamos como Asociaci\u00f3n, para poner en marcha un evento consistente en\nuna gran Subasta Solidaria, que se celebrar\u00e1 a trav\u00e9s de una plataforma\ninform\u00e1tica entre los d\u00edas 10 y 31 de mayo pr\u00f3ximos.<\/p>\n\n\n\n<p>Las personas que al finalizar\nla subasta se adjudiquen las obras podr\u00e1n se\u00f1alar a qu\u00e9 entidades ben\u00e9ficas se\ndestinar\u00e1n los fondos recaudados entre una relaci\u00f3n en las que se encuentran,\nentre otras, <strong><em>Banco de Alimentos de Huelva, Fundaci\u00f3n Valdocco, Cruz Roja Huelva,\nAsociaci\u00f3n Espa\u00f1ola Contra el C\u00e1ncer, Asociaci\u00f3n Anumayores, Asociaci\u00f3n Madre\nCoraje Huelva\u2026<\/em><\/strong><\/p>\n\n\n\n<p>Todas ellas est\u00e1n haciendo en\nlas \u00faltimas semanas un esfuerzo extraordinario para apoyar a los que est\u00e1n\nsufriendo de modo m\u00e1s intenso los perjuicios de la enfermedad.<\/p>\n\n\n\n<p>Esperamos vuestras pujas en la\nSubasta, colabora con tan&nbsp; noble causa. Comparte\npara que llegue al mayor n\u00famero de personas posible. <\/p>\n\n\n\n<p>En nombre de la Asociaci\u00f3n Huelva y sus Fot\u00f3grafos damos las gracias por contar con nosotros para este proyecto solidario.<\/p>\n\n\n\n<ul class=\"wp-block-gallery columns-3 is-cropped wp-block-gallery-1 is-layout-flex wp-block-gallery-is-layout-flex\"><li class=\"blocks-gallery-item\"><figure><img loading=\"lazy\" decoding=\"async\" width=\"1024\" height=\"683\" src=\"https:\/\/www.huelvaysusfotografos.com\/wp-content\/uploads\/2020\/05\/WEB-A-la-deriva-1024x683.jpg\" alt=\"\" data-id=\"5626\" data-link=\"https:\/\/www.huelvaysusfotografos.com\/?attachment_id=5626\" class=\"wp-image-5626\" srcset=\"https:\/\/www.huelvaysusfotografos.com\/wp-content\/uploads\/2020\/05\/WEB-A-la-deriva-1024x683.jpg 1024w, https:\/\/www.huelvaysusfotografos.com\/wp-content\/uploads\/2020\/05\/WEB-A-la-deriva-300x200.jpg 300w, https:\/\/www.huelvaysusfotografos.com\/wp-content\/uploads\/2020\/05\/WEB-A-la-deriva-768x512.jpg 768w, https:\/\/www.huelvaysusfotografos.com\/wp-content\/uploads\/2020\/05\/WEB-A-la-deriva-1536x1024.jpg 1536w, https:\/\/www.huelvaysusfotografos.com\/wp-content\/uploads\/2020\/05\/WEB-A-la-deriva-120x80.jpg 120w, https:\/\/www.huelvaysusfotografos.com\/wp-content\/uploads\/2020\/05\/WEB-A-la-deriva.jpg 1600w\" sizes=\"auto, (max-width: 1024px) 100vw, 1024px\" \/><\/figure><\/li><li class=\"blocks-gallery-item\"><figure><img loading=\"lazy\" decoding=\"async\" width=\"1024\" height=\"683\" src=\"https:\/\/www.huelvaysusfotografos.com\/wp-content\/uploads\/2020\/05\/WEB-El-duende-del-r\u00edo-1024x683.jpg\" alt=\"\" data-id=\"5627\" data-link=\"https:\/\/www.huelvaysusfotografos.com\/?attachment_id=5627\" class=\"wp-image-5627\" srcset=\"https:\/\/www.huelvaysusfotografos.com\/wp-content\/uploads\/2020\/05\/WEB-El-duende-del-r\u00edo-1024x683.jpg 1024w, https:\/\/www.huelvaysusfotografos.com\/wp-content\/uploads\/2020\/05\/WEB-El-duende-del-r\u00edo-300x200.jpg 300w, https:\/\/www.huelvaysusfotografos.com\/wp-content\/uploads\/2020\/05\/WEB-El-duende-del-r\u00edo-768x512.jpg 768w, https:\/\/www.huelvaysusfotografos.com\/wp-content\/uploads\/2020\/05\/WEB-El-duende-del-r\u00edo-1536x1024.jpg 1536w, https:\/\/www.huelvaysusfotografos.com\/wp-content\/uploads\/2020\/05\/WEB-El-duende-del-r\u00edo-120x80.jpg 120w, https:\/\/www.huelvaysusfotografos.com\/wp-content\/uploads\/2020\/05\/WEB-El-duende-del-r\u00edo.jpg 1600w\" sizes=\"auto, (max-width: 1024px) 100vw, 1024px\" \/><\/figure><\/li><li class=\"blocks-gallery-item\"><figure><img loading=\"lazy\" decoding=\"async\" width=\"1024\" height=\"683\" src=\"https:\/\/www.huelvaysusfotografos.com\/wp-content\/uploads\/2020\/05\/WEB-Y-lleg\u00f3-la-luz-1024x683.jpg\" alt=\"\" data-id=\"5628\" data-link=\"https:\/\/www.huelvaysusfotografos.com\/?attachment_id=5628\" class=\"wp-image-5628\" srcset=\"https:\/\/www.huelvaysusfotografos.com\/wp-content\/uploads\/2020\/05\/WEB-Y-lleg\u00f3-la-luz-1024x683.jpg 1024w, https:\/\/www.huelvaysusfotografos.com\/wp-content\/uploads\/2020\/05\/WEB-Y-lleg\u00f3-la-luz-300x200.jpg 300w, https:\/\/www.huelvaysusfotografos.com\/wp-content\/uploads\/2020\/05\/WEB-Y-lleg\u00f3-la-luz-768x512.jpg 768w, https:\/\/www.huelvaysusfotografos.com\/wp-content\/uploads\/2020\/05\/WEB-Y-lleg\u00f3-la-luz-1536x1024.jpg 1536w, https:\/\/www.huelvaysusfotografos.com\/wp-content\/uploads\/2020\/05\/WEB-Y-lleg\u00f3-la-luz-120x80.jpg 120w, https:\/\/www.huelvaysusfotografos.com\/wp-content\/uploads\/2020\/05\/WEB-Y-lleg\u00f3-la-luz.jpg 1600w\" sizes=\"auto, (max-width: 1024px) 100vw, 1024px\" \/><\/figure><\/li><li class=\"blocks-gallery-item\"><figure><img loading=\"lazy\" decoding=\"async\" width=\"1024\" height=\"683\" src=\"https:\/\/www.huelvaysusfotografos.com\/wp-content\/uploads\/2020\/05\/WEB-Sol-poniente-Sonia-Herencia-Anillo-1024x683.jpg\" alt=\"\" data-id=\"5629\" data-link=\"https:\/\/www.huelvaysusfotografos.com\/?attachment_id=5629\" class=\"wp-image-5629\" srcset=\"https:\/\/www.huelvaysusfotografos.com\/wp-content\/uploads\/2020\/05\/WEB-Sol-poniente-Sonia-Herencia-Anillo-1024x683.jpg 1024w, https:\/\/www.huelvaysusfotografos.com\/wp-content\/uploads\/2020\/05\/WEB-Sol-poniente-Sonia-Herencia-Anillo-300x200.jpg 300w, https:\/\/www.huelvaysusfotografos.com\/wp-content\/uploads\/2020\/05\/WEB-Sol-poniente-Sonia-Herencia-Anillo-768x512.jpg 768w, https:\/\/www.huelvaysusfotografos.com\/wp-content\/uploads\/2020\/05\/WEB-Sol-poniente-Sonia-Herencia-Anillo-1536x1024.jpg 1536w, https:\/\/www.huelvaysusfotografos.com\/wp-content\/uploads\/2020\/05\/WEB-Sol-poniente-Sonia-Herencia-Anillo-120x80.jpg 120w, https:\/\/www.huelvaysusfotografos.com\/wp-content\/uploads\/2020\/05\/WEB-Sol-poniente-Sonia-Herencia-Anillo.jpg 1600w\" sizes=\"auto, (max-width: 1024px) 100vw, 1024px\" \/><\/figure><\/li><\/ul>\n\n\n\n<ul class=\"wp-block-gallery columns-2 is-cropped wp-block-gallery-2 is-layout-flex wp-block-gallery-is-layout-flex\"><li class=\"blocks-gallery-item\"><figure><img loading=\"lazy\" decoding=\"async\" width=\"1024\" height=\"682\" src=\"https:\/\/www.huelvaysusfotografos.com\/wp-content\/uploads\/2020\/05\/Atardecer-en-la-Ri\u00eca-de-Huelva-1024x682.jpg\" alt=\"\" data-id=\"5630\" data-link=\"https:\/\/www.huelvaysusfotografos.com\/?attachment_id=5630\" class=\"wp-image-5630\" srcset=\"https:\/\/www.huelvaysusfotografos.com\/wp-content\/uploads\/2020\/05\/Atardecer-en-la-Ri\u00eca-de-Huelva-1024x682.jpg 1024w, https:\/\/www.huelvaysusfotografos.com\/wp-content\/uploads\/2020\/05\/Atardecer-en-la-Ri\u00eca-de-Huelva-300x200.jpg 300w, https:\/\/www.huelvaysusfotografos.com\/wp-content\/uploads\/2020\/05\/Atardecer-en-la-Ri\u00eca-de-Huelva-768x512.jpg 768w, https:\/\/www.huelvaysusfotografos.com\/wp-content\/uploads\/2020\/05\/Atardecer-en-la-Ri\u00eca-de-Huelva-1536x1023.jpg 1536w, https:\/\/www.huelvaysusfotografos.com\/wp-content\/uploads\/2020\/05\/Atardecer-en-la-Ri\u00eca-de-Huelva-120x80.jpg 120w, https:\/\/www.huelvaysusfotografos.com\/wp-content\/uploads\/2020\/05\/Atardecer-en-la-Ri\u00eca-de-Huelva.jpg 1654w\" sizes=\"auto, (max-width: 1024px) 100vw, 1024px\" \/><\/figure><\/li><li class=\"blocks-gallery-item\"><figure><img loading=\"lazy\" decoding=\"async\" width=\"1024\" height=\"682\" src=\"https:\/\/www.huelvaysusfotografos.com\/wp-content\/uploads\/2020\/05\/Una-playa-de-Huelva-1024x682.jpg\" alt=\"\" data-id=\"5632\" data-link=\"https:\/\/www.huelvaysusfotografos.com\/?attachment_id=5632\" class=\"wp-image-5632\" srcset=\"https:\/\/www.huelvaysusfotografos.com\/wp-content\/uploads\/2020\/05\/Una-playa-de-Huelva-1024x682.jpg 1024w, https:\/\/www.huelvaysusfotografos.com\/wp-content\/uploads\/2020\/05\/Una-playa-de-Huelva-300x200.jpg 300w, https:\/\/www.huelvaysusfotografos.com\/wp-content\/uploads\/2020\/05\/Una-playa-de-Huelva-768x512.jpg 768w, https:\/\/www.huelvaysusfotografos.com\/wp-content\/uploads\/2020\/05\/Una-playa-de-Huelva-1536x1023.jpg 1536w, https:\/\/www.huelvaysusfotografos.com\/wp-content\/uploads\/2020\/05\/Una-playa-de-Huelva-120x80.jpg 120w, https:\/\/www.huelvaysusfotografos.com\/wp-content\/uploads\/2020\/05\/Una-playa-de-Huelva.jpg 1654w\" sizes=\"auto, (max-width: 1024px) 100vw, 1024px\" \/><\/figure><\/li><\/ul>\n\n\n\n<figure class=\"wp-block-image\"><img loading=\"lazy\" decoding=\"async\" width=\"1024\" height=\"683\" src=\"https:\/\/www.huelvaysusfotografos.com\/wp-content\/uploads\/2020\/05\/Saca-de-las-Yeguas-FLOR-NU\u00d1EZ-1024x683.jpg\" alt=\"\" class=\"wp-image-5631\" srcset=\"https:\/\/www.huelvaysusfotografos.com\/wp-content\/uploads\/2020\/05\/Saca-de-las-Yeguas-FLOR-NU\u00d1EZ-1024x683.jpg 1024w, https:\/\/www.huelvaysusfotografos.com\/wp-content\/uploads\/2020\/05\/Saca-de-las-Yeguas-FLOR-NU\u00d1EZ-300x200.jpg 300w, https:\/\/www.huelvaysusfotografos.com\/wp-content\/uploads\/2020\/05\/Saca-de-las-Yeguas-FLOR-NU\u00d1EZ-768x512.jpg 768w, https:\/\/www.huelvaysusfotografos.com\/wp-content\/uploads\/2020\/05\/Saca-de-las-Yeguas-FLOR-NU\u00d1EZ-1536x1024.jpg 1536w, https:\/\/www.huelvaysusfotografos.com\/wp-content\/uploads\/2020\/05\/Saca-de-las-Yeguas-FLOR-NU\u00d1EZ-120x80.jpg 120w, https:\/\/www.huelvaysusfotografos.com\/wp-content\/uploads\/2020\/05\/Saca-de-las-Yeguas-FLOR-NU\u00d1EZ.jpg 1600w\" sizes=\"auto, (max-width: 1024px) 100vw, 1024px\" \/><\/figure>\n\n\n\n<ul class=\"wp-block-gallery columns-2 is-cropped wp-block-gallery-3 is-layout-flex wp-block-gallery-is-layout-flex\"><li class=\"blocks-gallery-item\"><figure><img loading=\"lazy\" decoding=\"async\" width=\"683\" height=\"1024\" src=\"https:\/\/www.huelvaysusfotografos.com\/wp-content\/uploads\/2020\/05\/foto-MOELO-Flor-N\u00fa\u00f1ez-683x1024.jpg\" alt=\"\" data-id=\"5633\" data-link=\"https:\/\/www.huelvaysusfotografos.com\/?attachment_id=5633\" class=\"wp-image-5633\" srcset=\"https:\/\/www.huelvaysusfotografos.com\/wp-content\/uploads\/2020\/05\/foto-MOELO-Flor-N\u00fa\u00f1ez-683x1024.jpg 683w, https:\/\/www.huelvaysusfotografos.com\/wp-content\/uploads\/2020\/05\/foto-MOELO-Flor-N\u00fa\u00f1ez-200x300.jpg 200w, https:\/\/www.huelvaysusfotografos.com\/wp-content\/uploads\/2020\/05\/foto-MOELO-Flor-N\u00fa\u00f1ez-768x1152.jpg 768w, https:\/\/www.huelvaysusfotografos.com\/wp-content\/uploads\/2020\/05\/foto-MOELO-Flor-N\u00fa\u00f1ez-1024x1536.jpg 1024w, https:\/\/www.huelvaysusfotografos.com\/wp-content\/uploads\/2020\/05\/foto-MOELO-Flor-N\u00fa\u00f1ez.jpg 1067w\" sizes=\"auto, (max-width: 683px) 100vw, 683px\" \/><\/figure><\/li><li class=\"blocks-gallery-item\"><figure><img loading=\"lazy\" decoding=\"async\" width=\"1024\" height=\"683\" src=\"https:\/\/www.huelvaysusfotografos.com\/wp-content\/uploads\/2020\/05\/LIDER-1024x683.jpg\" alt=\"\" data-id=\"5634\" data-link=\"https:\/\/www.huelvaysusfotografos.com\/?attachment_id=5634\" class=\"wp-image-5634\" srcset=\"https:\/\/www.huelvaysusfotografos.com\/wp-content\/uploads\/2020\/05\/LIDER-1024x683.jpg 1024w, https:\/\/www.huelvaysusfotografos.com\/wp-content\/uploads\/2020\/05\/LIDER-300x200.jpg 300w, https:\/\/www.huelvaysusfotografos.com\/wp-content\/uploads\/2020\/05\/LIDER-768x512.jpg 768w, https:\/\/www.huelvaysusfotografos.com\/wp-content\/uploads\/2020\/05\/LIDER-1536x1024.jpg 1536w, https:\/\/www.huelvaysusfotografos.com\/wp-content\/uploads\/2020\/05\/LIDER-120x80.jpg 120w, https:\/\/www.huelvaysusfotografos.com\/wp-content\/uploads\/2020\/05\/LIDER.jpg 1600w\" sizes=\"auto, (max-width: 1024px) 100vw, 1024px\" \/><\/figure><\/li><\/ul>\n\n\n\n<ul class=\"wp-block-gallery columns-2 is-cropped wp-block-gallery-4 is-layout-flex wp-block-gallery-is-layout-flex\"><li class=\"blocks-gallery-item\"><figure><img loading=\"lazy\" decoding=\"async\" width=\"1024\" height=\"682\" src=\"https:\/\/www.huelvaysusfotografos.com\/wp-content\/uploads\/2020\/05\/WEB-Devoci\u00f3n-Pepe-Orube-1024x682.jpg\" alt=\"\" data-id=\"5635\" data-link=\"https:\/\/www.huelvaysusfotografos.com\/?attachment_id=5635\" class=\"wp-image-5635\" srcset=\"https:\/\/www.huelvaysusfotografos.com\/wp-content\/uploads\/2020\/05\/WEB-Devoci\u00f3n-Pepe-Orube-1024x682.jpg 1024w, https:\/\/www.huelvaysusfotografos.com\/wp-content\/uploads\/2020\/05\/WEB-Devoci\u00f3n-Pepe-Orube-300x200.jpg 300w, https:\/\/www.huelvaysusfotografos.com\/wp-content\/uploads\/2020\/05\/WEB-Devoci\u00f3n-Pepe-Orube-768x512.jpg 768w, https:\/\/www.huelvaysusfotografos.com\/wp-content\/uploads\/2020\/05\/WEB-Devoci\u00f3n-Pepe-Orube-1536x1023.jpg 1536w, https:\/\/www.huelvaysusfotografos.com\/wp-content\/uploads\/2020\/05\/WEB-Devoci\u00f3n-Pepe-Orube-120x80.jpg 120w, https:\/\/www.huelvaysusfotografos.com\/wp-content\/uploads\/2020\/05\/WEB-Devoci\u00f3n-Pepe-Orube.jpg 1600w\" sizes=\"auto, (max-width: 1024px) 100vw, 1024px\" \/><\/figure><\/li><li class=\"blocks-gallery-item\"><figure><img loading=\"lazy\" decoding=\"async\" width=\"683\" height=\"1024\" src=\"https:\/\/www.huelvaysusfotografos.com\/wp-content\/uploads\/2020\/05\/WEB-Tradici\u00f3n-Pepe-Orube-683x1024.jpg\" alt=\"\" data-id=\"5636\" data-link=\"https:\/\/www.huelvaysusfotografos.com\/?attachment_id=5636\" class=\"wp-image-5636\" srcset=\"https:\/\/www.huelvaysusfotografos.com\/wp-content\/uploads\/2020\/05\/WEB-Tradici\u00f3n-Pepe-Orube-683x1024.jpg 683w, https:\/\/www.huelvaysusfotografos.com\/wp-content\/uploads\/2020\/05\/WEB-Tradici\u00f3n-Pepe-Orube-200x300.jpg 200w, https:\/\/www.huelvaysusfotografos.com\/wp-content\/uploads\/2020\/05\/WEB-Tradici\u00f3n-Pepe-Orube-768x1152.jpg 768w, https:\/\/www.huelvaysusfotografos.com\/wp-content\/uploads\/2020\/05\/WEB-Tradici\u00f3n-Pepe-Orube-1024x1536.jpg 1024w, https:\/\/www.huelvaysusfotografos.com\/wp-content\/uploads\/2020\/05\/WEB-Tradici\u00f3n-Pepe-Orube.jpg 1067w\" sizes=\"auto, (max-width: 683px) 100vw, 683px\" \/><\/figure><\/li><\/ul>\n\n\n\n<figure class=\"wp-block-image\"><img loading=\"lazy\" decoding=\"async\" width=\"1024\" height=\"683\" src=\"https:\/\/www.huelvaysusfotografos.com\/wp-content\/uploads\/2020\/05\/OTO\u00d1O-BARRIO-OBRERO-NARCISO-PERERA-1024x683.jpg\" alt=\"\" class=\"wp-image-5639\" srcset=\"https:\/\/www.huelvaysusfotografos.com\/wp-content\/uploads\/2020\/05\/OTO\u00d1O-BARRIO-OBRERO-NARCISO-PERERA-1024x683.jpg 1024w, https:\/\/www.huelvaysusfotografos.com\/wp-content\/uploads\/2020\/05\/OTO\u00d1O-BARRIO-OBRERO-NARCISO-PERERA-300x200.jpg 300w, https:\/\/www.huelvaysusfotografos.com\/wp-content\/uploads\/2020\/05\/OTO\u00d1O-BARRIO-OBRERO-NARCISO-PERERA-768x512.jpg 768w, https:\/\/www.huelvaysusfotografos.com\/wp-content\/uploads\/2020\/05\/OTO\u00d1O-BARRIO-OBRERO-NARCISO-PERERA-1536x1024.jpg 1536w, https:\/\/www.huelvaysusfotografos.com\/wp-content\/uploads\/2020\/05\/OTO\u00d1O-BARRIO-OBRERO-NARCISO-PERERA-120x80.jpg 120w, https:\/\/www.huelvaysusfotografos.com\/wp-content\/uploads\/2020\/05\/OTO\u00d1O-BARRIO-OBRERO-NARCISO-PERERA.jpg 1600w\" sizes=\"auto, (max-width: 1024px) 100vw, 1024px\" \/><\/figure>\n\n\n\n<ul class=\"wp-block-gallery columns-2 is-cropped wp-block-gallery-5 is-layout-flex wp-block-gallery-is-layout-flex\"><li class=\"blocks-gallery-item\"><figure><img loading=\"lazy\" decoding=\"async\" width=\"1024\" height=\"683\" src=\"https:\/\/www.huelvaysusfotografos.com\/wp-content\/uploads\/2020\/05\/F\u00e9-Rociera-para-web-1024x683.jpg\" alt=\"\" data-id=\"5640\" data-link=\"https:\/\/www.huelvaysusfotografos.com\/?attachment_id=5640\" class=\"wp-image-5640\" srcset=\"https:\/\/www.huelvaysusfotografos.com\/wp-content\/uploads\/2020\/05\/F\u00e9-Rociera-para-web-1024x683.jpg 1024w, https:\/\/www.huelvaysusfotografos.com\/wp-content\/uploads\/2020\/05\/F\u00e9-Rociera-para-web-300x200.jpg 300w, https:\/\/www.huelvaysusfotografos.com\/wp-content\/uploads\/2020\/05\/F\u00e9-Rociera-para-web-768x512.jpg 768w, https:\/\/www.huelvaysusfotografos.com\/wp-content\/uploads\/2020\/05\/F\u00e9-Rociera-para-web-1536x1024.jpg 1536w, https:\/\/www.huelvaysusfotografos.com\/wp-content\/uploads\/2020\/05\/F\u00e9-Rociera-para-web-120x80.jpg 120w, https:\/\/www.huelvaysusfotografos.com\/wp-content\/uploads\/2020\/05\/F\u00e9-Rociera-para-web.jpg 1600w\" sizes=\"auto, (max-width: 1024px) 100vw, 1024px\" \/><\/figure><\/li><li class=\"blocks-gallery-item\"><figure><img loading=\"lazy\" decoding=\"async\" width=\"1024\" height=\"683\" src=\"https:\/\/www.huelvaysusfotografos.com\/wp-content\/uploads\/2020\/05\/LUZ-DE-PASION-para-web-1024x683.jpg\" alt=\"\" data-id=\"5641\" data-link=\"https:\/\/www.huelvaysusfotografos.com\/?attachment_id=5641\" class=\"wp-image-5641\" srcset=\"https:\/\/www.huelvaysusfotografos.com\/wp-content\/uploads\/2020\/05\/LUZ-DE-PASION-para-web-1024x683.jpg 1024w, https:\/\/www.huelvaysusfotografos.com\/wp-content\/uploads\/2020\/05\/LUZ-DE-PASION-para-web-300x200.jpg 300w, https:\/\/www.huelvaysusfotografos.com\/wp-content\/uploads\/2020\/05\/LUZ-DE-PASION-para-web-768x512.jpg 768w, https:\/\/www.huelvaysusfotografos.com\/wp-content\/uploads\/2020\/05\/LUZ-DE-PASION-para-web-1536x1024.jpg 1536w, https:\/\/www.huelvaysusfotografos.com\/wp-content\/uploads\/2020\/05\/LUZ-DE-PASION-para-web-120x80.jpg 120w, https:\/\/www.huelvaysusfotografos.com\/wp-content\/uploads\/2020\/05\/LUZ-DE-PASION-para-web.jpg 1600w\" sizes=\"auto, (max-width: 1024px) 100vw, 1024px\" \/><\/figure><\/li><\/ul>\n\n\n\n<ul class=\"wp-block-gallery columns-1 is-cropped wp-block-gallery-6 is-layout-flex wp-block-gallery-is-layout-flex\"><li class=\"blocks-gallery-item\"><figure><img loading=\"lazy\" decoding=\"async\" width=\"906\" height=\"960\" src=\"https:\/\/www.huelvaysusfotografos.com\/wp-content\/uploads\/2020\/05\/OBRA-PICT\u00d3RICA-1.jpg\" alt=\"\" data-id=\"5644\" data-link=\"https:\/\/www.huelvaysusfotografos.com\/?attachment_id=5644\" class=\"wp-image-5644\" srcset=\"https:\/\/www.huelvaysusfotografos.com\/wp-content\/uploads\/2020\/05\/OBRA-PICT\u00d3RICA-1.jpg 906w, https:\/\/www.huelvaysusfotografos.com\/wp-content\/uploads\/2020\/05\/OBRA-PICT\u00d3RICA-1-283x300.jpg 283w, https:\/\/www.huelvaysusfotografos.com\/wp-content\/uploads\/2020\/05\/OBRA-PICT\u00d3RICA-1-768x814.jpg 768w\" sizes=\"auto, (max-width: 906px) 100vw, 906px\" \/><figcaption>Ana Mar\u00eda C\u00e1liz &#8211; T\u00edtulo Brindis en la Plaza  &#8211; T\u00e9cnica Acr\u00edlico sobre ocumen &#8211; Medidas 65 X 55 cm.<\/figcaption><\/figure><\/li><\/ul>\n","protected":false},"excerpt":{"rendered":"<p>Una decena de fot\u00f3grafos de la Asociaci\u00f3n Huelva y sus Fot\u00f3grafos ceden sus obras para esta noble acci\u00f3n. Los miembros de esta Asociaci\u00f3n onubense quieren de este modo aportar sus obras y hacer posible que el importe recaudado de esta subasta solidar\u00eda llegue al mayor n\u00famero de asociaciones humanitarias posibles. Los autores de las obras fotogr\u00e1ficas son Sonia Herencia Anillo, Carmen Torres Chaguaceda, Flor N\u00fa\u00f1ez Nieto, Francisco Gil Salguero, Jos\u00e9<\/p>\n<div class=\"belowpost\"><a class=\"btnmore\" href=\"https:\/\/www.huelvaysusfotografos.com\/?p=5625\">Seguir leyendo<\/a><\/div>\n","protected":false},"author":8279,"featured_media":5638,"comment_status":"open","ping_status":"open","sticky":false,"template":"","format":"standard","meta":{"footnotes":"","_links_to":"","_links_to_target":""},"categories":[165],"tags":[],"class_list":["post-5625","post","type-post","status-publish","format-standard","has-post-thumbnail","hentry","category-subasta-solidaria"],"_links":{"self":[{"href":"https:\/\/www.huelvaysusfotografos.com\/index.php?rest_route=\/wp\/v2\/posts\/5625","targetHints":{"allow":["GET"]}}],"collection":[{"href":"https:\/\/www.huelvaysusfotografos.com\/index.php?rest_route=\/wp\/v2\/posts"}],"about":[{"href":"https:\/\/www.huelvaysusfotografos.com\/index.php?rest_route=\/wp\/v2\/types\/post"}],"author":[{"embeddable":true,"href":"https:\/\/www.huelvaysusfotografos.com\/index.php?rest_route=\/wp\/v2\/users\/8279"}],"replies":[{"embeddable":true,"href":"https:\/\/www.huelvaysusfotografos.com\/index.php?rest_route=%2Fwp%2Fv2%2Fcomments&post=5625"}],"version-history":[{"count":4,"href":"https:\/\/www.huelvaysusfotografos.com\/index.php?rest_route=\/wp\/v2\/posts\/5625\/revisions"}],"predecessor-version":[{"id":5647,"href":"https:\/\/www.huelvaysusfotografos.com\/index.php?rest_route=\/wp\/v2\/posts\/5625\/revisions\/5647"}],"wp:featuredmedia":[{"embeddable":true,"href":"https:\/\/www.huelvaysusfotografos.com\/index.php?rest_route=\/wp\/v2\/media\/5638"}],"wp:attachment":[{"href":"https:\/\/www.huelvaysusfotografos.com\/index.php?rest_route=%2Fwp%2Fv2%2Fmedia&parent=5625"}],"wp:term":[{"taxonomy":"category","embeddable":true,"href":"https:\/\/www.huelvaysusfotografos.com\/index.php?rest_route=%2Fwp%2Fv2%2Fcategories&post=5625"},{"taxonomy":"post_tag","embeddable":true,"href":"https:\/\/www.huelvaysusfotografos.com\/index.php?rest_route=%2Fwp%2Fv2%2Ftags&post=5625"}],"curies":[{"name":"wp","href":"https:\/\/api.w.org\/{rel}","templated":true}]}}