{"id":5615,"date":"2020-04-29T20:26:00","date_gmt":"2020-04-29T18:26:00","guid":{"rendered":"http:\/\/www.huelvaysusfotografos.com\/?p=5615"},"modified":"2020-05-08T12:54:26","modified_gmt":"2020-05-08T10:54:26","slug":"narciso-perera-se-alza-con-el-primer-premio-del-concurso-de-semana-santa-2020-de-la-ahysf","status":"publish","type":"post","link":"https:\/\/www.huelvaysusfotografos.com\/?p=5615","title":{"rendered":"Narciso Perera se alza con el primer premio del concurso de Semana Santa 2020, de la AHYSF."},"content":{"rendered":"\n<p>La Asociaci\u00f3n Huelva y sus fot\u00f3grafos,\nlanzaba este concurso para activar y animar a sus socios en estos momentos dif\u00edciles\nque nos ha tocado vivir, debido a este maldito Covid-19, que nos mantiene a\ntodos en casa. <\/p>\n\n\n\n<p>Unas treinta y ocho obras han\nsido las enviadas a concurso por los siguientes socios, Sonia Herencia Anillo,\nAlejandro Zalvide, Francisco Borges, Pedro Ruiz-Constantino, Jos\u00e9 Mar\u00eda Est\u00e9vez,\nFrancisco Gil, Jos\u00e9 Luis Arizmendi Llanes, Cayetano Burgos Mazo, Jer\u00f3nimo\nCarrasco, Narciso Perera Ant\u00fanez, Manuel Silva, David Guerra D\u00edaz, Manuel\nPascual y Flor N\u00fa\u00f1ez. <\/p>\n\n\n\n<p>Los premios dotados\necon\u00f3micamente son como siguen: 1.- Premio dotado con 100 euros, 2.- Premio\ndotado con 50 euros y 3.- Premio dotado con 25 euros.<\/p>\n\n\n\n<p>Las im\u00e1genes han sido\nanalizadas por los fot\u00f3grafos profesionales Alberto Dom\u00ednguez Hern\u00e1ndez, Josu\u00e9\nCorrea Araujo y Juan Miguel Canterla S\u00e1nchez quienes forman el jurado de esta\nedici\u00f3n y han determinado los siguientes premios. <\/p>\n\n\n\n<p>Fallo del concurso de Semana\nSanta de confinamiento de la Asociaci\u00f3n de Huelva y sus fot\u00f3grafos.<\/p>\n\n\n\n<p><strong><em>Acta del jurado Concurso Semana\nSanta 2020 AHYSF<\/em><\/strong><\/p>\n\n\n\n<p><em>Siendo\nlas 18.00 horas del mi\u00e9rcoles 29 de marzo de 2020, reunidos mediante forma telem\u00e1tica\nlos fot\u00f3grafos profesionales: Alberto Dom\u00ednguez Hern\u00e1ndez, Josu\u00e9 Correa Araujo y\nJuan Miguel Canterla S\u00e1nchez<\/em><\/p>\n\n\n\n<p><em>Y\ndespu\u00e9s de visualizar y analizar las 38 fotograf\u00edas presentadas a concurso,\nconceder tres premios a las siguientes fotograf\u00edas en el siguiente orden.<\/em><\/p>\n\n\n\n<p><strong><em>Primer premio: Cruz de gu\u00eda de\nNarciso Perera<\/em><\/strong><\/p>\n\n\n\n<p><em>La\nfotograf\u00eda genera fuerza y una dominante en blanco y negro, con un tratamiento de\nla misma cuidado y sublime, realza el inicio de una cofrad\u00eda con la cruz de gu\u00eda\nen la calle, un enfoque de la cruz que hace dirigir la mirada a la misma y un\ndesenfoque de la multitud expectante en la calle, hacen que unida a su\ncomposici\u00f3n hacen que hable por si sola del comienzo de la procesi\u00f3n.<\/em><\/p>\n\n\n\n<p><strong><em>Segundo Premio: La ventana de\nFran Borges<\/em><\/strong><\/p>\n\n\n\n<p><em>La\nfotograf\u00eda y su composici\u00f3n en el interior del templo, mientras todos los ojos\nest\u00e1n fuera, pendientes del inicio de la procesi\u00f3n, hacen especial esta\nfotograf\u00eda, la oscuridad casi total de&nbsp;\nla misma realzan la luz que realza al paso en su salida del templo, a la\nmisma vez que consigue transmitir la misma con un haz de luz que entra a trav\u00e9s\nde la ventana de la fachada superior, todo con una correcta exposici\u00f3n.&nbsp;&nbsp;&nbsp; <\/em><\/p>\n\n\n\n<p><strong><em>Tercer premio: C\u00e1lido Domingo de David Guerra<\/em><\/strong><\/p>\n\n\n\n<p><em>La\nsencillez de la imagen habla por s\u00ed sola en la fotograf\u00eda, una luz fuerte, un\ndomingo de palmas, una casa cerrada a cal y canto con la rama de olivo en el\ncentro de la misma, unido a los dos nazarenos a ambos lados de la misma con su\nt\u00fanica roja hacen que el blanco de la cal de la pared te lleven al inicio y\nlectura de la fotograf\u00eda, el inicio del Domingo de Ramos lo marca el nazareno\nde la derecha con su palma en la mano. Muy buen uso del encuadre composici\u00f3n y\ncolor.<\/em><\/p>\n\n\n\n<p><em>Siendo\nlas 19.00 horas del mi\u00e9rcoles 29 de abril de 2020, damos por concluido el fallo\ndel jurado con los premios antes mencionados. <\/em><\/p>\n\n\n\n<p>Enhorabuena a todos los premiados, esperando poder vernos pronto para hacer la entrega del premio.<\/p>\n\n\n\n<figure class=\"wp-block-image\"><img loading=\"lazy\" decoding=\"async\" width=\"1024\" height=\"678\" src=\"https:\/\/www.huelvaysusfotografos.com\/wp-content\/uploads\/2020\/04\/SEGUNDO-PREMIO-lasalidajesuscaido19-1024x678.jpg\" alt=\"\" class=\"wp-image-5617\" srcset=\"https:\/\/www.huelvaysusfotografos.com\/wp-content\/uploads\/2020\/04\/SEGUNDO-PREMIO-lasalidajesuscaido19-1024x678.jpg 1024w, https:\/\/www.huelvaysusfotografos.com\/wp-content\/uploads\/2020\/04\/SEGUNDO-PREMIO-lasalidajesuscaido19-300x199.jpg 300w, https:\/\/www.huelvaysusfotografos.com\/wp-content\/uploads\/2020\/04\/SEGUNDO-PREMIO-lasalidajesuscaido19-768x509.jpg 768w, https:\/\/www.huelvaysusfotografos.com\/wp-content\/uploads\/2020\/04\/SEGUNDO-PREMIO-lasalidajesuscaido19-1536x1017.jpg 1536w, https:\/\/www.huelvaysusfotografos.com\/wp-content\/uploads\/2020\/04\/SEGUNDO-PREMIO-lasalidajesuscaido19-2048x1356.jpg 2048w, https:\/\/www.huelvaysusfotografos.com\/wp-content\/uploads\/2020\/04\/SEGUNDO-PREMIO-lasalidajesuscaido19-120x80.jpg 120w\" sizes=\"auto, (max-width: 1024px) 100vw, 1024px\" \/><\/figure>\n\n\n\n<figure class=\"wp-block-image\"><img loading=\"lazy\" decoding=\"async\" width=\"1024\" height=\"682\" src=\"https:\/\/www.huelvaysusfotografos.com\/wp-content\/uploads\/2020\/04\/TERCER-PREMIO-19BorriquitaGibrale\u00f3nDGuerra1-1024x682.jpg\" alt=\"\" class=\"wp-image-5618\" srcset=\"https:\/\/www.huelvaysusfotografos.com\/wp-content\/uploads\/2020\/04\/TERCER-PREMIO-19BorriquitaGibrale\u00f3nDGuerra1-1024x682.jpg 1024w, https:\/\/www.huelvaysusfotografos.com\/wp-content\/uploads\/2020\/04\/TERCER-PREMIO-19BorriquitaGibrale\u00f3nDGuerra1-300x200.jpg 300w, https:\/\/www.huelvaysusfotografos.com\/wp-content\/uploads\/2020\/04\/TERCER-PREMIO-19BorriquitaGibrale\u00f3nDGuerra1-768x512.jpg 768w, https:\/\/www.huelvaysusfotografos.com\/wp-content\/uploads\/2020\/04\/TERCER-PREMIO-19BorriquitaGibrale\u00f3nDGuerra1-120x80.jpg 120w, https:\/\/www.huelvaysusfotografos.com\/wp-content\/uploads\/2020\/04\/TERCER-PREMIO-19BorriquitaGibrale\u00f3nDGuerra1.jpg 1280w\" sizes=\"auto, (max-width: 1024px) 100vw, 1024px\" \/><\/figure>\n\n\n\n<p><\/p>\n","protected":false},"excerpt":{"rendered":"<p>La Asociaci\u00f3n Huelva y sus fot\u00f3grafos, lanzaba este concurso para activar y animar a sus socios en estos momentos dif\u00edciles que nos ha tocado vivir, debido a este maldito Covid-19, que nos mantiene a todos en casa. Unas treinta y ocho obras han sido las enviadas a concurso por los siguientes socios, Sonia Herencia Anillo, Alejandro Zalvide, Francisco Borges, Pedro Ruiz-Constantino, Jos\u00e9 Mar\u00eda Est\u00e9vez, Francisco Gil, Jos\u00e9 Luis Arizmendi Llanes,<\/p>\n<div class=\"belowpost\"><a class=\"btnmore\" href=\"https:\/\/www.huelvaysusfotografos.com\/?p=5615\">Seguir leyendo<\/a><\/div>\n","protected":false},"author":8279,"featured_media":5616,"comment_status":"open","ping_status":"open","sticky":false,"template":"","format":"standard","meta":{"footnotes":"","_links_to":"","_links_to_target":""},"categories":[12],"tags":[],"class_list":["post-5615","post","type-post","status-publish","format-standard","has-post-thumbnail","hentry","category-concursos"],"_links":{"self":[{"href":"https:\/\/www.huelvaysusfotografos.com\/index.php?rest_route=\/wp\/v2\/posts\/5615","targetHints":{"allow":["GET"]}}],"collection":[{"href":"https:\/\/www.huelvaysusfotografos.com\/index.php?rest_route=\/wp\/v2\/posts"}],"about":[{"href":"https:\/\/www.huelvaysusfotografos.com\/index.php?rest_route=\/wp\/v2\/types\/post"}],"author":[{"embeddable":true,"href":"https:\/\/www.huelvaysusfotografos.com\/index.php?rest_route=\/wp\/v2\/users\/8279"}],"replies":[{"embeddable":true,"href":"https:\/\/www.huelvaysusfotografos.com\/index.php?rest_route=%2Fwp%2Fv2%2Fcomments&post=5615"}],"version-history":[{"count":2,"href":"https:\/\/www.huelvaysusfotografos.com\/index.php?rest_route=\/wp\/v2\/posts\/5615\/revisions"}],"predecessor-version":[{"id":5620,"href":"https:\/\/www.huelvaysusfotografos.com\/index.php?rest_route=\/wp\/v2\/posts\/5615\/revisions\/5620"}],"wp:featuredmedia":[{"embeddable":true,"href":"https:\/\/www.huelvaysusfotografos.com\/index.php?rest_route=\/wp\/v2\/media\/5616"}],"wp:attachment":[{"href":"https:\/\/www.huelvaysusfotografos.com\/index.php?rest_route=%2Fwp%2Fv2%2Fmedia&parent=5615"}],"wp:term":[{"taxonomy":"category","embeddable":true,"href":"https:\/\/www.huelvaysusfotografos.com\/index.php?rest_route=%2Fwp%2Fv2%2Fcategories&post=5615"},{"taxonomy":"post_tag","embeddable":true,"href":"https:\/\/www.huelvaysusfotografos.com\/index.php?rest_route=%2Fwp%2Fv2%2Ftags&post=5615"}],"curies":[{"name":"wp","href":"https:\/\/api.w.org\/{rel}","templated":true}]}}