{"id":5610,"date":"2020-03-25T19:17:45","date_gmt":"2020-03-25T18:17:45","guid":{"rendered":"http:\/\/www.huelvaysusfotografos.com\/?p=5610"},"modified":"2020-03-25T19:17:47","modified_gmt":"2020-03-25T18:17:47","slug":"visiones-por-antonio-pereira","status":"publish","type":"post","link":"https:\/\/www.huelvaysusfotografos.com\/?p=5610","title":{"rendered":"Visiones por Antonio Pereira"},"content":{"rendered":"\n<p>\u201cSi pudiera contarlo con palabras, no me ser\u00eda necesario cargar con una c\u00e1mara\u201d<br>\nLewis Hine.<\/p>\n\n\n\n<p>Son ya muchos a\u00f1os viviendo nuestra Romer\u00eda de una forma distinta a la mayor\u00eda de los piedralberos.<\/p>\n\n\n\n<p>Yo no preparo trajes, ni caballos, ni monturas; s\u00f3lo un equipo de fotograf\u00eda para intentar captar los instantes que me abordan y dejarlos registrados para siempre. <br>\nPongo toda mi ilusi\u00f3n y todo mi empe\u00f1o en que estas estampas est\u00e9n cargadas de belleza y transmitan vuestro sentir a trav\u00e9s del m\u00edo. <br>\nIntento fotocopiar nuestra romer\u00eda casi como un notario dejando constancia para que quien la vuelva a ver en el futuro, reviva lo que yo viv\u00ed. <br>\nPersigo el momento y busco los lugares donde intuyo que se van a producir esas im\u00e1genes deseadas. Sin embargo, otras muchas surgen por casualidad, fruto de la buena suerte y de moverse mucho. (Si quieres hacer buenas fotos, c\u00f3mprate unos buenos zapatos).<\/p>\n\n\n\n<p>El Domingo temprano, una luz fresca y limpia en la Iglesia de El Almendro. Y despu\u00e9s, a la f\u00e1brica de harina; a ver c\u00f3mo caballistas y romeros se re\u00fanen para emprender el camino hacia la ermita. <br>\nLos primeros, los mayordomos, que orgullosos se disponen a guiarlos. <br>\nYa va la caballer\u00eda serpenteando por nuestro mar andevale\u00f1o de jaras en flor. <br>\nEn el Puerto del Vino, festival de color y alegr\u00eda: cante y baile por sevillanas a la sombra de las centenarias encinas.<\/p>\n\n\n\n<p>La llegada al Prado de Osma es otra estampa que no puede faltar. Con nervios y satisfacci\u00f3n tus hijos llegan a saludarte. Muchas veces desde dentro de tu ermita, como en un aguardo, he fotografiado caras sollozando al verte por primera vez en tu paso esas Pascuas.<\/p>\n\n\n\n<p>Despu\u00e9s de reponer fuerzas, espero uno de los instantes m\u00e1s especiales\u2026 LA PROCESI\u00d3N.<\/p>\n\n\n\n<p>\u00a1Cu\u00e1ntas veces he visto a trav\u00e9s de mi objetivo tu cara acariciada por los rayos del sol de Abril! En esos momentos m\u00e1gicos, la veo tan cerca, tan cerca que parece hablarme. Te escucho decir: \u00a1Hombre Anto\u00f1ito, otra vez aqu\u00ed! <br>\nY es que ya son m\u00e1s de treinta a\u00f1os de fotos a nuestra Virgen. <br>\nRecuerdo que una de aquellas primeras fotos se la regal\u00e9 a mi abuela que la puso en su cabecera. \u00a1Qu\u00e9 orgulloso me hiciste sentir, abuela!<\/p>\n\n\n\n<p>Aqu\u00ed empiezan a sonar flautas, tamboriles y palillos. <br>\nTodos se preparan para tan anhelado momento. <br>\nLos que la llevan a hombros con orgullo, el capataz siempre atento al paso, los tamborileros, los responsables de llevar sus estandartes, los cirochos que, colocados en paralelo, esperan las indicaciones de su gu\u00eda y los piedralberos todos que, junto a Ella, recorren el Prado de Osma.<\/p>\n\n\n\n<p>Quisiera no permitirme ni pesta\u00f1ear siquiera, para poder retratar cada uno de vuestros gestos, cada una de vuestras emociones. Unos me sorprend\u00e9is por vuestra radiante alegr\u00eda, otros por vuestra contenida tristeza. \u00a1S\u00f3lo Dios sabe por qu\u00e9! Muchos, pensativos, haciendo alguna s\u00faplica profunda. Todos vais, seguramente, muy atareados conversando con Ella.<\/p>\n\n\n\n<p>Quisiera verlo todo y poder as\u00ed inmortalizar con mi c\u00e1mara las estampas que en la procesi\u00f3n ocurren: Como la de una abuela que abraza con ternura a su nieto, vestido de cirocho, mientras al o\u00eddo le habla de la Virgen, transmiti\u00e9ndole casi jugando el amor por Nuestra Madre Mar\u00eda Sant\u00edsima de Piedras Albas.<\/p>\n\n\n\n<p>Boquiabierto me quedo cuando veo bailar cada vez mejor a nuestros j\u00f3venes cirochos. Es necesario reconocer y agradecer inmensamente el trabajo y la constancia de todas las personas que lo han hecho posible, incluyendo a sus padres. <br>\n\u00a1Qu\u00e9 merito transmitir y mantener viva la herencia de nuestros antepasados en estos chiquillos!<\/p>\n\n\n\n<p>Casi sin darnos cuenta, hemos llegado al olivo. Nuestra Madre vuelve a su casa.<\/p>\n\n\n\n<p>El Martes, de nuevo en la procesi\u00f3n. <\/p>\n\n\n\n<p>Pero hoy es diferente. <br>\nUn pensamiento flota en el aire. <br>\nTodos nos preguntamos lo mismo. En todos el mismo deseo. <br>\nLa Virgen se acerca a la Cruz del Calvario mientras vivimos uno de los momentos cumbres de nuestra romer\u00eda: La toma de pendones. <\/p>\n\n\n\n<p>Entonces mi c\u00e1mara se vuelve m\u00e1s atenta que nunca. Mis sentidos se agudizan para ver, sentir, o\u00edr qui\u00e9n o qui\u00e9nes son los valientes.<br>\n\u00a1Ya est\u00e1! El pend\u00f3n ondea muy alto. Una mano firme lo ha atrapado. Los llantos se mezclan con alegr\u00edas y enhorabuenas. Lluvia de besos y abrazos para ellos.<br>\nEs un momento sublime en el que las emociones se vuelven tan intensas\u2026 <\/p>\n\n\n\n<p>Ahora empieza el final. <br>\nEl sol ha reservado la m\u00e1s bella de sus luces para el regreso de nuestra Virgen a su ermita. <br>\nYo no me canso de capturar momentos. <br>\nYa el sol comienza a esconderse de forma m\u00e1s r\u00e1pida. Creo que sabe que Piedras Albas se va a descansar hasta las pr\u00f3ximas Pascuas.<\/p>\n\n\n\n<p>La Se\u00f1ora ya est\u00e1 dentro. <br>\nNadie se quiere marchar. <br>\nSi puedo, me quedo hasta \u00faltima hora para captar alguna l\u00e1grima que se desliza por las mejillas de aquellos que ya est\u00e1n ech\u00e1ndote de menos. <br>\n\u00a1As\u00ed que aqu\u00ed nos quedamos!<\/p>\n\n\n\n<p>Ahora vamos a rezar y a cantarle por fandangos. <br>\nSin querernos despedir, vamos saliendo despacio. <br>\nTodo esto ha pasado en un abrir y cerrar de ojos. <br>\nY yo sue\u00f1o con nuevas fotos de las Pascuas que vendr\u00e1n.<\/p>\n\n\n\n<p>\u00a1\u00a1Viva la Virgen de Piedras Albas!!<\/p>\n\n\n\n<p>Salud y suerte infinita para todos.<br>\nAntonio Pereira Jim\u00e9nez<\/p>\n","protected":false},"excerpt":{"rendered":"<p>\u201cSi pudiera contarlo con palabras, no me ser\u00eda necesario cargar con una c\u00e1mara\u201d Lewis Hine. Son ya muchos a\u00f1os viviendo nuestra Romer\u00eda de una forma distinta a la mayor\u00eda de los piedralberos. Yo no preparo trajes, ni caballos, ni monturas; s\u00f3lo un equipo de fotograf\u00eda para intentar captar los instantes que me abordan y dejarlos registrados para siempre. Pongo toda mi ilusi\u00f3n y todo mi empe\u00f1o en que estas estampas<\/p>\n<div class=\"belowpost\"><a class=\"btnmore\" href=\"https:\/\/www.huelvaysusfotografos.com\/?p=5610\">Seguir leyendo<\/a><\/div>\n","protected":false},"author":8279,"featured_media":5611,"comment_status":"open","ping_status":"open","sticky":false,"template":"","format":"standard","meta":{"footnotes":"","_links_to":"","_links_to_target":""},"categories":[114],"tags":[],"class_list":["post-5610","post","type-post","status-publish","format-standard","has-post-thumbnail","hentry","category-opiniones"],"_links":{"self":[{"href":"https:\/\/www.huelvaysusfotografos.com\/index.php?rest_route=\/wp\/v2\/posts\/5610","targetHints":{"allow":["GET"]}}],"collection":[{"href":"https:\/\/www.huelvaysusfotografos.com\/index.php?rest_route=\/wp\/v2\/posts"}],"about":[{"href":"https:\/\/www.huelvaysusfotografos.com\/index.php?rest_route=\/wp\/v2\/types\/post"}],"author":[{"embeddable":true,"href":"https:\/\/www.huelvaysusfotografos.com\/index.php?rest_route=\/wp\/v2\/users\/8279"}],"replies":[{"embeddable":true,"href":"https:\/\/www.huelvaysusfotografos.com\/index.php?rest_route=%2Fwp%2Fv2%2Fcomments&post=5610"}],"version-history":[{"count":1,"href":"https:\/\/www.huelvaysusfotografos.com\/index.php?rest_route=\/wp\/v2\/posts\/5610\/revisions"}],"predecessor-version":[{"id":5612,"href":"https:\/\/www.huelvaysusfotografos.com\/index.php?rest_route=\/wp\/v2\/posts\/5610\/revisions\/5612"}],"wp:featuredmedia":[{"embeddable":true,"href":"https:\/\/www.huelvaysusfotografos.com\/index.php?rest_route=\/wp\/v2\/media\/5611"}],"wp:attachment":[{"href":"https:\/\/www.huelvaysusfotografos.com\/index.php?rest_route=%2Fwp%2Fv2%2Fmedia&parent=5610"}],"wp:term":[{"taxonomy":"category","embeddable":true,"href":"https:\/\/www.huelvaysusfotografos.com\/index.php?rest_route=%2Fwp%2Fv2%2Fcategories&post=5610"},{"taxonomy":"post_tag","embeddable":true,"href":"https:\/\/www.huelvaysusfotografos.com\/index.php?rest_route=%2Fwp%2Fv2%2Ftags&post=5610"}],"curies":[{"name":"wp","href":"https:\/\/api.w.org\/{rel}","templated":true}]}}