{"id":5607,"date":"2020-03-19T15:54:44","date_gmt":"2020-03-19T14:54:44","guid":{"rendered":"http:\/\/www.huelvaysusfotografos.com\/?p=5607"},"modified":"2020-03-24T16:04:03","modified_gmt":"2020-03-24T15:04:03","slug":"iii-concurso-fotografia-semana-santa-huelva-y-provincia","status":"publish","type":"post","link":"https:\/\/www.huelvaysusfotografos.com\/?p=5607","title":{"rendered":"III Concurso Fotograf\u00eda \u201cSEMANA SANTA HUELVA Y  PROVINCIA\u201d."},"content":{"rendered":"\n<p><strong><em>T<\/em><\/strong><em><strong>ema Libre \u201cSemana Santa de Huelva y Provincia\u201d.<\/strong><\/em><\/p>\n\n\n\n<p>Se activa este III concurso fotogr\u00e1fico, s\u00f3lo y  exclusivamente para Socios de la Asociaci\u00f3n Huelva y sus Fot\u00f3grafos, con fotograf\u00edas realizadas durante la Semana Santa de 2018 y 2019, tanto de Huelva Capital, as\u00ed como de la Provincia, que sean in\u00e9ditas y no hayan sido publicadas en ning\u00fan sitio.<br><\/p>\n\n\n\n<p>Se admitir\u00e1n todas las fotograf\u00edas desde los previos a Semana Santa, recorrido y estaciones de penitencia, as\u00ed como hasta la entrada a los templos de las im\u00e1genes, en fin todo lo que est\u00e9 relacionado con el mundo de la Semana Santa en Huelva y su provincia.<br> <strong>Bases y requisitos:<\/strong><\/p>\n\n\n\n<p>Debido al trabajo que supondr\u00e1 la b\u00fasqueda de las im\u00e1genes se admitir\u00e1 hasta un m\u00e1ximo de tres fotograf\u00edas por Soci@.<\/p>\n\n\n\n<p>Las fotos podr\u00e1n enviarse tanto en color, como en B\/N<br>El tama\u00f1o m\u00e1ximo de la imagen ser\u00e1 de 3 Mb<br>Las fotos deber\u00e1n ir sin firma, ni marca de agua.<\/p>\n\n\n\n<p> Las fotograf\u00edas se enviar\u00e1n por correo a <strong>huelvaysf@gmail.com<\/strong> , con el env\u00edo de las fotograf\u00edas se pondr\u00e1 en el cuerpo del correo, los siguientes datos, nombre completo del Autor \u00f3 Autora, Titulo de la obra, Hermandad<br> y a\u00f1o que se ha realizado, de cada una de las fotos presentadas con un m\u00e1ximo de tres fotos por autor.<\/p>\n\n\n\n<p>El archivo de la imagen deber\u00e1 indicar el a\u00f1o, la hermandad y el autor, como el ejemplo que se indica: ej.- <strong>18calvariomgarcia.jpg <\/strong><\/p>\n\n\n\n<p>El plazo m\u00e1ximo de env\u00edo de fotograf\u00edas finaliza el 24 de Abril a las 24,00 horas.<br>Cualquier fotograf\u00eda que no ajuste a las bases y normas establecidas ser\u00e1 eliminada.<br><\/p>\n\n\n\n<p>Una vez finalizado el concurso, las fotograf\u00edas recibidas ser\u00e1n destruidas, salvo que se decida hacer una exposici\u00f3n con las fotos presentadas.<br> El Jurado estar\u00e1 compuesto por Profesionales de la<br> Fotograf\u00eda ajenos a la Asociaci\u00f3n.<br><strong> Premios.<\/strong><br> 1.- Premio\u2026 100 euros<br> 2.- Premio\u2026 50 euros<br> 3.- Premio\u2026 25 euros<\/p>\n\n\n\n<p>Una vez producido el fallo del Jurado, la entrega de premios a los ganadores se har\u00e1 a la mayor brevedad posible, al tiempo que se enviar\u00e1 nota de prensa a los medios de comunicaci\u00f3n locales para su difusi\u00f3n.<\/p>\n\n\n\n<p>Suerte a tod@s, esperamos vuestra participaci\u00f3n.<br>Se estudiar\u00e1 la f\u00f3rmula de poder exponer las fotos que participen en este concurso, dependiendo del n\u00famero de participantes.<\/p>\n\n\n\n<p>LA JUNTA DIRECTIVA<\/p>\n","protected":false},"excerpt":{"rendered":"<p>Tema Libre \u201cSemana Santa de Huelva y Provincia\u201d. Se activa este III concurso fotogr\u00e1fico, s\u00f3lo y exclusivamente para Socios de la Asociaci\u00f3n Huelva y sus Fot\u00f3grafos, con fotograf\u00edas realizadas durante la Semana Santa de 2018 y 2019, tanto de Huelva Capital, as\u00ed como de la Provincia, que sean in\u00e9ditas y no hayan sido publicadas en ning\u00fan sitio. Se admitir\u00e1n todas las fotograf\u00edas desde los previos a Semana Santa, recorrido y<\/p>\n<div class=\"belowpost\"><a class=\"btnmore\" href=\"https:\/\/www.huelvaysusfotografos.com\/?p=5607\">Seguir leyendo<\/a><\/div>\n","protected":false},"author":8279,"featured_media":5608,"comment_status":"open","ping_status":"open","sticky":false,"template":"","format":"standard","meta":{"footnotes":"","_links_to":"","_links_to_target":""},"categories":[4,12],"tags":[],"class_list":["post-5607","post","type-post","status-publish","format-standard","has-post-thumbnail","hentry","category-actividades","category-concursos"],"_links":{"self":[{"href":"https:\/\/www.huelvaysusfotografos.com\/index.php?rest_route=\/wp\/v2\/posts\/5607","targetHints":{"allow":["GET"]}}],"collection":[{"href":"https:\/\/www.huelvaysusfotografos.com\/index.php?rest_route=\/wp\/v2\/posts"}],"about":[{"href":"https:\/\/www.huelvaysusfotografos.com\/index.php?rest_route=\/wp\/v2\/types\/post"}],"author":[{"embeddable":true,"href":"https:\/\/www.huelvaysusfotografos.com\/index.php?rest_route=\/wp\/v2\/users\/8279"}],"replies":[{"embeddable":true,"href":"https:\/\/www.huelvaysusfotografos.com\/index.php?rest_route=%2Fwp%2Fv2%2Fcomments&post=5607"}],"version-history":[{"count":1,"href":"https:\/\/www.huelvaysusfotografos.com\/index.php?rest_route=\/wp\/v2\/posts\/5607\/revisions"}],"predecessor-version":[{"id":5609,"href":"https:\/\/www.huelvaysusfotografos.com\/index.php?rest_route=\/wp\/v2\/posts\/5607\/revisions\/5609"}],"wp:featuredmedia":[{"embeddable":true,"href":"https:\/\/www.huelvaysusfotografos.com\/index.php?rest_route=\/wp\/v2\/media\/5608"}],"wp:attachment":[{"href":"https:\/\/www.huelvaysusfotografos.com\/index.php?rest_route=%2Fwp%2Fv2%2Fmedia&parent=5607"}],"wp:term":[{"taxonomy":"category","embeddable":true,"href":"https:\/\/www.huelvaysusfotografos.com\/index.php?rest_route=%2Fwp%2Fv2%2Fcategories&post=5607"},{"taxonomy":"post_tag","embeddable":true,"href":"https:\/\/www.huelvaysusfotografos.com\/index.php?rest_route=%2Fwp%2Fv2%2Ftags&post=5607"}],"curies":[{"name":"wp","href":"https:\/\/api.w.org\/{rel}","templated":true}]}}