{"id":5572,"date":"2020-03-11T10:34:44","date_gmt":"2020-03-11T09:34:44","guid":{"rendered":"http:\/\/www.huelvaysusfotografos.com\/?p=5572"},"modified":"2020-03-11T10:55:32","modified_gmt":"2020-03-11T09:55:32","slug":"jose-luis-arizmendi-nuevo-presidente-de-la-asociacion-huelva-y-sus-fotografos","status":"publish","type":"post","link":"https:\/\/www.huelvaysusfotografos.com\/?p=5572","title":{"rendered":"Jos\u00e9 Luis Arizmendi nuevo Presidente de la Asociaci\u00f3n Huelva y sus Fot\u00f3grafos"},"content":{"rendered":"\n<p>En la tarde noche de ayer 10 de marzo, se celebr\u00f3 la asamblea de socios de Huelva y sus Fot\u00f3grafos, donde qued\u00f3 aprobada la nueva junta directiva, siendo su nuevo presidente Jos\u00e9 Luis Arizmendi Llanes.<\/p>\n\n\n\n<p>Jos\u00e9 Luis Arizmendi era proclamado nuevo presidente de la Asociaci\u00f3n Huelva y sus Fot\u00f3grafos, con la mayor\u00eda de los votos a mano alzado de los asistentes al acto. <\/p>\n\n\n\n<p>El acto tuvo lugar en el sal\u00f3n de actos del espacio municipal de \u00abLa Gota de Leche\u00bb, donde se procedi\u00f3 a la lectura del acta, lectura de los miembros de la nueva junta directiva y propuestas de actividades de actividades para este a\u00f1o 2020.<\/p>\n\n\n\n<p>A continuaci\u00f3n os dejamos el acta de la reuni\u00f3n celebrada ayer, donde se detallan todas las acciones a realizar por este nuevo equipo humano que est\u00e1 formado por:  <\/p>\n\n\n\n<p>&#8211; Jose Luis Arizmendi Llanes&nbsp;&nbsp;&nbsp;&nbsp;&nbsp;&nbsp;&nbsp;&nbsp;&nbsp; Presidente.<\/p>\n\n\n\n<p>&#8211; Pilar Rodr\u00edguez Barranco:&nbsp;&nbsp;&nbsp;&nbsp; &nbsp;&nbsp;&nbsp;&nbsp;&nbsp;&nbsp;&nbsp;&nbsp;Vicepresidenta.<\/p>\n\n\n\n<p>&#8211; Doulfikar Mouatassim&nbsp;&nbsp;&nbsp;&nbsp;&nbsp;&nbsp;&nbsp;&nbsp;&nbsp;&nbsp;&nbsp;&nbsp;&nbsp;&nbsp;&nbsp;&nbsp;&nbsp;&nbsp;&nbsp; Tesorero.<\/p>\n\n\n\n<p>&#8211; Jose Prieto Ramblado&nbsp;&nbsp;&nbsp;&nbsp;&nbsp;&nbsp;&nbsp;&nbsp;&nbsp;&nbsp;&nbsp;&nbsp;&nbsp;&nbsp;&nbsp;&nbsp;&nbsp;&nbsp;&nbsp;&nbsp; Secretario.<\/p>\n\n\n\n<p>&#8211; Flor N\u00fa\u00f1ez Nieto&nbsp;&nbsp;&nbsp; &nbsp;&nbsp;&nbsp;&nbsp;&nbsp;&nbsp;&nbsp;&nbsp;&nbsp;&nbsp;&nbsp;&nbsp;&nbsp;&nbsp;&nbsp;&nbsp;&nbsp;&nbsp;&nbsp;&nbsp;&nbsp;&nbsp;&nbsp;&nbsp;&nbsp;&nbsp;Vocal.<\/p>\n\n\n\n<p>&#8211; Cayetana Santana&nbsp;&nbsp;&nbsp;&nbsp;&nbsp;\n&nbsp;&nbsp;&nbsp;&nbsp;&nbsp;&nbsp;&nbsp;&nbsp;&nbsp;&nbsp;&nbsp;&nbsp;&nbsp;&nbsp;&nbsp;&nbsp;&nbsp;&nbsp;&nbsp;&nbsp;&nbsp;&nbsp;&nbsp;Vocal.<\/p>\n\n\n\n<p>&#8211; Carmelo Garc\u00eda&nbsp;&nbsp;&nbsp;&nbsp;&nbsp;&nbsp;&nbsp;&nbsp;&nbsp;&nbsp;&nbsp;&nbsp;&nbsp;&nbsp;&nbsp;&nbsp;&nbsp;&nbsp;&nbsp;&nbsp;&nbsp;&nbsp;&nbsp; Vocal a t\u00edtulo p\u00f3stumo.<\/p>\n\n\n\n<p><strong>Acta\nAsamblea Huelva y sus Fot\u00f3grafos<\/strong><\/p>\n\n\n\n<p>ASAMBLEA HUELVA Y SUS\nFOT\u00d3GRAFOS 2020<\/p>\n\n\n\n<p>En Huelva a 10 de Marzo de\n2020, siendo las 19.00 horas, en el sal\u00f3n de actos del edificio municipal de la\n\u201cLa Gota de Leche\u201d de Huelva, se convoca a los socios con el&nbsp; siguiente <\/p>\n\n\n\n<p>Orden del d\u00eda:<\/p>\n\n\n\n<p>1.- Cese de la junta directiva\nactual<\/p>\n\n\n\n<p>2.- Presentaci\u00f3n de la \u00fanica\njunta directiva que se ha presentado para continuidad de la Asociaci\u00f3n.<\/p>\n\n\n\n<p>3.- Proyecto de actividades de\nla nueva Junta Directiva para 2020.<\/p>\n\n\n\n<p>4.- Sugerencias y preguntas.<\/p>\n\n\n\n<p>____________________________________<\/p>\n\n\n\n<p><strong>1.-\nCese de la actual Junta directiva.<\/strong><\/p>\n\n\n\n<p>Los miembros de la actual junta\ndirectiva presentan su dimisi\u00f3n en bloque tal como se recoge en los estatutos\nde la Asociaci\u00f3n, quedando disuelta para la presentaci\u00f3n de nuevas\ncandidaturas.<\/p>\n\n\n\n<p><strong>2.-\nPresentaci\u00f3n nueva Junta directiva<\/strong><\/p>\n\n\n\n<p>Tal como se indic\u00f3 en la \u00faltima\nasamblea celebrada en el sal\u00f3n de actos de la Gota de Leche, se asignaba un\nplazo de presentaci\u00f3n para nuevas candidaturas, que finaliz\u00f3 el pasado 12 de\nfebrero.<\/p>\n\n\n\n<p>Tan solo una candidatura se ha\npresentado para la continuidad de la asociaci\u00f3n, quedando de la siguiente\nforma:<\/p>\n\n\n\n<p>Con motivo de las pr\u00f3ximas\nelecciones, me dirijo a ustedes para&nbsp;\npresentarles mi propuesta de candidatura del nuevo grupo humano, que\ndesean iniciar este camino por el futuro de la Asociaci\u00f3n.<\/p>\n\n\n\n<p>Desde la experiencia que hemos\nvenido acumulando durante algunos a\u00f1os como miembros de la Junta Directiva y\nquedar disuelta la actual Junta directiva, nos decidimos a proponer una nueva\ncandidatura, con la intenci\u00f3n e ilusi\u00f3n de llevar a nuestra Asociaci\u00f3n al lugar\nque nuestros compa\u00f1eros merecen y solicitan, en cuanto a actividades, formaci\u00f3n\ny momentos&nbsp; de diversi\u00f3n en com\u00fan,\nsiempre teniendo como punto de uni\u00f3n nuestro amor por la fotograf\u00eda.<\/p>\n\n\n\n<p>A continuaci\u00f3n, les enumero los\nsocios, que con la misma ilusi\u00f3n y dedicaci\u00f3n, se presentan para formar parte\nde la nueva Junta Directiva<\/p>\n\n\n\n<p>&#8211; Jose Luis Arizmendi Llanes&nbsp;&nbsp;&nbsp;&nbsp;&nbsp;&nbsp;&nbsp;&nbsp;&nbsp; Presidente.<\/p>\n\n\n\n<p>&#8211; Pilar Rodr\u00edguez Barranco:&nbsp;&nbsp;&nbsp;&nbsp; &nbsp;&nbsp;&nbsp;&nbsp;&nbsp;&nbsp;&nbsp;&nbsp;Vicepresidenta.<\/p>\n\n\n\n<p>&#8211; Doulfikar Mouatassim&nbsp;&nbsp;&nbsp;&nbsp;&nbsp;&nbsp;&nbsp;&nbsp;&nbsp;&nbsp;&nbsp;&nbsp;&nbsp;&nbsp;&nbsp;&nbsp;&nbsp;&nbsp;&nbsp; Tesorero.<\/p>\n\n\n\n<p>&#8211; Jose Prieto Ramblado&nbsp;&nbsp;&nbsp;&nbsp;&nbsp;&nbsp;&nbsp;&nbsp;&nbsp;&nbsp;&nbsp;&nbsp;&nbsp;&nbsp;&nbsp;&nbsp;&nbsp;&nbsp;&nbsp;&nbsp; Secretario.<\/p>\n\n\n\n<p>&#8211; Flor N\u00fa\u00f1ez Nieto&nbsp;&nbsp;&nbsp; &nbsp;&nbsp;&nbsp;&nbsp;&nbsp;&nbsp;&nbsp;&nbsp;&nbsp;&nbsp;&nbsp;&nbsp;&nbsp;&nbsp;&nbsp;&nbsp;&nbsp;&nbsp;&nbsp;&nbsp;&nbsp;&nbsp;&nbsp;&nbsp;&nbsp;&nbsp;Vocal.<\/p>\n\n\n\n<p>&#8211; Cayetana Santana&nbsp;&nbsp;&nbsp;&nbsp;&nbsp;\n&nbsp;&nbsp;&nbsp;&nbsp;&nbsp;&nbsp;&nbsp;&nbsp;&nbsp;&nbsp;&nbsp;&nbsp;&nbsp;&nbsp;&nbsp;&nbsp;&nbsp;&nbsp;&nbsp;&nbsp;&nbsp;&nbsp;&nbsp;Vocal.<\/p>\n\n\n\n<p>&#8211; Carmelo Garc\u00eda&nbsp;&nbsp;&nbsp;&nbsp;&nbsp;&nbsp;&nbsp;&nbsp;&nbsp;&nbsp;&nbsp;&nbsp;&nbsp;&nbsp;&nbsp;&nbsp;&nbsp;&nbsp;&nbsp;&nbsp;&nbsp;&nbsp;&nbsp; Vocal a t\u00edtulo p\u00f3stumo.<\/p>\n\n\n\n<p>Por todo ello, esperamos este a\nla altura nuestra propuesta para el futuro de nuestra Asociaci\u00f3n.<\/p>\n\n\n\n<p><strong>3.-\nProyecto de actividades para este a\u00f1o.<\/strong><\/p>\n\n\n\n<p>Tras reuni\u00f3n mantenida por los\nnuevos miembros de la junta directiva, hemos dise\u00f1ado una serie de actividades\ny eventos para llevar a cabo durante este a\u00f1o 2020.<\/p>\n\n\n\n<p>A.- En primer lugar queremos\nrealizar el aniversario de la Asociaci\u00f3n tal como se ha venido haciendo en&nbsp; a\u00f1os anteriores. Homenaje a Carmelo Garc\u00eda y\nrecuerdo a Mar\u00eda Dolores Blesa, ambos recientemente fallecidos. <\/p>\n\n\n\n<p>Para ello queremos invitar a\notras asociaciones de distinta \u00edndole para darle m\u00e1s visibilidad a la\nasociaci\u00f3n. Estamos estudiando la posibilidad de entregar los Carretes del a\u00f1o,\na personalidades y asociaciones relevantes, en la cultura, el deporte, la\nsociedad civil\u2026 Todo ello para dar luz a nuestra Asociaci\u00f3n a otras de distinta\n\u00edndole en Huelva y la provincia. <\/p>\n\n\n\n<p>B.- Para esta Semana Santa, se\nva a realizar un concurso de fotograf\u00eda \u201cTema Semana Santa de Huelva y\nProvincia\u201d, se dar\u00e1n tres premios en met\u00e1lico. Un primer premio de 150 euros,\nun segundo premio de 100 euros y un tercer premio de 50 euros.<\/p>\n\n\n\n<p>Se pasar\u00e1n las bases del\nconcurso en los pr\u00f3ximos d\u00edas.<\/p>\n\n\n\n<p>C.- Se va a solicitar al Excmo.\nAyuntamiento la posibilidad de un local donde poder reunirnos y realizar\ntertulias y talleres.<\/p>\n\n\n\n<p>D.- Se va a retomar el tema de\nla exposici\u00f3n que ten\u00edamos preparada para Enero, solicitando el espacio para\nlos pr\u00f3ximos meses y se indicar\u00e1 la fecha para aquellos socios que a\u00fan no han\npresentado su foto.<\/p>\n\n\n\n<p>E.- Creaci\u00f3n de un grupo de whatsApp\npara sugerencias e ideas que se puedan estudiar y realizar. <\/p>\n\n\n\n<p>F.- Salidas o quedadas para\nsocios donde pasar un d\u00eda de convivencia entorno a nuestra pasi\u00f3n que es la\nfotograf\u00eda. <\/p>\n\n\n\n<p>Como punto de partida hemos\npensado en varias salidas de las que ya indicaremos fechas y costes si los\nhubiese.<\/p>\n\n\n\n<p>1.- Salida a las Minas de Rio Tinto\npara hacer el recorrido en el Tren Minero y visitar el entorno de las minas a\ncielo abierto m\u00e1s grande del mundo. <\/p>\n\n\n\n<p>2.- Subida en barco por el\nGuadiana desde Ayamonte hasta Sanl\u00facar de Guadiana, tomando fotos del rio y sus\nm\u00e1rgenes, as\u00ed como de la bella localidad de Sanl\u00facar de Guadiana y su vecina\nPortugal (Alcaut\u00edn).<\/p>\n\n\n\n<p>3.- Visita a los D\u00f3lmenes del\nPozuelo (Zalamea la Real) y Dolmen de Soto en Trigueros.<\/p>\n\n\n\n<p>4.- Ruta en todo terrero por el\nParque Nacional de Do\u00f1ana para adentrarnos en la vida salvaje del parque\nnatural, donde poder ver a las especies que habitan en este paraje \u00fanico. <\/p>\n\n\n\n<p>5.- Rutas del vino, con visitas\na las bodegas m\u00e1s singulares de la provincia.<\/p>\n\n\n\n<p>6.- Visitas al campo bravo,\ndonde poder ver al toro en su espacio natural y tomar fotograf\u00edas en su\nentorno.<\/p>\n\n\n\n<p>Se podr\u00eda estudiar el hacer en\nel entorno un almuerzo campero y si tenemos alg\u00fan valiente y tenemos consenso\nse podr\u00eda hacer una capea. Todo ello depende del n\u00famero de socios que deseen\nacudir al evento.<\/p>\n\n\n\n<p>7.- Fotea 2020 <\/p>\n\n\n\n<p>8.- Saca de Yeguas, organizar\ngrupo y pasar un d\u00eda de convivencia. <\/p>\n\n\n\n<p>9.- Nuestra compa\u00f1era Elena\nBalonga programar\u00e1 una serie de actividades, talleres y cursos de los que se\npresentar\u00e1 un detalle de los mismos. <\/p>\n\n\n\n<p><strong>4.-\nSugerencias y preguntas.<\/strong><\/p>\n\n\n\n<p>Se abre el debate sobre\nsugerencias y preguntas, siendo las siguientes las que han manifestado los\nasistentes:<\/p>\n\n\n\n<p>-Petici\u00f3n de exposici\u00f3n con el\ntema portuario en relaci\u00f3n con el apoyo de patrocinio de la APH.<\/p>\n\n\n\n<p>-Propuesta para que la traves\u00eda\nfotogr\u00e1fica por el Guadiana se desde Sanl\u00facar a M\u00e9rtola.<\/p>\n\n\n\n<p>-Propuesta de realizar un\ntaller de fotos nocturnas con su quedada correspondiente.<\/p>\n\n\n\n<p>-Acuerdo de hacer este a\u00f1o\nFOTEA en los jardines de Zafra en Huelva, tem\u00e1tica flamenca, vaquera y corto. <\/p>\n\n\n\n<p>&#8211; Realizar un acercamiento al\nrecientemente creado nuevo Ateneo de Huelva por su posible pujanza sociocultural.<\/p>\n\n\n\n<p>&#8211; Realizar otro taller de book\ncon modelos.<\/p>\n\n\n\n<p>Tras la presentaci\u00f3n de los\nproyectos, se solicita a los presentes su aprobaci\u00f3n. En primera instancia se\nvota a mano alzada con mayor\u00eda, que legitima a la nueva Junta Directiva. Y a\ncontinuaci\u00f3n se inscriben en el libro de actas todos los votos de los socios\nque acuden al acto.<\/p>\n\n\n\n<p>LISTADO DE ASISTENCIA.<\/p>\n\n\n\n<p>ANTONIO PEREIRA<\/p>\n\n\n\n<p>ALEJANDRO ZALVIDE (delegando)<\/p>\n\n\n\n<p>ANTONIO MORENO ORTEGA<\/p>\n\n\n\n<p>ANTONIO LE\u00d1A GUILLEN<\/p>\n\n\n\n<p>CARMELO VAZQUEZ GARC\u00cdA<\/p>\n\n\n\n<p>ENRIQUE GALLEGOSOSA<\/p>\n\n\n\n<p>SEBASTIAN MEDINA LOPEZ<\/p>\n\n\n\n<p>FCO .GIL SALGUERO<\/p>\n\n\n\n<p>JOAQUIN PEREZ SANCHEZ<\/p>\n\n\n\n<p>PEDRO WEIKERT (delegando)<\/p>\n\n\n\n<p>MANUEL QUINTERO MARQUEZ<\/p>\n\n\n\n<p>ANTONIO HALD\u00d3N GARC\u00cdA<\/p>\n\n\n\n<p>M.CARMEN MACIAS CAPARROS<\/p>\n\n\n\n<p>MANUEL PASCUAL BONAQUE<\/p>\n\n\n\n<p>FCO. GARC\u00cdA QUINTANA<\/p>\n\n\n\n<p>SERGIO LLAGAS<\/p>\n\n\n\n<p>PEDRO RUIZ CONSTANTINO<\/p>\n\n\n\n<p>FLOR NU\u00d1EZ NIETO<\/p>\n\n\n\n<p>FCO. ALONSO CORREA<\/p>\n\n\n\n<p>CAYE CUMBRERAS SANTANA<\/p>\n\n\n\n<p>JOSE PRIETO RAMBLADO<\/p>\n\n\n\n<p>JOSE LU\u00cdS ARIZMENDI LLANES<\/p>\n\n\n\n<p>PILAR RODRIGUEZ BARRANCO<\/p>\n\n\n\n<p>MAR\u00cdA IZQUIERDO VAZQUEZ<\/p>\n\n\n\n<p>DOULFIKAR MOUATASSIM<\/p>\n\n\n\n<p>SONIA HERENCIA ANILLO&nbsp; (delegando)<\/p>\n\n\n\n<p>EVA HERENCIA ANILLO&nbsp;&nbsp;&nbsp; (delegando)<\/p>\n\n\n\n<p>Siendo las 20.30 horas se da\npor concluida la asamblea y por tanto una vez concluido el dictamen, se da aprobada\nla nueva gesti\u00f3n de nuestra Asociaci\u00f3n&nbsp;\nHuelva y sus Fot\u00f3grafos por parte de la nueva Junta directiva reci\u00e9n\nnombrada.<\/p>\n","protected":false},"excerpt":{"rendered":"<p>En la tarde noche de ayer 10 de marzo, se celebr\u00f3 la asamblea de socios de Huelva y sus Fot\u00f3grafos, donde qued\u00f3 aprobada la nueva junta directiva, siendo su nuevo presidente Jos\u00e9 Luis Arizmendi Llanes. Jos\u00e9 Luis Arizmendi era proclamado nuevo presidente de la Asociaci\u00f3n Huelva y sus Fot\u00f3grafos, con la mayor\u00eda de los votos a mano alzado de los asistentes al acto. El acto tuvo lugar en el sal\u00f3n<\/p>\n<div class=\"belowpost\"><a class=\"btnmore\" href=\"https:\/\/www.huelvaysusfotografos.com\/?p=5572\">Seguir leyendo<\/a><\/div>\n","protected":false},"author":8279,"featured_media":5573,"comment_status":"open","ping_status":"open","sticky":false,"template":"","format":"standard","meta":{"footnotes":"","_links_to":"","_links_to_target":""},"categories":[163],"tags":[],"class_list":["post-5572","post","type-post","status-publish","format-standard","has-post-thumbnail","hentry","category-asambleas"],"_links":{"self":[{"href":"https:\/\/www.huelvaysusfotografos.com\/index.php?rest_route=\/wp\/v2\/posts\/5572","targetHints":{"allow":["GET"]}}],"collection":[{"href":"https:\/\/www.huelvaysusfotografos.com\/index.php?rest_route=\/wp\/v2\/posts"}],"about":[{"href":"https:\/\/www.huelvaysusfotografos.com\/index.php?rest_route=\/wp\/v2\/types\/post"}],"author":[{"embeddable":true,"href":"https:\/\/www.huelvaysusfotografos.com\/index.php?rest_route=\/wp\/v2\/users\/8279"}],"replies":[{"embeddable":true,"href":"https:\/\/www.huelvaysusfotografos.com\/index.php?rest_route=%2Fwp%2Fv2%2Fcomments&post=5572"}],"version-history":[{"count":2,"href":"https:\/\/www.huelvaysusfotografos.com\/index.php?rest_route=\/wp\/v2\/posts\/5572\/revisions"}],"predecessor-version":[{"id":5583,"href":"https:\/\/www.huelvaysusfotografos.com\/index.php?rest_route=\/wp\/v2\/posts\/5572\/revisions\/5583"}],"wp:featuredmedia":[{"embeddable":true,"href":"https:\/\/www.huelvaysusfotografos.com\/index.php?rest_route=\/wp\/v2\/media\/5573"}],"wp:attachment":[{"href":"https:\/\/www.huelvaysusfotografos.com\/index.php?rest_route=%2Fwp%2Fv2%2Fmedia&parent=5572"}],"wp:term":[{"taxonomy":"category","embeddable":true,"href":"https:\/\/www.huelvaysusfotografos.com\/index.php?rest_route=%2Fwp%2Fv2%2Fcategories&post=5572"},{"taxonomy":"post_tag","embeddable":true,"href":"https:\/\/www.huelvaysusfotografos.com\/index.php?rest_route=%2Fwp%2Fv2%2Ftags&post=5572"}],"curies":[{"name":"wp","href":"https:\/\/api.w.org\/{rel}","templated":true}]}}