{"id":5562,"date":"2019-11-29T20:10:38","date_gmt":"2019-11-29T19:10:38","guid":{"rendered":"http:\/\/www.huelvaysusfotografos.com\/?p=5562"},"modified":"2020-03-22T23:56:33","modified_gmt":"2020-03-22T22:56:33","slug":"jose-luis-arizmendi-se-alza-con-el-premio-a-la-mejor-foto-de-huelva-y-sus-monumentos","status":"publish","type":"post","link":"https:\/\/www.huelvaysusfotografos.com\/?p=5562","title":{"rendered":"Manolo Silva se alza con el premio a la mejor foto de Huelva y sus monumentos"},"content":{"rendered":"\n<p>Nuestro compa\u00f1ero Manolo Silva se proclama con su fotograf\u00eda en el m\u00e1s votado de las fotos presentadas, dentro del marco de la mejor foto de Huelva y sus monumentos.<\/p>\n\n\n\n<p>NORMAS DEL CONCURSO<\/p>\n\n\n\n<p>Una foto por concursante en\ntama\u00f1o 800X600 Y 72 PPP<\/p>\n\n\n\n<p>LA FOTOGRAF\u00cdA GANADORA RECIBIR\u00c1\nUNA AMPLIACI\u00d3N EN 30&#215;40<\/p>\n\n\n\n<p>Las fotos dispondr\u00e1n hasta las\n22:00 horas del d\u00eda 20 de NOVIEMBRE para subir la foto; una vez terminado el\nplazo se abrir\u00e1n las votaciones que ser\u00e1n a partir de esa hora hasta el 25 de\nNOVIEMBRE a las 22:00h.<\/p>\n\n\n\n<p>Puntuaciones: D\u00e1ndole 2 puntos\ny 1 punto respectivamente a las fotos que m\u00e1s nos gusten.<\/p>\n\n\n\n<p>Aquella persona que participe y\nno vote ser\u00e1 eliminada.<\/p>\n\n\n\n<p>En caso de empate, se har\u00e1 una\nvotaci\u00f3n extra, a 7 votos d\u00e1ndole 1 punto a la foto que m\u00e1s nos guste.<\/p>\n\n\n\n<p>Aunque no se participe se puede\nvotar.<\/p>\n\n\n\n<p>La participaci\u00f3n presupone el\nconocimiento y aceptaci\u00f3n de estas normas.<\/p>\n","protected":false},"excerpt":{"rendered":"<p>Nuestro compa\u00f1ero Manolo Silva se proclama con su fotograf\u00eda en el m\u00e1s votado de las fotos presentadas, dentro del marco de la mejor foto de Huelva y sus monumentos. NORMAS DEL CONCURSO Una foto por concursante en tama\u00f1o 800X600 Y 72 PPP LA FOTOGRAF\u00cdA GANADORA RECIBIR\u00c1 UNA AMPLIACI\u00d3N EN 30&#215;40 Las fotos dispondr\u00e1n hasta las 22:00 horas del d\u00eda 20 de NOVIEMBRE para subir la foto; una vez terminado el<\/p>\n<div class=\"belowpost\"><a class=\"btnmore\" href=\"https:\/\/www.huelvaysusfotografos.com\/?p=5562\">Seguir leyendo<\/a><\/div>\n","protected":false},"author":8279,"featured_media":5606,"comment_status":"open","ping_status":"open","sticky":false,"template":"","format":"standard","meta":{"footnotes":"","_links_to":"","_links_to_target":""},"categories":[12],"tags":[],"class_list":["post-5562","post","type-post","status-publish","format-standard","has-post-thumbnail","hentry","category-concursos"],"_links":{"self":[{"href":"https:\/\/www.huelvaysusfotografos.com\/index.php?rest_route=\/wp\/v2\/posts\/5562","targetHints":{"allow":["GET"]}}],"collection":[{"href":"https:\/\/www.huelvaysusfotografos.com\/index.php?rest_route=\/wp\/v2\/posts"}],"about":[{"href":"https:\/\/www.huelvaysusfotografos.com\/index.php?rest_route=\/wp\/v2\/types\/post"}],"author":[{"embeddable":true,"href":"https:\/\/www.huelvaysusfotografos.com\/index.php?rest_route=\/wp\/v2\/users\/8279"}],"replies":[{"embeddable":true,"href":"https:\/\/www.huelvaysusfotografos.com\/index.php?rest_route=%2Fwp%2Fv2%2Fcomments&post=5562"}],"version-history":[{"count":2,"href":"https:\/\/www.huelvaysusfotografos.com\/index.php?rest_route=\/wp\/v2\/posts\/5562\/revisions"}],"predecessor-version":[{"id":5571,"href":"https:\/\/www.huelvaysusfotografos.com\/index.php?rest_route=\/wp\/v2\/posts\/5562\/revisions\/5571"}],"wp:featuredmedia":[{"embeddable":true,"href":"https:\/\/www.huelvaysusfotografos.com\/index.php?rest_route=\/wp\/v2\/media\/5606"}],"wp:attachment":[{"href":"https:\/\/www.huelvaysusfotografos.com\/index.php?rest_route=%2Fwp%2Fv2%2Fmedia&parent=5562"}],"wp:term":[{"taxonomy":"category","embeddable":true,"href":"https:\/\/www.huelvaysusfotografos.com\/index.php?rest_route=%2Fwp%2Fv2%2Fcategories&post=5562"},{"taxonomy":"post_tag","embeddable":true,"href":"https:\/\/www.huelvaysusfotografos.com\/index.php?rest_route=%2Fwp%2Fv2%2Ftags&post=5562"}],"curies":[{"name":"wp","href":"https:\/\/api.w.org\/{rel}","templated":true}]}}