{"id":5559,"date":"2019-11-29T20:06:01","date_gmt":"2019-11-29T19:06:01","guid":{"rendered":"http:\/\/www.huelvaysusfotografos.com\/?p=5559"},"modified":"2019-11-29T20:06:02","modified_gmt":"2019-11-29T19:06:02","slug":"francisco-borge-fernandez-se-alza-con-el-premio-a-la-mejor-foto-de-octubre-2019","status":"publish","type":"post","link":"https:\/\/www.huelvaysusfotografos.com\/?p=5559","title":{"rendered":"Francisco Borge Fern\u00e1ndez se alza con el premio a la mejor foto de Octubre 2019"},"content":{"rendered":"\n<p>Nuestro compa\u00f1ero Francisco\nBorge Fern\u00e1ndez se proclama con su fotograf\u00eda en el m\u00e1s votado de las fotos\npresentadas, dentro del marco de la mejor foto realizada durante el mes de Octubre\nde 2019.<\/p>\n\n\n\n<p>CONCURSO PATROCINADO POR: ELENA\nS. BALONGA &#8211; FOTOGRAF\u00cdA<\/p>\n\n\n\n<p>\u00abLA FOTOGRAF\u00cdA GANADORA\nRECIBIR\u00c1 UNA AMPLIACI\u00d3N EN 30&#215;40 MONTADO EN CART\u00d3N PLUMA.\u00bb<\/p>\n\n\n\n<p>Como sab\u00e9is, el concurso tiene\nun car\u00e1cter mensual, al objeto de ir eligiendo \u201cla mejor del mes\u201d al final del\na\u00f1o elegiremos, con las 12 ganadoras, \u201cLa Mejor del a\u00f1o 2019&#8243;.<\/p>\n\n\n\n<p>BASES:<\/p>\n\n\n\n<p>&#8211; Cada participante podr\u00e1 subir\nal hilo una fotograf\u00eda, la cual ha debido ser tomada durante el mes de OCTUBRE\n2019<\/p>\n\n\n\n<p>Se comprobar\u00e1n los datos Exif,\npor lo que estos deben estar abiertos.<\/p>\n\n\n\n<p>&#8211; Las fotograf\u00edas se subir\u00e1n en\ntama\u00f1o 800X600 Y 72 PIXELES, numeradas #1 #2\u2026<\/p>\n\n\n\n<p>&#8211; El plazo de presentaci\u00f3n para\nla fotograf\u00eda del mes de OCTUBRE ser\u00e1 desde este mismo momento hasta el 20 de\nNOVIEMBRE a las 22:00 Horas.<\/p>\n\n\n\n<p>&#8211; Las votaciones se llevaran a\ncabo del 21 al 25 de NOVIEMBRE a las 22:00 Horas.<\/p>\n\n\n\n<p>&#8211; Podr\u00e1n votar todos los\nmiembros del grupo; los participantes tienen la obligaci\u00f3n de votar, en caso de\nno hacerlo su foto quedar\u00e1 fuera de concurso. (No podr\u00e1n votarse a s\u00ed mismo).<\/p>\n\n\n\n<p>&#8211; La votaci\u00f3n se har\u00e1 de la\nsiguiente manera: elecci\u00f3n de tres fotos, eje. #5, #12, #30. (El valor es un\npunto para cada una), por lo que para facilitar el recuento deber\u00e9is votar como\ndice el ejemplo en Orden Ascendente.<\/p>\n\n\n\n<p>-En caso de empate, se har\u00e1 una\nvotaci\u00f3n extra, a 7 votos d\u00e1ndole 1 punto a la foto que m\u00e1s nos guste<\/p>\n","protected":false},"excerpt":{"rendered":"<p>Nuestro compa\u00f1ero Francisco Borge Fern\u00e1ndez se proclama con su fotograf\u00eda en el m\u00e1s votado de las fotos presentadas, dentro del marco de la mejor foto realizada durante el mes de Octubre de 2019. CONCURSO PATROCINADO POR: ELENA S. BALONGA &#8211; FOTOGRAF\u00cdA \u00abLA FOTOGRAF\u00cdA GANADORA RECIBIR\u00c1 UNA AMPLIACI\u00d3N EN 30&#215;40 MONTADO EN CART\u00d3N PLUMA.\u00bb Como sab\u00e9is, el concurso tiene un car\u00e1cter mensual, al objeto de ir eligiendo \u201cla mejor del mes\u201d<\/p>\n<div class=\"belowpost\"><a class=\"btnmore\" href=\"https:\/\/www.huelvaysusfotografos.com\/?p=5559\">Seguir leyendo<\/a><\/div>\n","protected":false},"author":8279,"featured_media":5560,"comment_status":"open","ping_status":"open","sticky":false,"template":"","format":"standard","meta":{"footnotes":"","_links_to":"","_links_to_target":""},"categories":[12],"tags":[],"class_list":["post-5559","post","type-post","status-publish","format-standard","has-post-thumbnail","hentry","category-concursos"],"_links":{"self":[{"href":"https:\/\/www.huelvaysusfotografos.com\/index.php?rest_route=\/wp\/v2\/posts\/5559","targetHints":{"allow":["GET"]}}],"collection":[{"href":"https:\/\/www.huelvaysusfotografos.com\/index.php?rest_route=\/wp\/v2\/posts"}],"about":[{"href":"https:\/\/www.huelvaysusfotografos.com\/index.php?rest_route=\/wp\/v2\/types\/post"}],"author":[{"embeddable":true,"href":"https:\/\/www.huelvaysusfotografos.com\/index.php?rest_route=\/wp\/v2\/users\/8279"}],"replies":[{"embeddable":true,"href":"https:\/\/www.huelvaysusfotografos.com\/index.php?rest_route=%2Fwp%2Fv2%2Fcomments&post=5559"}],"version-history":[{"count":1,"href":"https:\/\/www.huelvaysusfotografos.com\/index.php?rest_route=\/wp\/v2\/posts\/5559\/revisions"}],"predecessor-version":[{"id":5561,"href":"https:\/\/www.huelvaysusfotografos.com\/index.php?rest_route=\/wp\/v2\/posts\/5559\/revisions\/5561"}],"wp:featuredmedia":[{"embeddable":true,"href":"https:\/\/www.huelvaysusfotografos.com\/index.php?rest_route=\/wp\/v2\/media\/5560"}],"wp:attachment":[{"href":"https:\/\/www.huelvaysusfotografos.com\/index.php?rest_route=%2Fwp%2Fv2%2Fmedia&parent=5559"}],"wp:term":[{"taxonomy":"category","embeddable":true,"href":"https:\/\/www.huelvaysusfotografos.com\/index.php?rest_route=%2Fwp%2Fv2%2Fcategories&post=5559"},{"taxonomy":"post_tag","embeddable":true,"href":"https:\/\/www.huelvaysusfotografos.com\/index.php?rest_route=%2Fwp%2Fv2%2Ftags&post=5559"}],"curies":[{"name":"wp","href":"https:\/\/api.w.org\/{rel}","templated":true}]}}