{"id":5523,"date":"2019-09-27T19:04:14","date_gmt":"2019-09-27T17:04:14","guid":{"rendered":"http:\/\/www.huelvaysusfotografos.com\/?p=5523"},"modified":"2019-09-27T19:04:16","modified_gmt":"2019-09-27T17:04:16","slug":"pedro-ruiz-se-alza-con-el-premio-a-la-mejor-foto-tematica-contraluz","status":"publish","type":"post","link":"https:\/\/www.huelvaysusfotografos.com\/?p=5523","title":{"rendered":"Pedro Ruiz se alza con el premio a la mejor foto tem\u00e1tica \u201cContraluz\u201d"},"content":{"rendered":"\n<p>Nuestro compa\u00f1ero y presidente\nPedro Ruiz, se proclama con su fotograf\u00eda, dentro del marco de la mejor foto\ntem\u00e1tica \u201cContraluz\u201d, en el m\u00e1s votado de las fotos presentadas.<\/p>\n\n\n\n<p>NORMAS DEL CONCURSO<\/p>\n\n\n\n<p>Una foto por concursante en\ntama\u00f1o 800X600 Y 72 PPP<\/p>\n\n\n\n<p>LA FOTOGRAF\u00cdA GANADORA RECIBIR\u00c1\nUNA AMPLIACI\u00d3N EN 30&#215;40<\/p>\n\n\n\n<p>Hasta las 22:00 horas del d\u00eda\n20 de SEPTIEMBRE para subir la foto; una vez terminado el plazo se abrir\u00e1n las\nvotaciones que ser\u00e1n a partir de esa hora hasta el 25 de SEPTIEMBRE a las\n22:00h.<\/p>\n\n\n\n<p>Puntuaciones: D\u00e1ndole 2 puntos\ny 1 punto respectivamente a las fotos que m\u00e1s nos gusten.<\/p>\n\n\n\n<p>Aquella persona que participe y\nno vote ser\u00e1 eliminada.<\/p>\n\n\n\n<p>En caso de empate, se har\u00e1 una\nvotaci\u00f3n extra, a 7 votos d\u00e1ndole 1 punto a la foto que m\u00e1s nos guste.<\/p>\n\n\n\n<p>Aunque no se participe se puede\nvotar.<\/p>\n\n\n\n<p>La participaci\u00f3n presupone el\nconocimiento y aceptaci\u00f3n de estas normas.<\/p>\n","protected":false},"excerpt":{"rendered":"<p>Nuestro compa\u00f1ero y presidente Pedro Ruiz, se proclama con su fotograf\u00eda, dentro del marco de la mejor foto tem\u00e1tica \u201cContraluz\u201d, en el m\u00e1s votado de las fotos presentadas. NORMAS DEL CONCURSO Una foto por concursante en tama\u00f1o 800X600 Y 72 PPP LA FOTOGRAF\u00cdA GANADORA RECIBIR\u00c1 UNA AMPLIACI\u00d3N EN 30&#215;40 Hasta las 22:00 horas del d\u00eda 20 de SEPTIEMBRE para subir la foto; una vez terminado el plazo se abrir\u00e1n las<\/p>\n<div class=\"belowpost\"><a class=\"btnmore\" href=\"https:\/\/www.huelvaysusfotografos.com\/?p=5523\">Seguir leyendo<\/a><\/div>\n","protected":false},"author":8279,"featured_media":5524,"comment_status":"open","ping_status":"open","sticky":false,"template":"","format":"standard","meta":{"footnotes":"","_links_to":"","_links_to_target":""},"categories":[12],"tags":[],"class_list":["post-5523","post","type-post","status-publish","format-standard","has-post-thumbnail","hentry","category-concursos"],"_links":{"self":[{"href":"https:\/\/www.huelvaysusfotografos.com\/index.php?rest_route=\/wp\/v2\/posts\/5523","targetHints":{"allow":["GET"]}}],"collection":[{"href":"https:\/\/www.huelvaysusfotografos.com\/index.php?rest_route=\/wp\/v2\/posts"}],"about":[{"href":"https:\/\/www.huelvaysusfotografos.com\/index.php?rest_route=\/wp\/v2\/types\/post"}],"author":[{"embeddable":true,"href":"https:\/\/www.huelvaysusfotografos.com\/index.php?rest_route=\/wp\/v2\/users\/8279"}],"replies":[{"embeddable":true,"href":"https:\/\/www.huelvaysusfotografos.com\/index.php?rest_route=%2Fwp%2Fv2%2Fcomments&post=5523"}],"version-history":[{"count":1,"href":"https:\/\/www.huelvaysusfotografos.com\/index.php?rest_route=\/wp\/v2\/posts\/5523\/revisions"}],"predecessor-version":[{"id":5525,"href":"https:\/\/www.huelvaysusfotografos.com\/index.php?rest_route=\/wp\/v2\/posts\/5523\/revisions\/5525"}],"wp:featuredmedia":[{"embeddable":true,"href":"https:\/\/www.huelvaysusfotografos.com\/index.php?rest_route=\/wp\/v2\/media\/5524"}],"wp:attachment":[{"href":"https:\/\/www.huelvaysusfotografos.com\/index.php?rest_route=%2Fwp%2Fv2%2Fmedia&parent=5523"}],"wp:term":[{"taxonomy":"category","embeddable":true,"href":"https:\/\/www.huelvaysusfotografos.com\/index.php?rest_route=%2Fwp%2Fv2%2Fcategories&post=5523"},{"taxonomy":"post_tag","embeddable":true,"href":"https:\/\/www.huelvaysusfotografos.com\/index.php?rest_route=%2Fwp%2Fv2%2Ftags&post=5523"}],"curies":[{"name":"wp","href":"https:\/\/api.w.org\/{rel}","templated":true}]}}