{"id":5505,"date":"2019-09-04T16:50:47","date_gmt":"2019-09-04T14:50:47","guid":{"rendered":"http:\/\/www.huelvaysusfotografos.com\/?p=5505"},"modified":"2019-09-04T17:10:51","modified_gmt":"2019-09-04T15:10:51","slug":"antonio-pereira-se-alza-con-el-primer-premio-celebraciones-de-olympus","status":"publish","type":"post","link":"https:\/\/www.huelvaysusfotografos.com\/?p=5505","title":{"rendered":"Antonio Pereira se alza con el primer premio \u201cCelebraciones\u201d de Olympus"},"content":{"rendered":"\n<p>Nuestro socio y compa\u00f1ero\nAntonio Pereira Jim\u00e9nez es proclamado ganador con el primer premio de la\ntem\u00e1tica \u201cCelebraciones\u201d, un concurso organizado por Olympus y Encuentro en Arl\u00e9s\ncon motivo de su 100 a\u00f1os y 50 aniversario respectivamente.<\/p>\n\n\n\n<p>Existen tres tem\u00e1ticas\npara participar, dentro de ellas, Antonio ha participado en la tem\u00e1tica de\n\u00abCelebraciones\u00bb, donde le han premiado con una c\u00e1mara Olympus\u200b Pen F y dos objetivos.<\/p>\n\n\n\n<p>La foto ganadora recoge el\nmomento de la cogida de pendones de la Romer\u00eda de la Virgen de Piedras Alba.<\/p>\n\n\n\n<figure class=\"wp-block-embed\"><div class=\"wp-block-embed__wrapper\">\nhttps:\/\/my.olympus-consumer.com\/gallery\/contests\/french_group\/m\/celebration\n<\/div><\/figure>\n","protected":false},"excerpt":{"rendered":"<p>Nuestro socio y compa\u00f1ero Antonio Pereira Jim\u00e9nez es proclamado ganador con el primer premio de la tem\u00e1tica \u201cCelebraciones\u201d, un concurso organizado por Olympus y Encuentro en Arl\u00e9s con motivo de su 100 a\u00f1os y 50 aniversario respectivamente. Existen tres tem\u00e1ticas para participar, dentro de ellas, Antonio ha participado en la tem\u00e1tica de \u00abCelebraciones\u00bb, donde le han premiado con una c\u00e1mara Olympus\u200b Pen F y dos objetivos. La foto ganadora recoge<\/p>\n<div class=\"belowpost\"><a class=\"btnmore\" href=\"https:\/\/www.huelvaysusfotografos.com\/?p=5505\">Seguir leyendo<\/a><\/div>\n","protected":false},"author":8279,"featured_media":5507,"comment_status":"open","ping_status":"open","sticky":false,"template":"","format":"standard","meta":{"footnotes":"","_links_to":"","_links_to_target":""},"categories":[12],"tags":[],"class_list":["post-5505","post","type-post","status-publish","format-standard","has-post-thumbnail","hentry","category-concursos"],"_links":{"self":[{"href":"https:\/\/www.huelvaysusfotografos.com\/index.php?rest_route=\/wp\/v2\/posts\/5505","targetHints":{"allow":["GET"]}}],"collection":[{"href":"https:\/\/www.huelvaysusfotografos.com\/index.php?rest_route=\/wp\/v2\/posts"}],"about":[{"href":"https:\/\/www.huelvaysusfotografos.com\/index.php?rest_route=\/wp\/v2\/types\/post"}],"author":[{"embeddable":true,"href":"https:\/\/www.huelvaysusfotografos.com\/index.php?rest_route=\/wp\/v2\/users\/8279"}],"replies":[{"embeddable":true,"href":"https:\/\/www.huelvaysusfotografos.com\/index.php?rest_route=%2Fwp%2Fv2%2Fcomments&post=5505"}],"version-history":[{"count":1,"href":"https:\/\/www.huelvaysusfotografos.com\/index.php?rest_route=\/wp\/v2\/posts\/5505\/revisions"}],"predecessor-version":[{"id":5506,"href":"https:\/\/www.huelvaysusfotografos.com\/index.php?rest_route=\/wp\/v2\/posts\/5505\/revisions\/5506"}],"wp:featuredmedia":[{"embeddable":true,"href":"https:\/\/www.huelvaysusfotografos.com\/index.php?rest_route=\/wp\/v2\/media\/5507"}],"wp:attachment":[{"href":"https:\/\/www.huelvaysusfotografos.com\/index.php?rest_route=%2Fwp%2Fv2%2Fmedia&parent=5505"}],"wp:term":[{"taxonomy":"category","embeddable":true,"href":"https:\/\/www.huelvaysusfotografos.com\/index.php?rest_route=%2Fwp%2Fv2%2Fcategories&post=5505"},{"taxonomy":"post_tag","embeddable":true,"href":"https:\/\/www.huelvaysusfotografos.com\/index.php?rest_route=%2Fwp%2Fv2%2Ftags&post=5505"}],"curies":[{"name":"wp","href":"https:\/\/api.w.org\/{rel}","templated":true}]}}