{"id":5497,"date":"2019-08-27T17:13:29","date_gmt":"2019-08-27T15:13:29","guid":{"rendered":"http:\/\/www.huelvaysusfotografos.com\/?p=5497"},"modified":"2019-08-28T12:09:54","modified_gmt":"2019-08-28T10:09:54","slug":"sebastian-medina-lopez-ganador-de-la-mejor-foto-tematica-el-sol","status":"publish","type":"post","link":"https:\/\/www.huelvaysusfotografos.com\/?p=5497","title":{"rendered":"Sebasti\u00e1n Medina L\u00f3pez ganador de la mejor foto tem\u00e1tica El Sol"},"content":{"rendered":"\n<p>Re\u00f1ida este mes el concurso de\nla mejor foto tem\u00e1tica \u201cEl SOL\u201d de julio con un doble empate entre Sebasti\u00e1n\nMedina y Manuela Barroso, en el desempate termin\u00f3 como ganadora la fotograf\u00eda\nde Sebasti\u00e1n Medina, enhorabuena y a seguir participando. <\/p>\n\n\n\n<p><em>NORMAS\nDEL CONCURSO<\/em><\/p>\n\n\n\n<p><em>Patrocinado\npor Dulfi Fotograf\u00eda<\/em><\/p>\n\n\n\n<p>Una foto por concursante en\ntama\u00f1o 800X600 Y 72 PPP<\/p>\n\n\n\n<p>LA FOTOGRAF\u00cdA GANADORA RECIBIR\u00c1\nUNA AMPLIACI\u00d3N EN 30&#215;40<\/p>\n\n\n\n<p>Hasta las 22:00 horas del d\u00eda\n20 de AGOSTO para subir la foto; una vez terminado el plazo se abrir\u00e1n las\nvotaciones que ser\u00e1n a partir de esa hora hasta el 25 de AGOSTO a las 22:00h.<\/p>\n\n\n\n<p>Puntuaciones: D\u00e1ndole 2 puntos\ny 1 punto respectivamente a las fotos que m\u00e1s nos gusten.<\/p>\n\n\n\n<p>Aquella persona que participe y\nno vote ser\u00e1 eliminada.<\/p>\n\n\n\n<p>En caso de empate, se har\u00e1 una\nvotaci\u00f3n extra, a 7 votos d\u00e1ndole 1 punto a la foto que m\u00e1s nos guste.<\/p>\n\n\n\n<p>Aunque no se participe se puede\nvotar.<\/p>\n\n\n\n<p>La participaci\u00f3n presupone el\nconocimiento y aceptaci\u00f3n de estas normas.<\/p>\n\n\n\n<p>Por favor numerar las fotos\nsubidas\u2026 \u00a1Suerte!<\/p>\n","protected":false},"excerpt":{"rendered":"<p>Re\u00f1ida este mes el concurso de la mejor foto tem\u00e1tica \u201cEl SOL\u201d de julio con un doble empate entre Sebasti\u00e1n Medina y Manuela Barroso, en el desempate termin\u00f3 como ganadora la fotograf\u00eda de Sebasti\u00e1n Medina, enhorabuena y a seguir participando. NORMAS DEL CONCURSO Patrocinado por Dulfi Fotograf\u00eda Una foto por concursante en tama\u00f1o 800X600 Y 72 PPP LA FOTOGRAF\u00cdA GANADORA RECIBIR\u00c1 UNA AMPLIACI\u00d3N EN 30&#215;40 Hasta las 22:00 horas del<\/p>\n<div class=\"belowpost\"><a class=\"btnmore\" href=\"https:\/\/www.huelvaysusfotografos.com\/?p=5497\">Seguir leyendo<\/a><\/div>\n","protected":false},"author":8279,"featured_media":5499,"comment_status":"open","ping_status":"open","sticky":false,"template":"","format":"standard","meta":{"footnotes":"","_links_to":"","_links_to_target":""},"categories":[3],"tags":[],"class_list":["post-5497","post","type-post","status-publish","format-standard","has-post-thumbnail","hentry","category-noticias"],"_links":{"self":[{"href":"https:\/\/www.huelvaysusfotografos.com\/index.php?rest_route=\/wp\/v2\/posts\/5497","targetHints":{"allow":["GET"]}}],"collection":[{"href":"https:\/\/www.huelvaysusfotografos.com\/index.php?rest_route=\/wp\/v2\/posts"}],"about":[{"href":"https:\/\/www.huelvaysusfotografos.com\/index.php?rest_route=\/wp\/v2\/types\/post"}],"author":[{"embeddable":true,"href":"https:\/\/www.huelvaysusfotografos.com\/index.php?rest_route=\/wp\/v2\/users\/8279"}],"replies":[{"embeddable":true,"href":"https:\/\/www.huelvaysusfotografos.com\/index.php?rest_route=%2Fwp%2Fv2%2Fcomments&post=5497"}],"version-history":[{"count":1,"href":"https:\/\/www.huelvaysusfotografos.com\/index.php?rest_route=\/wp\/v2\/posts\/5497\/revisions"}],"predecessor-version":[{"id":5498,"href":"https:\/\/www.huelvaysusfotografos.com\/index.php?rest_route=\/wp\/v2\/posts\/5497\/revisions\/5498"}],"wp:featuredmedia":[{"embeddable":true,"href":"https:\/\/www.huelvaysusfotografos.com\/index.php?rest_route=\/wp\/v2\/media\/5499"}],"wp:attachment":[{"href":"https:\/\/www.huelvaysusfotografos.com\/index.php?rest_route=%2Fwp%2Fv2%2Fmedia&parent=5497"}],"wp:term":[{"taxonomy":"category","embeddable":true,"href":"https:\/\/www.huelvaysusfotografos.com\/index.php?rest_route=%2Fwp%2Fv2%2Fcategories&post=5497"},{"taxonomy":"post_tag","embeddable":true,"href":"https:\/\/www.huelvaysusfotografos.com\/index.php?rest_route=%2Fwp%2Fv2%2Ftags&post=5497"}],"curies":[{"name":"wp","href":"https:\/\/api.w.org\/{rel}","templated":true}]}}