{"id":5492,"date":"2019-08-27T16:41:32","date_gmt":"2019-08-27T14:41:32","guid":{"rendered":"http:\/\/www.huelvaysusfotografos.com\/?p=5492"},"modified":"2019-08-27T17:07:13","modified_gmt":"2019-08-27T15:07:13","slug":"manuela-barroso-ganadora-de-la-mejor-foto-de-julio-2019","status":"publish","type":"post","link":"https:\/\/www.huelvaysusfotografos.com\/?p=5492","title":{"rendered":"Manuela Barroso ganadora de la mejor foto de Julio 2019"},"content":{"rendered":"\n<p>Re\u00f1ida este mes el concurso de\nla mejor foto del mes de julio con un doble empate entre Jos\u00e9 Luis Arizmendi y\nManuela Barroso, en el desempate termin\u00f3 como ganadora la fotograf\u00eda de Manuela\nBarroso, enhorabuena y a seguir participando. <\/p>\n\n\n\n<p><em>CONCURSO\nPATROCINADO POR: ELENA S. BALONGA \u2013 FOTOGRAF\u00cdA<\/em><\/p>\n\n\n\n<p>\u00abLA FOTOGRAF\u00cdA GANADORA\nRECIBIR\u00c1 UNA AMPLIACI\u00d3N EN 30\u00d740 MONTADO EN CART\u00d3N PLUMA.\u00bb<\/p>\n\n\n\n<p>Como sab\u00e9is, el concurso tiene\nun car\u00e1cter mensual, al objeto de ir eligiendo \u201cla mejor del mes\u201d al final del\na\u00f1o elegiremos, con las 12 ganadoras, \u201cLa Mejor del a\u00f1o 2019\u2033;.<\/p>\n\n\n\n<p><em>BASES:<\/em><\/p>\n\n\n\n<p>\u2013 Cada participante podr\u00e1 subir\nal hilo una fotograf\u00eda, la cual ha debido ser tomada durante el mes de JULIO\n2019<\/p>\n\n\n\n<p>Se comprobar\u00e1n los datos Exif,\npor lo que estos deben estar abiertos.<\/p>\n\n\n\n<p>\u2013 Las fotograf\u00edas se subir\u00e1n en\ntama\u00f1o 800X600 Y 72 PIXELES, numeradas #1 #2\u2026 <\/p>\n\n\n\n<p>\u2013 El plazo de presentaci\u00f3n para\nla fotograf\u00eda del mes de Agosto ser\u00e1 desde este mismo momento hasta el 20 de Agosto\na las 22:00 Horas.<\/p>\n\n\n\n<p>\u2013 Las votaciones se llevaran a\ncabo del 21 al 25 de Agosto a las 22:00 Horas.<\/p>\n\n\n\n<p>\u2013 Podr\u00e1n votar todos los\nmiembros del grupo; los participantes tienen la obligaci\u00f3n de votar, en caso de\nno hacerlo su foto quedar\u00e1 fuera de concurso. (No podr\u00e1n votarse a s\u00ed mismo).<\/p>\n\n\n\n<p>\u2013 La votaci\u00f3n se har\u00e1 de la\nsiguiente manera: elecci\u00f3n de tres fotos, eje. #5, #12, #30. (el valor es un\npunto para cada una) , por lo que para facilitar el recuento deber\u00e9is votar\ncomo dice el ejemplo en Orden Ascendente.<\/p>\n\n\n\n<p>-En caso de empate, se har\u00e1 una\nvotaci\u00f3n extra, a 7 votos d\u00e1ndole 1 punto a la foto que m\u00e1s nos guste<\/p>\n","protected":false},"excerpt":{"rendered":"<p>Re\u00f1ida este mes el concurso de la mejor foto del mes de julio con un doble empate entre Jos\u00e9 Luis Arizmendi y Manuela Barroso, en el desempate termin\u00f3 como ganadora la fotograf\u00eda de Manuela Barroso, enhorabuena y a seguir participando. CONCURSO PATROCINADO POR: ELENA S. BALONGA \u2013 FOTOGRAF\u00cdA \u00abLA FOTOGRAF\u00cdA GANADORA RECIBIR\u00c1 UNA AMPLIACI\u00d3N EN 30\u00d740 MONTADO EN CART\u00d3N PLUMA.\u00bb Como sab\u00e9is, el concurso tiene un car\u00e1cter mensual, al objeto<\/p>\n<div class=\"belowpost\"><a class=\"btnmore\" href=\"https:\/\/www.huelvaysusfotografos.com\/?p=5492\">Seguir leyendo<\/a><\/div>\n","protected":false},"author":8279,"featured_media":5493,"comment_status":"open","ping_status":"open","sticky":false,"template":"","format":"standard","meta":{"footnotes":"","_links_to":"","_links_to_target":""},"categories":[12],"tags":[],"class_list":["post-5492","post","type-post","status-publish","format-standard","has-post-thumbnail","hentry","category-concursos"],"_links":{"self":[{"href":"https:\/\/www.huelvaysusfotografos.com\/index.php?rest_route=\/wp\/v2\/posts\/5492","targetHints":{"allow":["GET"]}}],"collection":[{"href":"https:\/\/www.huelvaysusfotografos.com\/index.php?rest_route=\/wp\/v2\/posts"}],"about":[{"href":"https:\/\/www.huelvaysusfotografos.com\/index.php?rest_route=\/wp\/v2\/types\/post"}],"author":[{"embeddable":true,"href":"https:\/\/www.huelvaysusfotografos.com\/index.php?rest_route=\/wp\/v2\/users\/8279"}],"replies":[{"embeddable":true,"href":"https:\/\/www.huelvaysusfotografos.com\/index.php?rest_route=%2Fwp%2Fv2%2Fcomments&post=5492"}],"version-history":[{"count":1,"href":"https:\/\/www.huelvaysusfotografos.com\/index.php?rest_route=\/wp\/v2\/posts\/5492\/revisions"}],"predecessor-version":[{"id":5494,"href":"https:\/\/www.huelvaysusfotografos.com\/index.php?rest_route=\/wp\/v2\/posts\/5492\/revisions\/5494"}],"wp:featuredmedia":[{"embeddable":true,"href":"https:\/\/www.huelvaysusfotografos.com\/index.php?rest_route=\/wp\/v2\/media\/5493"}],"wp:attachment":[{"href":"https:\/\/www.huelvaysusfotografos.com\/index.php?rest_route=%2Fwp%2Fv2%2Fmedia&parent=5492"}],"wp:term":[{"taxonomy":"category","embeddable":true,"href":"https:\/\/www.huelvaysusfotografos.com\/index.php?rest_route=%2Fwp%2Fv2%2Fcategories&post=5492"},{"taxonomy":"post_tag","embeddable":true,"href":"https:\/\/www.huelvaysusfotografos.com\/index.php?rest_route=%2Fwp%2Fv2%2Ftags&post=5492"}],"curies":[{"name":"wp","href":"https:\/\/api.w.org\/{rel}","templated":true}]}}