{"id":5467,"date":"2019-07-28T20:33:45","date_gmt":"2019-07-28T18:33:45","guid":{"rendered":"http:\/\/www.huelvaysusfotografos.com\/?p=5467"},"modified":"2019-07-28T20:33:46","modified_gmt":"2019-07-28T18:33:46","slug":"manolo-pacual-premio-a-la-mejor-foto-de-junio","status":"publish","type":"post","link":"https:\/\/www.huelvaysusfotografos.com\/?p=5467","title":{"rendered":"Manolo Pacual, premio a la mejor foto de Junio"},"content":{"rendered":"\n<p>CONCURSO PATROCINADO POR:<br>ELENA S. BALONGA \u2013 FOTOGRAF\u00cdA<\/p>\n\n\n\n<p><br>\u00abLA FOTOGRAF\u00cdA GANADORA RECIBIR\u00c1 UNA AMPLIACI\u00d3N EN 30\u00d740 MONTADO EN CART\u00d3N PLUMA.\u00bb<\/p>\n\n\n\n<p>Como sab\u00e9is, el concurso tiene un car\u00e1cter mensual, al objeto de ir eligiendo \u201cla mejor del mes\u201d al final del a\u00f1o elegiremos, con las 12 ganadoras, \u201cLa Mejor del a\u00f1o 2019\u2033;.<\/p>\n\n\n\n<p>BASES:<\/p>\n\n\n\n<p>\u2013 Cada participante podr\u00e1 subir al hilo una fotograf\u00eda, la cual ha debido ser tomada durante el mes de JUNIO 2019<br>Se comprobar\u00e1n los datos Exif, por lo que estos deben estar abiertos.<\/p>\n\n\n\n<p>\u2013 Las fotograf\u00edas se subir\u00e1n en tama\u00f1o 800X600 Y 72 PIXELES, numeradas #1 #2\u2026&nbsp;<br>\u2013 El plazo de presentaci\u00f3n para la fotograf\u00eda del mes de JUNIO ser\u00e1 desde este mismo momento hasta el 20 de JULIO a las 22:00 Horas.<\/p>\n\n\n\n<p>\u2013 Las votaciones se llevaran a cabo del 21 al 25 de JULIO a las 22:00 Horas.<\/p>\n\n\n\n<p>\u2013 Podr\u00e1n votar todos los miembros del grupo; los participantes tienen la obligaci\u00f3n de votar, en caso de no hacerlo su foto quedar\u00e1 fuera de concurso. (No podr\u00e1n votarse a si mismo).<\/p>\n\n\n\n<p>\u2013 La votaci\u00f3n se har\u00e1 de la siguiente manera: elecci\u00f3n de tres fotos, eje. #5, #12, #30.(el valor es un punto para cada una) , por lo que para facilitar el recuento deber\u00e9is votar como dice el ejemplo en Orden Ascendente.<\/p>\n\n\n\n<p>-En caso de empate, se har\u00e1 una votaci\u00f3n extra, a 7 votos d\u00e1ndole 1 punto a la foto que m\u00e1s nos guste<br><\/p>\n","protected":false},"excerpt":{"rendered":"<p>CONCURSO PATROCINADO POR:ELENA S. BALONGA \u2013 FOTOGRAF\u00cdA \u00abLA FOTOGRAF\u00cdA GANADORA RECIBIR\u00c1 UNA AMPLIACI\u00d3N EN 30\u00d740 MONTADO EN CART\u00d3N PLUMA.\u00bb Como sab\u00e9is, el concurso tiene un car\u00e1cter mensual, al objeto de ir eligiendo \u201cla mejor del mes\u201d al final del a\u00f1o elegiremos, con las 12 ganadoras, \u201cLa Mejor del a\u00f1o 2019\u2033;. BASES: \u2013 Cada participante podr\u00e1 subir al hilo una fotograf\u00eda, la cual ha debido ser tomada durante el mes de<\/p>\n<div class=\"belowpost\"><a class=\"btnmore\" href=\"https:\/\/www.huelvaysusfotografos.com\/?p=5467\">Seguir leyendo<\/a><\/div>\n","protected":false},"author":8279,"featured_media":5468,"comment_status":"open","ping_status":"open","sticky":false,"template":"","format":"standard","meta":{"footnotes":"","_links_to":"","_links_to_target":""},"categories":[12],"tags":[],"class_list":["post-5467","post","type-post","status-publish","format-standard","has-post-thumbnail","hentry","category-concursos"],"_links":{"self":[{"href":"https:\/\/www.huelvaysusfotografos.com\/index.php?rest_route=\/wp\/v2\/posts\/5467","targetHints":{"allow":["GET"]}}],"collection":[{"href":"https:\/\/www.huelvaysusfotografos.com\/index.php?rest_route=\/wp\/v2\/posts"}],"about":[{"href":"https:\/\/www.huelvaysusfotografos.com\/index.php?rest_route=\/wp\/v2\/types\/post"}],"author":[{"embeddable":true,"href":"https:\/\/www.huelvaysusfotografos.com\/index.php?rest_route=\/wp\/v2\/users\/8279"}],"replies":[{"embeddable":true,"href":"https:\/\/www.huelvaysusfotografos.com\/index.php?rest_route=%2Fwp%2Fv2%2Fcomments&post=5467"}],"version-history":[{"count":1,"href":"https:\/\/www.huelvaysusfotografos.com\/index.php?rest_route=\/wp\/v2\/posts\/5467\/revisions"}],"predecessor-version":[{"id":5469,"href":"https:\/\/www.huelvaysusfotografos.com\/index.php?rest_route=\/wp\/v2\/posts\/5467\/revisions\/5469"}],"wp:featuredmedia":[{"embeddable":true,"href":"https:\/\/www.huelvaysusfotografos.com\/index.php?rest_route=\/wp\/v2\/media\/5468"}],"wp:attachment":[{"href":"https:\/\/www.huelvaysusfotografos.com\/index.php?rest_route=%2Fwp%2Fv2%2Fmedia&parent=5467"}],"wp:term":[{"taxonomy":"category","embeddable":true,"href":"https:\/\/www.huelvaysusfotografos.com\/index.php?rest_route=%2Fwp%2Fv2%2Fcategories&post=5467"},{"taxonomy":"post_tag","embeddable":true,"href":"https:\/\/www.huelvaysusfotografos.com\/index.php?rest_route=%2Fwp%2Fv2%2Ftags&post=5467"}],"curies":[{"name":"wp","href":"https:\/\/api.w.org\/{rel}","templated":true}]}}