{"id":5445,"date":"2019-07-13T09:14:38","date_gmt":"2019-07-13T07:14:38","guid":{"rendered":"http:\/\/www.huelvaysusfotografos.com\/?p=5445"},"modified":"2019-07-14T09:16:45","modified_gmt":"2019-07-14T07:16:45","slug":"rally-fotografico-la-luna-de-huelva","status":"publish","type":"post","link":"https:\/\/www.huelvaysusfotografos.com\/?p=5445","title":{"rendered":"Rally Fotogr\u00e1fico \u00abLa Luna de Huelva\u00bb"},"content":{"rendered":"\n<p>EL LUNES COMIENZA EL RALLY FOTOGR\u00c1FICO \u201cLA LUNA DE HUELVA\u201d<br>Coincidiendo con la conmemoraci\u00f3n del 50 aniversario de la llegada del hombre a la Luna, narrada desde TVE por Jes\u00fas Hermida, el Centro de la Comunicaci\u00f3n Jes\u00fas Hermida, la Asociaci\u00f3n de la Prensa de Huelva y las Asociaciones \u201cHuelva y sus Fot\u00f3grafos\u201d y el Club Onubense de Fotograf\u00eda La Luz\u201d han convocado un Rally Fotogr\u00e1fico en el que todos los aficionados que lo deseen puedan realizar fotograf\u00edas que representen los v\u00ednculos entre la Luna y Huelva.<\/p>\n\n\n\n<p>Dichas fotograf\u00edas deber\u00e1n ser realizadas durante los d\u00edas coincidentes con la efem\u00e9rides y con la fase de luna llena, que comienza el pr\u00f3ximo lunes d\u00eda 15 de julio y concluye el d\u00eda 21 del mismo mes.<\/p>\n\n\n\n<p>Todas ellas, ser\u00e1n proyectadas el mes de septiembre en una sesi\u00f3n extraordinaria en el Centro de la Comunicaci\u00f3n Jes\u00fas Hermida, situado en la calle presidente Adolfo Su\u00e1rez, 1 de Huelva, y por votaci\u00f3n libre entre los asistentes al acto ser\u00e1 seleccionada la fotograf\u00eda que se considere que representa mejor \u201cLA LUNA DE HUELVA\u201d para que sea expuesta permanentemente indicando su autor\u00eda, en las instalaciones del Centro donde se encuentran numerosos objetos, documentos y testimonios gr\u00e1ficos, sonoros originales sobre la llegada del hombre a la Luna hace ahora 50 a\u00f1os, pertenecientes al patrimonio de Jes\u00fas Hermida, que narr\u00f3 el acontecimiento desde TVE para millones de personas.<\/p>\n\n\n\n<p>Las im\u00e1genes deber\u00e1n ser obtenidas en Huelva y su provincia, realizadas en formato JPG y se enviar\u00e1n con un tama\u00f1o m\u00e1ximo de 1 mega, aunque la que se elija para ser expuesta como \u201cLA LUNA DE HUELVA\u201d deber\u00e1 entregarse en mayor resoluci\u00f3n para poder imprimirla.<\/p>\n\n\n\n<p>Podr\u00e1n remitirse antes del 10 de agosto a la direcci\u00f3n de correo aphuelva@gmail.com indicando en el asunto: LUNA DE HUELVA, incluyendo el nombre y contacto del autor, as\u00ed como el lugar, d\u00eda y hora en que fueron realizadas.<\/p>\n","protected":false},"excerpt":{"rendered":"<p>EL LUNES COMIENZA EL RALLY FOTOGR\u00c1FICO \u201cLA LUNA DE HUELVA\u201dCoincidiendo con la conmemoraci\u00f3n del 50 aniversario de la llegada del hombre a la Luna, narrada desde TVE por Jes\u00fas Hermida, el Centro de la Comunicaci\u00f3n Jes\u00fas Hermida, la Asociaci\u00f3n de la Prensa de Huelva y las Asociaciones \u201cHuelva y sus Fot\u00f3grafos\u201d y el Club Onubense de Fotograf\u00eda La Luz\u201d han convocado un Rally Fotogr\u00e1fico en el que todos los aficionados<\/p>\n<div class=\"belowpost\"><a class=\"btnmore\" href=\"https:\/\/www.huelvaysusfotografos.com\/?p=5445\">Seguir leyendo<\/a><\/div>\n","protected":false},"author":8279,"featured_media":5446,"comment_status":"open","ping_status":"open","sticky":false,"template":"","format":"standard","meta":{"footnotes":"","_links_to":"","_links_to_target":""},"categories":[4],"tags":[],"class_list":["post-5445","post","type-post","status-publish","format-standard","has-post-thumbnail","hentry","category-actividades"],"_links":{"self":[{"href":"https:\/\/www.huelvaysusfotografos.com\/index.php?rest_route=\/wp\/v2\/posts\/5445","targetHints":{"allow":["GET"]}}],"collection":[{"href":"https:\/\/www.huelvaysusfotografos.com\/index.php?rest_route=\/wp\/v2\/posts"}],"about":[{"href":"https:\/\/www.huelvaysusfotografos.com\/index.php?rest_route=\/wp\/v2\/types\/post"}],"author":[{"embeddable":true,"href":"https:\/\/www.huelvaysusfotografos.com\/index.php?rest_route=\/wp\/v2\/users\/8279"}],"replies":[{"embeddable":true,"href":"https:\/\/www.huelvaysusfotografos.com\/index.php?rest_route=%2Fwp%2Fv2%2Fcomments&post=5445"}],"version-history":[{"count":1,"href":"https:\/\/www.huelvaysusfotografos.com\/index.php?rest_route=\/wp\/v2\/posts\/5445\/revisions"}],"predecessor-version":[{"id":5447,"href":"https:\/\/www.huelvaysusfotografos.com\/index.php?rest_route=\/wp\/v2\/posts\/5445\/revisions\/5447"}],"wp:featuredmedia":[{"embeddable":true,"href":"https:\/\/www.huelvaysusfotografos.com\/index.php?rest_route=\/wp\/v2\/media\/5446"}],"wp:attachment":[{"href":"https:\/\/www.huelvaysusfotografos.com\/index.php?rest_route=%2Fwp%2Fv2%2Fmedia&parent=5445"}],"wp:term":[{"taxonomy":"category","embeddable":true,"href":"https:\/\/www.huelvaysusfotografos.com\/index.php?rest_route=%2Fwp%2Fv2%2Fcategories&post=5445"},{"taxonomy":"post_tag","embeddable":true,"href":"https:\/\/www.huelvaysusfotografos.com\/index.php?rest_route=%2Fwp%2Fv2%2Ftags&post=5445"}],"curies":[{"name":"wp","href":"https:\/\/api.w.org\/{rel}","templated":true}]}}