{"id":5431,"date":"2019-07-04T08:49:05","date_gmt":"2019-07-04T06:49:05","guid":{"rendered":"http:\/\/www.huelvaysusfotografos.com\/?p=5431"},"modified":"2019-07-28T20:29:03","modified_gmt":"2019-07-28T18:29:03","slug":"concurso-tematico-monumentos","status":"publish","type":"post","link":"https:\/\/www.huelvaysusfotografos.com\/?p=5431","title":{"rendered":"Concurso tem\u00e1tico Monumentos"},"content":{"rendered":"\n<p>NORMAS DEL CONCURSO<\/p>\n\n\n\n<p>Una foto por concursante en tama\u00f1o 800X600 Y 72 PPP<br>LA FOTOGRAF\u00cdA GANADORA RECIBIR\u00c1 UNA AMPLIACI\u00d3N EN 30&#215;40<\/p>\n\n\n\n<p>Hasta las 22:00 horas del d\u00eda 20 de JULIO para subir la foto; una vez terminado el plazo se abrir\u00e1n las votaciones que ser\u00e1n a partir de esa hora hasta el 25 de JULIO a las 22:00h.<\/p>\n\n\n\n<p>Puntuaciones: D\u00e1ndole 2 puntos y 1 punto respectivamente a las fotos que m\u00e1s nos gusten.<\/p>\n\n\n\n<p>Aquella persona que participJuan Pedro Garc\u00eda Vizca\u00edno se alza con el premio \u201cBellota de cobre\u201d a la mejor faena.e y no vote ser\u00e1 eliminada.<\/p>\n\n\n\n<p>En caso de empate, se har\u00e1 una votaci\u00f3n extra, a 7 votos d\u00e1ndole 1 punto a la foto que m\u00e1s nos guste .<\/p>\n\n\n\n<p>Aunque no se participe se puede votar.<\/p>\n\n\n\n<p>La participaci\u00f3n presupone el conocimiento y aceptaci\u00f3n de estas normas.<\/p>\n\n\n\n<p>Por favor numerar las fotos subidas..<\/p>\n\n\n\n<p>Suerte!<\/p>\n","protected":false},"excerpt":{"rendered":"<p>NORMAS DEL CONCURSO Una foto por concursante en tama\u00f1o 800X600 Y 72 PPPLA FOTOGRAF\u00cdA GANADORA RECIBIR\u00c1 UNA AMPLIACI\u00d3N EN 30&#215;40 Hasta las 22:00 horas del d\u00eda 20 de JULIO para subir la foto; una vez terminado el plazo se abrir\u00e1n las votaciones que ser\u00e1n a partir de esa hora hasta el 25 de JULIO a las 22:00h. Puntuaciones: D\u00e1ndole 2 puntos y 1 punto respectivamente a las fotos que m\u00e1s<\/p>\n<div class=\"belowpost\"><a class=\"btnmore\" href=\"https:\/\/www.huelvaysusfotografos.com\/?p=5431\">Seguir leyendo<\/a><\/div>\n","protected":false},"author":8279,"featured_media":5335,"comment_status":"open","ping_status":"open","sticky":false,"template":"","format":"standard","meta":{"footnotes":"","_links_to":"","_links_to_target":""},"categories":[12],"tags":[],"class_list":["post-5431","post","type-post","status-publish","format-standard","has-post-thumbnail","hentry","category-concursos"],"_links":{"self":[{"href":"https:\/\/www.huelvaysusfotografos.com\/index.php?rest_route=\/wp\/v2\/posts\/5431","targetHints":{"allow":["GET"]}}],"collection":[{"href":"https:\/\/www.huelvaysusfotografos.com\/index.php?rest_route=\/wp\/v2\/posts"}],"about":[{"href":"https:\/\/www.huelvaysusfotografos.com\/index.php?rest_route=\/wp\/v2\/types\/post"}],"author":[{"embeddable":true,"href":"https:\/\/www.huelvaysusfotografos.com\/index.php?rest_route=\/wp\/v2\/users\/8279"}],"replies":[{"embeddable":true,"href":"https:\/\/www.huelvaysusfotografos.com\/index.php?rest_route=%2Fwp%2Fv2%2Fcomments&post=5431"}],"version-history":[{"count":2,"href":"https:\/\/www.huelvaysusfotografos.com\/index.php?rest_route=\/wp\/v2\/posts\/5431\/revisions"}],"predecessor-version":[{"id":5463,"href":"https:\/\/www.huelvaysusfotografos.com\/index.php?rest_route=\/wp\/v2\/posts\/5431\/revisions\/5463"}],"wp:featuredmedia":[{"embeddable":true,"href":"https:\/\/www.huelvaysusfotografos.com\/index.php?rest_route=\/wp\/v2\/media\/5335"}],"wp:attachment":[{"href":"https:\/\/www.huelvaysusfotografos.com\/index.php?rest_route=%2Fwp%2Fv2%2Fmedia&parent=5431"}],"wp:term":[{"taxonomy":"category","embeddable":true,"href":"https:\/\/www.huelvaysusfotografos.com\/index.php?rest_route=%2Fwp%2Fv2%2Fcategories&post=5431"},{"taxonomy":"post_tag","embeddable":true,"href":"https:\/\/www.huelvaysusfotografos.com\/index.php?rest_route=%2Fwp%2Fv2%2Ftags&post=5431"}],"curies":[{"name":"wp","href":"https:\/\/api.w.org\/{rel}","templated":true}]}}